{"id":616,"date":"2008-05-19T13:52:29","date_gmt":"2008-05-19T12:52:29","guid":{"rendered":"http:\/\/www.caths.cz\/wordpress\/?p=616"},"modified":"2008-05-19T13:52:29","modified_gmt":"2008-05-19T12:52:29","slug":"jachtari-se-zucatnili-zavodu-berlin-cup-a-semaine-olympique-francaise","status":"publish","type":"post","link":"https:\/\/www.caths.cz\/wordpress\/jachtari-se-zucatnili-zavodu-berlin-cup-a-semaine-olympique-francaise\/","title":{"rendered":"Jachta\u0159i se z\u00fa\u010datnili z\u00e1vod\u016f Berlin Cup a Semaine Olympique Francaise"},"content":{"rendered":"<p align=\"justify\">\nZpr\u00e1vy z jachta\u0159sk\u00fdch z\u00e1vod\u016f Berlin Cup a Semaine Olympique Francaise.\n<\/p>\n<p><a href=\"storage\/jachting\/2008BerlinCup.pdf\"><strong>Berlin Cup &#8211; zpr\u00e1va<\/strong><\/a> <\/p>\n<p> <a href=\"storage\/jachting\/2008SemaineOlympiqueFranaise.pdf\"><strong>Semaine Olympique Franaise &#8211; zpr\u00e1va<\/strong><\/a><\/p>\n<p> <img decoding=\"async\" src=\"\/image\/k_clankum\/berlincup.JPG\"><\/a><\/p>\n","protected":false},"excerpt":{"rendered":"<a href=\"https:\/\/www.caths.cz\/wordpress\/jachtari-se-zucatnili-zavodu-berlin-cup-a-semaine-olympique-francaise\/\"><img loading=\"lazy\" decoding=\"async\" width=\"100\" height=\"100\" src=\"https:\/\/www.caths.cz\/wordpress\/wp-content\/plugins\/thumbnail-for-excerpts\/tfe_no_thumb.png\" class=\"alignleft wp-post-image tfe\" alt=\"\" title=\"\" \/><\/a><p>Zpr\u00e1vy z jachta\u0159sk\u00fdch z\u00e1vod\u016f Berlin Cup a Semaine Olympique Francaise. Berlin Cup &#8211; zpr\u00e1va Semaine Olympique Franaise &#8211; zpr\u00e1va<\/p>\n","protected":false},"author":1,"featured_media":0,"comment_status":"closed","ping_status":"closed","sticky":false,"template":"","format":"standard","meta":{"ngg_post_thumbnail":0,"footnotes":""},"categories":[11],"tags":[],"class_list":["post-616","post","type-post","status-publish","format-standard","hentry","category-jachting"],"_links":{"self":[{"href":"https:\/\/www.caths.cz\/wordpress\/wp-json\/wp\/v2\/posts\/616","targetHints":{"allow":["GET"]}}],"collection":[{"href":"https:\/\/www.caths.cz\/wordpress\/wp-json\/wp\/v2\/posts"}],"about":[{"href":"https:\/\/www.caths.cz\/wordpress\/wp-json\/wp\/v2\/types\/post"}],"author":[{"embeddable":true,"href":"https:\/\/www.caths.cz\/wordpress\/wp-json\/wp\/v2\/users\/1"}],"replies":[{"embeddable":true,"href":"https:\/\/www.caths.cz\/wordpress\/wp-json\/wp\/v2\/comments?post=616"}],"version-history":[{"count":0,"href":"https:\/\/www.caths.cz\/wordpress\/wp-json\/wp\/v2\/posts\/616\/revisions"}],"wp:attachment":[{"href":"https:\/\/www.caths.cz\/wordpress\/wp-json\/wp\/v2\/media?parent=616"}],"wp:term":[{"taxonomy":"category","embeddable":true,"href":"https:\/\/www.caths.cz\/wordpress\/wp-json\/wp\/v2\/categories?post=616"},{"taxonomy":"post_tag","embeddable":true,"href":"https:\/\/www.caths.cz\/wordpress\/wp-json\/wp\/v2\/tags?post=616"}],"curies":[{"name":"wp","href":"https:\/\/api.w.org\/{rel}","templated":true}]}}