{"id":615,"date":"2008-05-19T13:27:31","date_gmt":"2008-05-19T12:27:31","guid":{"rendered":"http:\/\/www.caths.cz\/wordpress\/?p=615"},"modified":"2008-05-19T13:27:31","modified_gmt":"2008-05-19T12:27:31","slug":"osmy-rocnik-silnicniho-maratonu-mamut-tour","status":"publish","type":"post","link":"https:\/\/www.caths.cz\/wordpress\/osmy-rocnik-silnicniho-maratonu-mamut-tour\/","title":{"rendered":"Osm\u00fd ro\u010dn\u00edk silni\u010dn\u00edho maratonu Mamut Tour"},"content":{"rendered":"<p align=\"justify\">\nV sobotu 17.5.2008 prob\u011bhl v okol\u00ed P\u0159erova \u00favodn\u00ed z\u00e1vod nejv\u00fdznamn\u011bj\u0161\u00ed \u010desk\u00e9 maratonsk\u00e9 silni\u010dn\u00ed s\u00e9rie Cyklo 53&#215;11 &#8211; Mamut Tour. Na kr\u00e1lovskou, 217 km <\/p>\n<p>dlouhou tra\u0165 v Odersk\u00fdch a Host\u00fdnsk\u00fdch vr\u0161\u00edch vyrazilo 93 z\u00e1vodn\u00edk\u016f, celkov\u011b se z\u00e1vodu v r\u016fzn\u00fdch kategori\u00edch z\u00fa\u010dastnilo v\u00edce ne\u017e 600 cyklist\u016f.\n<\/p>\n<p><img decoding=\"async\" src=\"\/image\/k_clankum\/logo-mamut.gif\"><\/a>  <\/p>\n<p align=\"justify\"> Na start na p\u0159erovsk\u00e9m n\u00e1m\u011bst\u00ed TGM se za ide\u00e1ln\u00edho po\u010das\u00ed postavila kompletn\u00ed \u010desk\u00e1 \u0161pi\u010dka, jezdci z Polska, Ruska, Slovenska a Francie a tak\u00e9 Ji\u0159\u00ed Je\u017eek, paralympijsk\u00fd v\u00edt\u011bz a mistr sv\u011bta s podkolenn\u00ed amputac\u00ed, kter\u00fd z\u00e1vod pojal jako ide\u00e1ln\u00ed p\u0159\u00edpravu na z\u00e1\u0159ijovou paralympi\u00e1du v Pekingu.<br \/> Po\u010detn\u00e9 pole jezdc\u016f na nejdel\u0161\u00ed trati se rozd\u011blilo ji\u017e p\u0159i prvn\u00edm stoup\u00e1n\u00ed na Slavkov a Je\u017eek se prvn\u00edch 90 kilometr\u016f dr\u017eel v \u010dele z\u00e1vodu, ov\u0161em pak ho zastihla sm\u016fla v podob\u011b dvou defekt\u016f, kter\u00e1 ho vy\u0159adila z boje o p\u0159edn\u00ed um\u00edst\u011bn\u00ed. Zbytek n\u00e1ro\u010dn\u00e9 trati pak absolvoval t\u00e9m\u011b\u0159 s\u00f3lovou j\u00edzdou a dokon\u010dil na 25. m\u00edst\u011b, spokojen aspo\u0148 s t\u00edm, \u017ee si zajel kvalitn\u00ed tr\u00e9nink v t\u011b\u017ek\u00e9m, kopcovit\u00e9m ter\u00e9nu. P\u0159ekvapiv\u00fdm v\u00edt\u011bzem se stal Tom\u00e1\u0161 \u010cer z Veloservis teamu.<br \/> Ji\u0159\u00ed Je\u017eek se k velk\u00e9 radosti po\u0159adatel\u016f stal tv\u00e1\u0159\u00ed &#8222;Mamuta&#8220; pro p\u0159\u00ed\u0161t\u00ed ro\u010dn\u00edk a ti ji\u017e nyn\u00ed slibuj\u00ed nejen \u00fa\u010dastn\u00edk\u016fm, ale i div\u00e1k\u016fm 9. ro\u010dn\u00edku mnoho nov\u00fdch p\u0159ekvapen\u00ed. <\/p>\n","protected":false},"excerpt":{"rendered":"<a href=\"https:\/\/www.caths.cz\/wordpress\/osmy-rocnik-silnicniho-maratonu-mamut-tour\/\"><img loading=\"lazy\" decoding=\"async\" width=\"100\" height=\"100\" src=\"https:\/\/www.caths.cz\/wordpress\/wp-content\/plugins\/thumbnail-for-excerpts\/tfe_no_thumb.png\" class=\"alignleft wp-post-image tfe\" alt=\"\" title=\"\" \/><\/a><p>V sobotu 17.5.2008 prob\u011bhl v okol\u00ed P\u0159erova \u00favodn\u00ed z\u00e1vod nejv\u00fdznamn\u011bj\u0161\u00ed \u010desk\u00e9 maratonsk\u00e9 silni\u010dn\u00ed s\u00e9rie Cyklo 53&#215;11 &#8211; Mamut Tour. Na kr\u00e1lovskou, 217 km dlouhou tra\u0165 v Odersk\u00fdch a Host\u00fdnsk\u00fdch vr\u0161\u00edch [&hellip;]<\/p>\n","protected":false},"author":1,"featured_media":0,"comment_status":"closed","ping_status":"closed","sticky":false,"template":"","format":"standard","meta":{"ngg_post_thumbnail":0,"footnotes":""},"categories":[2],"tags":[],"class_list":["post-615","post","type-post","status-publish","format-standard","hentry","category-cyklistika"],"_links":{"self":[{"href":"https:\/\/www.caths.cz\/wordpress\/wp-json\/wp\/v2\/posts\/615","targetHints":{"allow":["GET"]}}],"collection":[{"href":"https:\/\/www.caths.cz\/wordpress\/wp-json\/wp\/v2\/posts"}],"about":[{"href":"https:\/\/www.caths.cz\/wordpress\/wp-json\/wp\/v2\/types\/post"}],"author":[{"embeddable":true,"href":"https:\/\/www.caths.cz\/wordpress\/wp-json\/wp\/v2\/users\/1"}],"replies":[{"embeddable":true,"href":"https:\/\/www.caths.cz\/wordpress\/wp-json\/wp\/v2\/comments?post=615"}],"version-history":[{"count":0,"href":"https:\/\/www.caths.cz\/wordpress\/wp-json\/wp\/v2\/posts\/615\/revisions"}],"wp:attachment":[{"href":"https:\/\/www.caths.cz\/wordpress\/wp-json\/wp\/v2\/media?parent=615"}],"wp:term":[{"taxonomy":"category","embeddable":true,"href":"https:\/\/www.caths.cz\/wordpress\/wp-json\/wp\/v2\/categories?post=615"},{"taxonomy":"post_tag","embeddable":true,"href":"https:\/\/www.caths.cz\/wordpress\/wp-json\/wp\/v2\/tags?post=615"}],"curies":[{"name":"wp","href":"https:\/\/api.w.org\/{rel}","templated":true}]}}