{"id":614,"date":"2008-05-16T12:50:48","date_gmt":"2008-05-16T11:50:48","guid":{"rendered":"http:\/\/www.caths.cz\/wordpress\/?p=614"},"modified":"2008-05-16T12:50:48","modified_gmt":"2008-05-16T11:50:48","slug":"komise-handicapovanych-csc-zverejnila-konecnou-nominaci-pro-paralympiadu-v","status":"publish","type":"post","link":"https:\/\/www.caths.cz\/wordpress\/komise-handicapovanych-csc-zverejnila-konecnou-nominaci-pro-paralympiadu-v\/","title":{"rendered":"Komise handicapovan\u00fdch \u010cSC zve\u0159ejnila kone\u010dnou nominaci pro paralympi\u00e1du v"},"content":{"rendered":"<p align=\"justify\">Presidium \u010cesk\u00e9ho svazu cyklistiky schv\u00e1lilo dne 29.dubna 2008 nominaci na Letn\u00ed paralympijsk\u00e9 hry v Pekingu 2008<\/p>\n<p align=\"justify\">V\u0161ichni nominovan\u00ed jmenovan\u00ed sportovci beze zbytku splnili podm\u00ednky, kter\u00e9 p\u0159edepisuje jak Statut handicapovan\u00e9ho reprezentanta \u010cSC ze dne 17.11.2007, tak i dokument Nomina\u010dn\u00ed krit\u00e9ria na vrcholn\u00e9 sv\u011btov\u00e9 akce (Paralympi\u00e1da, Global Games, MS, ME), pro rok 2008 a l\u00e9ta n\u00e1sleduj\u00edc\u00ed ze dne 10.12.2007 (schv\u00e1leno Presidiem \u010cSC). <\/p>\n<p> <strong>Nominace<\/strong> <\/p>\n<p> Jednotlivci:<br \/> 1. Bou\u0161ka Ji\u0159\u00ed, spasticky posti\u017een\u00fd, bicykl, divize 4 (dr\u00e1ha, silnice)<br \/> 2. Civi\u0161 Radovan, t\u011blesn\u011b posti\u017een\u00fd, handbike, HCB (silnice), chr\u00e1n\u011bn\u00e1 kategorie<br \/> 3. Je\u017eek Ji\u0159\u00ed, t\u011blesn\u011b posti\u017een\u00fd, bicykl, LC2 (dr\u00e1ha, silnice)<br \/> 4. Jirka Lubo\u0161, spasticky posti\u017een\u00fd, bicykl, divize 4 (dr\u00e1ha, silnice)<br \/> 5. Kvasni\u010dka Tom\u00e1\u0161, spasticky posti\u017een\u00fd, bicykl, divize 3 (dr\u00e1ha, silnice)<br \/> 6. Mackov\u00e1 Mark\u00e9ta, spasticky posti\u017een\u00e1, tricykl, divize 2 (silnice), chr\u00e1n\u011bn\u00e1 kategorie<br \/> 7. Pipek Marcel, t\u011blesn\u011b posti\u017een\u00fd, handbike, HCB (silnice), chr\u00e1n\u011bn\u00e1 kategorie<br \/> 8. Winkler Josef, spasticky posti\u017een\u00fd, tricykl, divize 2 (silnice), chr\u00e1n\u011bn\u00e1 kategorie<\/p>\n<p> Team sprint: Bou\u0161ka, Je\u017eek, Kvasni\u010dka, n\u00e1hradn\u00edk: Jirka.<br \/> Pravomoc k ur\u010den\u00ed kone\u010dn\u00e9 sestavy team sprintu podle aktu\u00e1ln\u00ed formy a zdravotn\u00edho stavu z\u00e1vodn\u00edk\u016f na m\u00edst\u011b kon\u00e1n\u00ed bude m\u00edt tren\u00e9r Viktor Zapletal. <\/p>\n<p> Realiza\u010dn\u00ed t\u00fdm:<br \/> Administr\u00e1tor Petr Kroupa<br \/> Tren\u00e9r Viktor Zapletal<br \/> Mechanici Ji\u0159\u00ed Chyba, Milan Pacner, n\u00e1hradn\u00edk: Roman Galat\u00edk<br \/> Fyzioterapeut Jarom\u00edr Li\u0161ka<\/p>\n","protected":false},"excerpt":{"rendered":"<a href=\"https:\/\/www.caths.cz\/wordpress\/komise-handicapovanych-csc-zverejnila-konecnou-nominaci-pro-paralympiadu-v\/\"><img loading=\"lazy\" decoding=\"async\" width=\"100\" height=\"100\" src=\"https:\/\/www.caths.cz\/wordpress\/wp-content\/plugins\/thumbnail-for-excerpts\/tfe_no_thumb.png\" class=\"alignleft wp-post-image tfe\" alt=\"\" title=\"\" \/><\/a><p>Presidium \u010cesk\u00e9ho svazu cyklistiky schv\u00e1lilo dne 29.dubna 2008 nominaci na Letn\u00ed paralympijsk\u00e9 hry v Pekingu 2008 V\u0161ichni nominovan\u00ed jmenovan\u00ed sportovci beze zbytku splnili podm\u00ednky, kter\u00e9 p\u0159edepisuje jak Statut handicapovan\u00e9ho reprezentanta [&hellip;]<\/p>\n","protected":false},"author":1,"featured_media":0,"comment_status":"closed","ping_status":"closed","sticky":false,"template":"","format":"standard","meta":{"ngg_post_thumbnail":0,"footnotes":""},"categories":[2],"tags":[],"class_list":["post-614","post","type-post","status-publish","format-standard","hentry","category-cyklistika"],"_links":{"self":[{"href":"https:\/\/www.caths.cz\/wordpress\/wp-json\/wp\/v2\/posts\/614","targetHints":{"allow":["GET"]}}],"collection":[{"href":"https:\/\/www.caths.cz\/wordpress\/wp-json\/wp\/v2\/posts"}],"about":[{"href":"https:\/\/www.caths.cz\/wordpress\/wp-json\/wp\/v2\/types\/post"}],"author":[{"embeddable":true,"href":"https:\/\/www.caths.cz\/wordpress\/wp-json\/wp\/v2\/users\/1"}],"replies":[{"embeddable":true,"href":"https:\/\/www.caths.cz\/wordpress\/wp-json\/wp\/v2\/comments?post=614"}],"version-history":[{"count":0,"href":"https:\/\/www.caths.cz\/wordpress\/wp-json\/wp\/v2\/posts\/614\/revisions"}],"wp:attachment":[{"href":"https:\/\/www.caths.cz\/wordpress\/wp-json\/wp\/v2\/media?parent=614"}],"wp:term":[{"taxonomy":"category","embeddable":true,"href":"https:\/\/www.caths.cz\/wordpress\/wp-json\/wp\/v2\/categories?post=614"},{"taxonomy":"post_tag","embeddable":true,"href":"https:\/\/www.caths.cz\/wordpress\/wp-json\/wp\/v2\/tags?post=614"}],"curies":[{"name":"wp","href":"https:\/\/api.w.org\/{rel}","templated":true}]}}