{"id":613,"date":"2008-05-15T19:35:30","date_gmt":"2008-05-15T18:35:30","guid":{"rendered":"http:\/\/www.caths.cz\/wordpress\/?p=613"},"modified":"2008-05-15T19:35:30","modified_gmt":"2008-05-15T18:35:30","slug":"autogramiada-jiriho-jezka-a-michaely-zindelove-fotoreportaz","status":"publish","type":"post","link":"https:\/\/www.caths.cz\/wordpress\/autogramiada-jiriho-jezka-a-michaely-zindelove-fotoreportaz\/","title":{"rendered":"Autogrami\u00e1da Ji\u0159\u00edho Je\u017eka a Michaely Zindelov\u00e9 &#8211; fotoreport\u00e1\u017e"},"content":{"rendered":"<p align=\"justify\">Kr\u00e1tk\u00e1 fotoreport\u00e1\u017e za autogrami\u00e1dy Ji\u0159\u00edho Je\u017eka a Michaely Zindelov\u00e9 ke knize &#8222;Frajer&#8220;, kter\u00e1 prob\u011bhla 15.5.2008 v pra\u017esk\u00e9m Pal\u00e1ci knih Luxor.<\/p>\n<p><img decoding=\"async\" src=\"\/image\/k_clankum\/frajerska_autogramiada\/frajerska_autogramiada 014.jpg\"><\/a> <\/p>\n<p> <img decoding=\"async\" src=\"\/image\/k_clankum\/frajerska_autogramiada\/frajerska_autogramiada 035.jpg\"><\/a> <\/p>\n<p> <img decoding=\"async\" src=\"\/image\/k_clankum\/frajerska_autogramiada\/frajerska_autogramiada 036.jpg\"><\/a> <\/p>\n<p> <img decoding=\"async\" src=\"\/image\/k_clankum\/frajerska_autogramiada\/frajerska_autogramiada 040.jpg\"><\/a> <\/p>\n<p> <img decoding=\"async\" src=\"\/image\/k_clankum\/frajerska_autogramiada\/frajerska_autogramiada 052.jpg\"><\/a> <\/p>\n<p> <img decoding=\"async\" src=\"\/image\/k_clankum\/frajerska_autogramiada\/frajerska_autogramiada 053.jpg\"><\/a> <\/p>\n<p> <img decoding=\"async\" src=\"\/image\/k_clankum\/frajerska_autogramiada\/frajerska_autogramiada 068.jpg\"><\/a> <\/p>\n<p> <img decoding=\"async\" src=\"\/image\/k_clankum\/frajerska_autogramiada\/frajerska_autogramiada 086.jpg\"><\/a> <\/p>\n<p> <img decoding=\"async\" src=\"\/image\/k_clankum\/frajerska_autogramiada\/frajerska_autogramiada 095.jpg\"><\/a> <\/p>\n","protected":false},"excerpt":{"rendered":"<a href=\"https:\/\/www.caths.cz\/wordpress\/autogramiada-jiriho-jezka-a-michaely-zindelove-fotoreportaz\/\"><img loading=\"lazy\" decoding=\"async\" width=\"100\" height=\"100\" src=\"https:\/\/www.caths.cz\/wordpress\/wp-content\/plugins\/thumbnail-for-excerpts\/tfe_no_thumb.png\" class=\"alignleft wp-post-image tfe\" alt=\"\" title=\"\" \/><\/a><p>Kr\u00e1tk\u00e1 fotoreport\u00e1\u017e za autogrami\u00e1dy Ji\u0159\u00edho Je\u017eka a Michaely Zindelov\u00e9 ke knize &#8222;Frajer&#8220;, kter\u00e1 prob\u011bhla 15.5.2008 v pra\u017esk\u00e9m Pal\u00e1ci knih Luxor.<\/p>\n","protected":false},"author":1,"featured_media":0,"comment_status":"closed","ping_status":"closed","sticky":false,"template":"","format":"standard","meta":{"ngg_post_thumbnail":0,"footnotes":""},"categories":[8],"tags":[],"class_list":["post-613","post","type-post","status-publish","format-standard","hentry","category-fotoreporty"],"_links":{"self":[{"href":"https:\/\/www.caths.cz\/wordpress\/wp-json\/wp\/v2\/posts\/613","targetHints":{"allow":["GET"]}}],"collection":[{"href":"https:\/\/www.caths.cz\/wordpress\/wp-json\/wp\/v2\/posts"}],"about":[{"href":"https:\/\/www.caths.cz\/wordpress\/wp-json\/wp\/v2\/types\/post"}],"author":[{"embeddable":true,"href":"https:\/\/www.caths.cz\/wordpress\/wp-json\/wp\/v2\/users\/1"}],"replies":[{"embeddable":true,"href":"https:\/\/www.caths.cz\/wordpress\/wp-json\/wp\/v2\/comments?post=613"}],"version-history":[{"count":0,"href":"https:\/\/www.caths.cz\/wordpress\/wp-json\/wp\/v2\/posts\/613\/revisions"}],"wp:attachment":[{"href":"https:\/\/www.caths.cz\/wordpress\/wp-json\/wp\/v2\/media?parent=613"}],"wp:term":[{"taxonomy":"category","embeddable":true,"href":"https:\/\/www.caths.cz\/wordpress\/wp-json\/wp\/v2\/categories?post=613"},{"taxonomy":"post_tag","embeddable":true,"href":"https:\/\/www.caths.cz\/wordpress\/wp-json\/wp\/v2\/tags?post=613"}],"curies":[{"name":"wp","href":"https:\/\/api.w.org\/{rel}","templated":true}]}}