{"id":612,"date":"2008-05-15T10:21:40","date_gmt":"2008-05-15T09:21:40","guid":{"rendered":"http:\/\/www.caths.cz\/wordpress\/?p=612"},"modified":"2008-05-15T10:21:40","modified_gmt":"2008-05-15T09:21:40","slug":"verejnost-ma-moznost-pomerit-sve-sily-s-mistrem-sveta-a-cerstvym-vitezem-sp-jirim-jezkem-pri-silnicnim-cyklomaratonu-mamut-tour","status":"publish","type":"post","link":"https:\/\/www.caths.cz\/wordpress\/verejnost-ma-moznost-pomerit-sve-sily-s-mistrem-sveta-a-cerstvym-vitezem-sp-jirim-jezkem-pri-silnicnim-cyklomaratonu-mamut-tour\/","title":{"rendered":"Ve\u0159ejnost m\u00e1 mo\u017enost pom\u011b\u0159it sv\u00e9 s\u00edly s mistrem sv\u011bta a \u010derstv\u00fdm v\u00edt\u011bzem SP, Ji\u0159\u00edm Je\u017ekem, p\u0159i silni\u010dn\u00edm cyklomaratonu MAMUT TOUR"},"content":{"rendered":"<p align=\"justify\">V sobotu 18. kv\u011btna odstartuje z n\u00e1m\u011bst\u00ed TGM v P\u0159erov\u011b ji\u017e osm\u00fd ro\u010dn\u00edk nejv\u011bt\u0161\u00edho silni\u010dn\u00edho vytrvaleck\u00e9ho podniku konan\u00e9ho na Morav\u011b, tradi\u010dn\u00ed Mamut Tour a p\u00e1t\u00fd ro\u010dn\u00edk jeho bikov\u00e9 obdoby \u2013 Mamut Bike.<\/p>\n<p align=\"justify\"> Silni\u010d\u00e1\u0159i odstartuj\u00ed v 8:00, bike\u0159i v 8:30 a na trati budete moci zm\u011b\u0159it sv\u00e9 s\u00edly i s na\u0161imi nejlep\u0161\u00edmi handicapovan\u00fdmi cyklisty \u2013 zejm\u00e9na s paralympijsk\u00fdm v\u00edt\u011bzem a mistrem sv\u011bta Ji\u0159\u00edm Je\u017ekem a s mlad\u00fdm reprezentantem Radimem Pavl\u00edkem. Na bikov\u00e9 trati pak, v kategorii veter\u00e1n\u016f \ud83d\ude42 , bude z\u00e1vodit i tren\u00e9r cyklistick\u00e9 reprezentace handicapovan\u00fdch, Viktor Zapletal.<br \/> Silni\u010dn\u00ed tra\u0165 s dv\u011bma horsk\u00fdmi pr\u00e9miemi m\u011b\u0159\u00ed 217km, ale pro \u0161irokou skupinu cyklist\u016f s men\u0161\u00ed v\u00fdkonnost\u00ed je p\u0159ipravena i nada\u010dn\u00ed pades\u00e1tikilometrov\u00e1 tra\u0165 s n\u00e1zvem Krtek Tour, na podporu onkologicky nemocn\u00fdm d\u011btem, kterou zvl\u00e1dnou i rodiny s d\u011btmi.<br \/> Na start z\u00e1vodu se krom\u011b na\u0161ich reprezentant\u016f postav\u00ed vytrvalci ze Slovenska, Francie, Polska i Rakouska a p\u0159edn\u00ed \u010de\u0161t\u00ed cyklist\u00e9 z t\u00fdm\u016f Sparty, Dukly Praha, Color Brna, kte\u0159\u00ed budou m\u00edt ve sv\u00e9m st\u0159edu v\u00edt\u011bze lo\u0148sk\u00e9ho ro\u010dn\u00edku, reprezentanta Pavla Zittu.<br \/> Prvn\u00ed jezdce z nejdel\u0161\u00ed trasy m\u016f\u017eeme \u010dekat v c\u00edli na p\u0159erovsk\u00e9m V\u00fdstavi\u0161ti po \u010dtrn\u00e1ct\u00e9 hodin\u011b. V are\u00e1lu V\u00fdstavi\u0161t\u011b bude tak\u00e9 a\u017e do ve\u010dern\u00edch hodin prob\u00edhat doprovodn\u00fd program. <\/p>\n<p> <img decoding=\"async\" src=\"\/image\/k_clankum\/jezek_cihlar.jpg\"><\/a><br \/>ILUSTRA\u010cN\u00cd FOTO: Ji\u0159\u00ed Je\u017eek <\/p>\n","protected":false},"excerpt":{"rendered":"<a href=\"https:\/\/www.caths.cz\/wordpress\/verejnost-ma-moznost-pomerit-sve-sily-s-mistrem-sveta-a-cerstvym-vitezem-sp-jirim-jezkem-pri-silnicnim-cyklomaratonu-mamut-tour\/\"><img loading=\"lazy\" decoding=\"async\" width=\"100\" height=\"100\" src=\"https:\/\/www.caths.cz\/wordpress\/wp-content\/plugins\/thumbnail-for-excerpts\/tfe_no_thumb.png\" class=\"alignleft wp-post-image tfe\" alt=\"\" title=\"\" \/><\/a><p>V sobotu 18. kv\u011btna odstartuje z n\u00e1m\u011bst\u00ed TGM v P\u0159erov\u011b ji\u017e osm\u00fd ro\u010dn\u00edk nejv\u011bt\u0161\u00edho silni\u010dn\u00edho vytrvaleck\u00e9ho podniku konan\u00e9ho na Morav\u011b, tradi\u010dn\u00ed Mamut Tour a p\u00e1t\u00fd ro\u010dn\u00edk jeho bikov\u00e9 obdoby \u2013 [&hellip;]<\/p>\n","protected":false},"author":1,"featured_media":0,"comment_status":"closed","ping_status":"closed","sticky":false,"template":"","format":"standard","meta":{"ngg_post_thumbnail":0,"footnotes":""},"categories":[2],"tags":[],"class_list":["post-612","post","type-post","status-publish","format-standard","hentry","category-cyklistika"],"_links":{"self":[{"href":"https:\/\/www.caths.cz\/wordpress\/wp-json\/wp\/v2\/posts\/612","targetHints":{"allow":["GET"]}}],"collection":[{"href":"https:\/\/www.caths.cz\/wordpress\/wp-json\/wp\/v2\/posts"}],"about":[{"href":"https:\/\/www.caths.cz\/wordpress\/wp-json\/wp\/v2\/types\/post"}],"author":[{"embeddable":true,"href":"https:\/\/www.caths.cz\/wordpress\/wp-json\/wp\/v2\/users\/1"}],"replies":[{"embeddable":true,"href":"https:\/\/www.caths.cz\/wordpress\/wp-json\/wp\/v2\/comments?post=612"}],"version-history":[{"count":0,"href":"https:\/\/www.caths.cz\/wordpress\/wp-json\/wp\/v2\/posts\/612\/revisions"}],"wp:attachment":[{"href":"https:\/\/www.caths.cz\/wordpress\/wp-json\/wp\/v2\/media?parent=612"}],"wp:term":[{"taxonomy":"category","embeddable":true,"href":"https:\/\/www.caths.cz\/wordpress\/wp-json\/wp\/v2\/categories?post=612"},{"taxonomy":"post_tag","embeddable":true,"href":"https:\/\/www.caths.cz\/wordpress\/wp-json\/wp\/v2\/tags?post=612"}],"curies":[{"name":"wp","href":"https:\/\/api.w.org\/{rel}","templated":true}]}}