{"id":611,"date":"2008-05-15T08:14:24","date_gmt":"2008-05-15T07:14:24","guid":{"rendered":"http:\/\/www.caths.cz\/wordpress\/?p=611"},"modified":"2008-05-15T08:14:24","modified_gmt":"2008-05-15T07:14:24","slug":"uzsi-vybor-caths-se-sesel-k-reseni-situace-v-sekci-atletiky","status":"publish","type":"post","link":"https:\/\/www.caths.cz\/wordpress\/uzsi-vybor-caths-se-sesel-k-reseni-situace-v-sekci-atletiky\/","title":{"rendered":"U\u017e\u0161\u00ed v\u00fdbor \u010cATHS se se\u0161el k \u0159e\u0161en\u00ed situace v sekci atletiky"},"content":{"rendered":"<p align=\"justify\">\nU\u017e\u0161\u00ed v\u00fdbor \u010cATHS na sv\u00e9m mimo\u0159\u00e1dn\u00e9m zased\u00e1n\u00ed ve st\u0159edu 14. kv\u011btna 2008 v reakci na otev\u0159en\u00fd dopis \u010d\u00e1sti reprezentant\u016f sekce p\u0159ijal n\u011bkter\u00e9 kroky, kter\u00e9 by m\u011bly v\u00e9st k uklidn\u011bn\u00ed situace v sekci atletiky \u010cATHS:<\/p>\n<p align=\"justify\"> 1) svol\u00e1 spole\u010dnou sch\u016fzi sekce atletiky a u\u017e\u0161\u00edho v\u00fdboru na \u00fater\u00fd 20. kv\u011btna 2008. <\/p>\n<p> 2) Po\u017e\u00e1d\u00e1 Tom\u00e1\u0161e Br\u016fnu, vedouc\u00edho sekce a \u0161\u00e9ftren\u00e9ra, o vyj\u00e1d\u0159en\u00ed k otev\u0159en\u00e9mu dopisu \u010d\u00e1sti reprezentace ze dne 13. kv\u011btna 2008. <\/p>\n<p> 3) U\u017e\u0161\u00ed v\u00fdbor \u010cATHS svol\u00e1 spole\u010dn\u00e9 jedn\u00e1n\u00ed sekce atletiky, u\u017e\u0161\u00edho v\u00fdboru a z\u00e1stupc\u016f reprezentant\u016f na \u010dtvrtek 29. kv\u011btna 2008 od 17:00 hodin na Strahov\u011b. <\/p>\n","protected":false},"excerpt":{"rendered":"<a href=\"https:\/\/www.caths.cz\/wordpress\/uzsi-vybor-caths-se-sesel-k-reseni-situace-v-sekci-atletiky\/\"><img loading=\"lazy\" decoding=\"async\" width=\"100\" height=\"100\" src=\"https:\/\/www.caths.cz\/wordpress\/wp-content\/plugins\/thumbnail-for-excerpts\/tfe_no_thumb.png\" class=\"alignleft wp-post-image tfe\" alt=\"\" title=\"\" \/><\/a><p>U\u017e\u0161\u00ed v\u00fdbor \u010cATHS na sv\u00e9m mimo\u0159\u00e1dn\u00e9m zased\u00e1n\u00ed ve st\u0159edu 14. kv\u011btna 2008 v reakci na otev\u0159en\u00fd dopis \u010d\u00e1sti reprezentant\u016f sekce p\u0159ijal n\u011bkter\u00e9 kroky, kter\u00e9 by m\u011bly v\u00e9st k uklidn\u011bn\u00ed situace [&hellip;]<\/p>\n","protected":false},"author":1,"featured_media":0,"comment_status":"closed","ping_status":"closed","sticky":false,"template":"","format":"standard","meta":{"ngg_post_thumbnail":0,"footnotes":""},"categories":[6],"tags":[],"class_list":["post-611","post","type-post","status-publish","format-standard","hentry","category-caths-info"],"_links":{"self":[{"href":"https:\/\/www.caths.cz\/wordpress\/wp-json\/wp\/v2\/posts\/611","targetHints":{"allow":["GET"]}}],"collection":[{"href":"https:\/\/www.caths.cz\/wordpress\/wp-json\/wp\/v2\/posts"}],"about":[{"href":"https:\/\/www.caths.cz\/wordpress\/wp-json\/wp\/v2\/types\/post"}],"author":[{"embeddable":true,"href":"https:\/\/www.caths.cz\/wordpress\/wp-json\/wp\/v2\/users\/1"}],"replies":[{"embeddable":true,"href":"https:\/\/www.caths.cz\/wordpress\/wp-json\/wp\/v2\/comments?post=611"}],"version-history":[{"count":0,"href":"https:\/\/www.caths.cz\/wordpress\/wp-json\/wp\/v2\/posts\/611\/revisions"}],"wp:attachment":[{"href":"https:\/\/www.caths.cz\/wordpress\/wp-json\/wp\/v2\/media?parent=611"}],"wp:term":[{"taxonomy":"category","embeddable":true,"href":"https:\/\/www.caths.cz\/wordpress\/wp-json\/wp\/v2\/categories?post=611"},{"taxonomy":"post_tag","embeddable":true,"href":"https:\/\/www.caths.cz\/wordpress\/wp-json\/wp\/v2\/tags?post=611"}],"curies":[{"name":"wp","href":"https:\/\/api.w.org\/{rel}","templated":true}]}}