{"id":608,"date":"2008-05-12T12:46:55","date_gmt":"2008-05-12T11:46:55","guid":{"rendered":"http:\/\/www.caths.cz\/wordpress\/?p=608"},"modified":"2008-05-12T12:46:55","modified_gmt":"2008-05-12T11:46:55","slug":"dalsi-tri-medailove-zapisy-ivana-karabce-stolni-teniste-na-turnaji-open-terme-lasko","status":"publish","type":"post","link":"https:\/\/www.caths.cz\/wordpress\/dalsi-tri-medailove-zapisy-ivana-karabce-stolni-teniste-na-turnaji-open-terme-lasko\/","title":{"rendered":"Dal\u0161\u00ed t\u0159i medailov\u00e9 z\u00e1pisy Ivana Karabce &#8211; stoln\u00ed tenist\u00e9 na turnaji Open Terme La\u0161ko"},"content":{"rendered":"<p align=\"justify\">V r\u00e1mci p\u0159\u00edpravy na Paralympijsk\u00e9 hry 2008 v Beijingu startoval v\u00fdb\u011br reprezentace \u010cR t\u011blesn\u011b posti\u017een\u00fdch stoln\u00edch tenist\u016f na mezin\u00e1rodn\u00edm turnaji Slovenia Open Terme La\u0161ko<br \/>\nve slovinsk\u00e9m l\u00e1ze\u0148sk\u00e9m st\u0159edisku v La\u0161ku (29.4.-4.5.). <\/p>\n<p align=\"justify\"> Poprv\u00e9 se letos za mezin\u00e1rodn\u00edmi stoly p\u0159edstavil i nejlep\u0161\u00ed z \u010desk\u00fdch reprezentant\u016f<strong> Ivan Karabec <\/strong>a v\u00fdsledkem byla jeho medailov\u00e1 um\u00edst\u011bn\u00ed ve v\u0161ech t\u0159ech sout\u011b\u017e\u00edch, ve kter\u00fdch startoval. Ve dvouh\u0159e open skon\u010dil t\u0159et\u00ed, kdy\u017e v semifin\u00e1le nesta\u010dil na rakousk\u00e9ho veter\u00e1na Fraczyka, kter\u00fd stav\u011bl na vynikaj\u00edc\u00edm pod\u00e1n\u00ed, j\u00edm\u017e Karabc\u016fv hern\u00ed syst\u00e9m \u00fapln\u011b rozlo\u017eil. V boji o t\u0159et\u00ed m\u00edsto pak Karabec s nadhledem porazil \u0160pan\u011bla Valeru, kter\u00fd se p\u0159edt\u00edm postaral o dv\u011b velk\u00e1 p\u0159ekvapen\u00ed, kdy\u017e vy\u0159adil p\u0159edn\u00ed sv\u011btov\u00e9 hr\u00e1\u010de kategorie 10 Anderssona (\u0160v\u00e9dsko) a Ga\u0161para (Slovensko). <br \/> Ve dvouh\u0159e mu\u017e\u016f kat.10 prohr\u00e1l Karabec a\u017e ve fin\u00e1le s v\u00fdborn\u00fdm \u0160pan\u011blem Ruizem (ten vyhr\u00e1l i open a byl nejlep\u0161\u00edm jednotlivcem na turnaji). Ruiz krom\u011b mimo\u0159\u00e1dn\u011b dobr\u00e9ho pohybu v hrac\u00edm prostoru a \u00faderov\u00e9 jistoty p\u0159idal i na d\u016frazu a z\u016fst\u00e1v\u00e1 jedn\u00edm z v\u00e1\u017en\u00fdch favorit\u016f na paralympijsk\u00fd prim\u00e1t. V sout\u011b\u017ei dru\u017estev mu\u017e\u016f kat.10 se Karabec postaral o druh\u00e9 m\u00edsto reprezentace \u010cR. Byl zcela suver\u00e9nn\u00ed, neprohr\u00e1l ani jednu dvouhru a dok\u00e1zal oplatit prohry z individu\u00e1ln\u00edch sout\u011b\u017e\u00ed Fraczykovi i Ruizovi, co\u017e je hodn\u011b dobr\u00e9 p\u0159ed p\u0159\u00ed\u0161t\u00edmi starty, na nich\u017e si oba jmenovan\u00ed soupe\u0159i nemohou a\u017e tolik v\u011b\u0159it a naopak pro Ivana Karabce p\u0159edchoz\u00ed prohry tolik neznamenaj\u00ed. Nutno dodat, \u017ee do La\u0161ka jel \u010desk\u00fd mistr sv\u011bta 2006 a mistr Evropy 2007 z pln\u00e9ho tr\u00e9ninku bez specializovan\u00e9ho dola\u010fov\u00e1n\u00ed sportovn\u00ed formy, kter\u00e1 by m\u011bla vrcholit a\u017e v Beijingu. <br \/> <strong>Jaroslav Cieslar<\/strong> (kat.9) odvedl v La\u0161ku sv\u016fj velmi solidn\u00ed standard. Ve dvouh\u0159e open p\u0159e\u0161el p\u0159es sv\u00e9ho \u010dast\u00e9ho soupe\u0159e Zboraie (Ma\u010farsko) a zastavil ho a\u017e Pol\u00e1k Powrozniak, hr\u00e1\u010d s v\u00fdrazn\u011b men\u0161\u00edm posti\u017een\u00edm. Ve sv\u00e9 kategorii m\u011bl Cieslar velmi t\u011b\u017ekou skupinu. Hned v \u00favodu prohr\u00e1l 1:3 s novou tv\u00e1\u0159\u00ed, rtu\u0165ovit\u00fdm Pol\u00e1kem Gewertem, jeho\u017e za\u0159azen\u00ed do kategorie 9 bud\u00ed jist\u00e9 rozpaky. Na Fraczyka v\u00fdkonnost Cieslara jednodu\u0161e nesta\u010d\u00ed, v\u00fdhrou nad Vijverbergem (Holandsko), v\u00edt\u011bzem turnaje v Liverpoolu, dos\u00e1hl na t\u0159et\u00ed m\u00edsto ve skupin\u011b, ne ale na postup do z\u00e1v\u011bre\u010dn\u00e9ho play off. V sout\u011b\u017ei dru\u017estev Cieslar velmi dob\u0159e dopl\u0148oval Ivana Karabce, v pr\u016fb\u011bhu sout\u011b\u017ee porazil hr\u00e1\u010de kat.10 Korna (N\u011bmecko) a D.Bereczk\u00e9ho (Ma\u010farsko). Titul dru\u017estvu \u010cR unikl o vl\u00e1sek, za stavu 2:2 ve fin\u00e1lov\u00e9m duelu se \u0160pan\u011blskem vedl Cieslar v posledn\u00ed dvouh\u0159e nad Cardovou 8:4 v p\u00e1t\u00e9m setu, kdy\u017e neprom\u011bnil nahran\u00fd m\u00ed\u010d. N\u00e1sledovala \u00fasp\u011b\u0161n\u00e1 s\u00e9rie \u0160pan\u011bla a\u017e na 8:10. Cieslar dva me\u010dboly odvr\u00e1til, ale nakonec p\u0159ece jen prohr\u00e1l 10:12. <br \/> <strong>Zbyn\u011bk Lambert<\/strong> (kat.7) se nen\u00e1padn\u011b posouv\u00e1 st\u00e1le v\u00fd\u0161e a v\u00fd\u0161e mezi nejlep\u0161\u00ed hr\u00e1\u010de sv\u011bta. V La\u0161ku nejprve ve dvouh\u0159e open sahal po v\u00edt\u011bzstv\u00ed nad Raku\u0161anem Eisenknappem (kat.10), kter\u00e9mu podlehl a\u017e v koncovce p\u00e1t\u00e9ho setu 10:12. Pak ve sv\u00e9 kategorii pro\u0161el p\u0159es Angli\u010dana Karabardaka do \u010dtvrtfin\u00e1le, v n\u011bm\u017e prohr\u00e1l s fam\u00f3zn\u00edm Valerou. S\u00e9rii dal\u0161\u00edch \u00fasp\u011bch\u016f p\u0159ipojil v sout\u011b\u017ei dru\u017estev. Zejm\u00e9na jeho dva body proti N\u011bmecku (Wollmert a Meyer) a historicky prvn\u00ed v\u00fdhra nad \u0160pan\u011blem Moralesem stoj\u00ed za ocen\u011bn\u00ed. Ve fin\u00e1le se \u0160pan\u011blskem vedli hr\u00e1\u010di \u010cR ne\u010dekan\u011b 2:0. Kdy\u017e \u0160pan\u011bl\u00e9 zvl\u00e1dli vyrovnanou \u010dty\u0159hru, dok\u00e1zali v dal\u0161\u00edch dvou dvouhr\u00e1ch strhnout v\u00edt\u011bzstv\u00ed na svou stranu. <br \/> <strong>Daniel Horut<\/strong> (kat.7) je pro PH 2008 v pozici n\u00e1hradn\u00edka, potenci\u00e1l m\u00e1 ale na v\u00edce. Dok\u00e1zal to i v La\u0161ku, kdy\u017e ve fin\u00e1le sout\u011b\u017ee dru\u017estev po skv\u011bl\u00e9m z\u00e1v\u011bru porazil 3:2 vynikaj\u00edc\u00edho Valeru a v n\u011bkolika dal\u0161\u00edch z\u00e1pasech s p\u0159edn\u00edmi sv\u011btov\u00fdmi hr\u00e1\u010di kat.7 hr\u00e1l zcela rovnocenn\u011b. A\u017e se nau\u010d\u00ed v\u00edce uplat\u0148ovat sv\u00e9 p\u0159ednosti, hlavn\u011b forhendov\u00fd topspin, m\u016f\u017ee se je\u0161t\u011b v\u00fdrazn\u011bji prosazovat. Zat\u00edm chod\u00ed \u010dasto daleko od stolu, vyv\u00edj\u00ed nedostate\u010dn\u00fd hern\u00ed tlak, p\u0159enech\u00e1v\u00e1 iniciativu soupe\u0159\u016fm, \u010deho\u017e ti v\u00fdkonn\u011bj\u0161\u00ed dok\u00e1\u017e\u00ed pln\u011b vyu\u017e\u00edt. <br \/> <strong>Jaroslava Jane\u010dkov\u00e1<\/strong> (kat.8) nemohla hr\u00e1t v La\u0161ku sout\u011b\u017e dru\u017estev, proto\u017ee na turnaj\u00edch s faktorem 30 nelze kombinovat dvojice z r\u016fzn\u00fdch zem\u00ed. Ve dvouh\u0159e \u017een open narazila Jane\u010dkov\u00e1 po voln\u00e9m losu hned na pozd\u011bj\u0161\u00ed v\u00edt\u011bzku Turkyni Kavas a podlehla j\u00ed 1:3, ve dvouh\u0159e \u017een kat.8 prohr\u00e1la ve skupin\u011b 1:3 se \u0160v\u00e9dkou Abrahamsson a 2:3 se Slovenkou Barbu\u0161ovou. M\u011bla velmi dobr\u00e9 hern\u00ed momenty, st\u00e1le se ale pot\u00fdk\u00e1 s ujasn\u011bn\u00edm koncepce sv\u00e9 hry, nedok\u00e1\u017ee soupe\u0159k\u00e1m vnutit sv\u00e9 hern\u00ed pojet\u00ed. <\/p>\n<p> P\u0159ed reprezentac\u00ed \u010cR jsou je\u0161t\u011b v prvn\u00ed p\u016fli roku 2008 starty v Pie\u0161\u0165anech (28.5.-1.6.) a v rumunsk\u00e9 Cluji (13.-16.6.). <\/p>\n<p> Jaroslav H\u00fdbner<br \/> reprezenta\u010dn\u00ed tren\u00e9r<\/p>\n","protected":false},"excerpt":{"rendered":"<a href=\"https:\/\/www.caths.cz\/wordpress\/dalsi-tri-medailove-zapisy-ivana-karabce-stolni-teniste-na-turnaji-open-terme-lasko\/\"><img loading=\"lazy\" decoding=\"async\" width=\"100\" height=\"100\" src=\"https:\/\/www.caths.cz\/wordpress\/wp-content\/plugins\/thumbnail-for-excerpts\/tfe_no_thumb.png\" class=\"alignleft wp-post-image tfe\" alt=\"\" title=\"\" \/><\/a><p>V r\u00e1mci p\u0159\u00edpravy na Paralympijsk\u00e9 hry 2008 v Beijingu startoval v\u00fdb\u011br reprezentace \u010cR t\u011blesn\u011b posti\u017een\u00fdch stoln\u00edch tenist\u016f na mezin\u00e1rodn\u00edm turnaji Slovenia Open Terme La\u0161ko ve slovinsk\u00e9m l\u00e1ze\u0148sk\u00e9m st\u0159edisku v La\u0161ku [&hellip;]<\/p>\n","protected":false},"author":1,"featured_media":0,"comment_status":"closed","ping_status":"closed","sticky":false,"template":"","format":"standard","meta":{"ngg_post_thumbnail":0,"footnotes":""},"categories":[19],"tags":[],"class_list":["post-608","post","type-post","status-publish","format-standard","hentry","category-stolni-tenis"],"_links":{"self":[{"href":"https:\/\/www.caths.cz\/wordpress\/wp-json\/wp\/v2\/posts\/608","targetHints":{"allow":["GET"]}}],"collection":[{"href":"https:\/\/www.caths.cz\/wordpress\/wp-json\/wp\/v2\/posts"}],"about":[{"href":"https:\/\/www.caths.cz\/wordpress\/wp-json\/wp\/v2\/types\/post"}],"author":[{"embeddable":true,"href":"https:\/\/www.caths.cz\/wordpress\/wp-json\/wp\/v2\/users\/1"}],"replies":[{"embeddable":true,"href":"https:\/\/www.caths.cz\/wordpress\/wp-json\/wp\/v2\/comments?post=608"}],"version-history":[{"count":0,"href":"https:\/\/www.caths.cz\/wordpress\/wp-json\/wp\/v2\/posts\/608\/revisions"}],"wp:attachment":[{"href":"https:\/\/www.caths.cz\/wordpress\/wp-json\/wp\/v2\/media?parent=608"}],"wp:term":[{"taxonomy":"category","embeddable":true,"href":"https:\/\/www.caths.cz\/wordpress\/wp-json\/wp\/v2\/categories?post=608"},{"taxonomy":"post_tag","embeddable":true,"href":"https:\/\/www.caths.cz\/wordpress\/wp-json\/wp\/v2\/tags?post=608"}],"curies":[{"name":"wp","href":"https:\/\/api.w.org\/{rel}","templated":true}]}}