{"id":607,"date":"2008-05-12T03:42:08","date_gmt":"2008-05-12T02:42:08","guid":{"rendered":"http:\/\/www.caths.cz\/wordpress\/?p=607"},"modified":"2008-05-12T03:42:08","modified_gmt":"2008-05-12T02:42:08","slug":"fotoreportaz-ze-sp-v-cyklistice-v-manchesteru","status":"publish","type":"post","link":"https:\/\/www.caths.cz\/wordpress\/fotoreportaz-ze-sp-v-cyklistice-v-manchesteru\/","title":{"rendered":"Fotoreport\u00e1\u017e ze SP v cyklistice v Manchesteru"},"content":{"rendered":"<p align=\"justify\"> <a href=\"http:\/\/www.caths.cz\/cpg1414\/thumbnails.php? album=16\"><strong>KOMPLETN\u00cd FOTOGALERIE ZDE<\/strong><\/a> <\/p>\n<p> P\u0159esun cyklistick\u00e9ho t\u00fdmu p\u0159ipom\u00edn\u00e1 st\u011bhov\u00e1n\u00ed n\u00e1rod\u016f <br \/> <img decoding=\"async\" src=\"\/image\/k_clankum\/manchester2008\/001.jpg\"><\/a><br \/> \u00dakoly jsou spravedliv\u011b rozd\u011bleny \ud83d\ude42 <br \/> <img decoding=\"async\" src=\"\/image\/k_clankum\/manchester2008\/002.jpg\"><\/a><br \/> V zemi, kde v\u0161ichni jezd\u00ed v protism\u011bru&#8230; <br \/> <img decoding=\"async\" src=\"\/image\/k_clankum\/manchester2008\/003.jpg\"><\/a><br \/> m\u016f\u017eete p\u0159i sv\u011btov\u00e9m poh\u00e1ru potkat z\u00e1vodn\u00edky opravdu z cel\u00e9ho sv\u011bta. <br \/> <img decoding=\"async\" src=\"\/image\/k_clankum\/manchester2008\/004.jpg\"><\/a><br \/> Cyklist\u00e9 ale obvykle poznaj\u00ed tak akor\u00e1t hotel&#8230; <br \/> <img decoding=\"async\" src=\"\/image\/k_clankum\/manchester2008\/005.jpg\"><\/a><br \/> j\u00eddelnu.. <br \/> <img decoding=\"async\" src=\"\/image\/k_clankum\/manchester2008\/006.jpg\"><\/a><br \/> a autobus, kter\u00fdm cestuj\u00ed na velodrom. <br \/> <img decoding=\"async\" src=\"\/image\/k_clankum\/manchester2008\/007.jpg\"><\/a><br \/> Maxim\u00e1ln\u011b p\u0159i tr\u00e9ninku vyjedou do okol\u00ed hotelu. <br \/> <img decoding=\"async\" src=\"\/image\/k_clankum\/manchester2008\/008.jpg\"><\/a><br \/> Jirka Je\u017eek p\u0159edvedl ve st\u00edhac\u00edm z\u00e1vod\u011b skv\u011bl\u00fd v\u00fdkon <br \/> <img decoding=\"async\" src=\"\/image\/k_clankum\/manchester2008\/009.jpg\"><\/a><br \/> a po z\u00e1sluze zv\u00edt\u011bzil <br \/> <img decoding=\"async\" src=\"\/image\/k_clankum\/manchester2008\/010.jpg\"><\/a><br \/> Jirka Bou\u0161ka bojoval o bronz&#8230; <br \/> <img decoding=\"async\" src=\"\/image\/k_clankum\/manchester2008\/011.jpg\"><\/a><br \/> a byl tak\u00e9 \u00fasp\u011b\u0161n\u00fd. <br \/> <img decoding=\"async\" src=\"\/image\/k_clankum\/manchester2008\/012.jpg\"><\/a><br \/> Tom\u00e1\u0161 Kvasni\u010dka.. <br \/> <img decoding=\"async\" src=\"\/image\/k_clankum\/manchester2008\/013.jpg\"><\/a><br \/> i Radim Pavl\u00edk si vylep\u0161ili sv\u00e9 osobn\u00ed rekordy.. <br \/> <img decoding=\"async\" src=\"\/image\/k_clankum\/manchester2008\/014.jpg\"><\/a><br \/> a dru\u017estvo \u010cR potvrdilo v t\u00fdmov\u00e9m sprintu t\u0159et\u00edm m\u00edstem, \u017ee pat\u0159\u00ed do absolutn\u00ed sv\u011btov\u00e9 \u0161pi\u010dky. <br \/> <img decoding=\"async\" src=\"\/image\/k_clankum\/manchester2008\/015.jpg\"><\/a><br \/> K vid\u011bn\u00ed bylo i n\u011bkolik p\u00e1d\u016f <br \/> <img decoding=\"async\" src=\"\/image\/k_clankum\/manchester2008\/016.jpg\"><\/a><br \/> Ve chv\u00edl\u00edch volna mezi jednotliv\u00fdmi discipl\u00ednami je \u010das soupe\u0159e sledovat&#8230; <br \/> <img decoding=\"async\" src=\"\/image\/k_clankum\/manchester2008\/017.jpg\"><\/a><br \/> ..prohodit s nimi n\u011bkolik v\u011bt.. <br \/> <img decoding=\"async\" src=\"\/image\/k_clankum\/manchester2008\/018.jpg\"><\/a><br \/> ..a n\u011bkdy je i zachr\u00e1nit, kdy\u017e se \u0159\u00edt\u00ed na kole bez brzd z kopce do tunelu \ud83d\ude42 <br \/> <img decoding=\"async\" src=\"\/image\/k_clankum\/manchester2008\/019.jpg\"><\/a><br \/> Hlavn\u011b se ale odpo\u010d\u00edv\u00e1, kde se d\u00e1.. <br \/> <img decoding=\"async\" src=\"\/image\/k_clankum\/manchester2008\/020.jpg\"><\/a><br \/> proto\u017ee \u00fanava je velk\u00e1. <br \/> <img decoding=\"async\" src=\"\/image\/k_clankum\/manchester2008\/021.jpg\"><\/a><br \/> V\u0161e je t\u0159eba d\u016fkladn\u011b zdokumentovat. <br \/> <img decoding=\"async\" src=\"\/image\/k_clankum\/manchester2008\/022.jpg\"><\/a><br \/> N\u011bkdy tren\u00e9r mus\u00ed nahradit chyb\u011bj\u00edc\u00edho mechanika. <br \/> <img decoding=\"async\" src=\"\/image\/k_clankum\/manchester2008\/023.jpg\"><\/a><br \/> A kdy\u017e se zv\u00edt\u011bz\u00ed.. <br \/> <img decoding=\"async\" src=\"\/image\/k_clankum\/manchester2008\/024.jpg\"><\/a><br \/> \u010dasto mus\u00ed z\u00e1vodn\u00edk na dopingovou kontrolu. <br \/> <img decoding=\"async\" src=\"\/image\/k_clankum\/manchester2008\/025.jpg\"><\/a> <\/p>\n","protected":false},"excerpt":{"rendered":"<a href=\"https:\/\/www.caths.cz\/wordpress\/fotoreportaz-ze-sp-v-cyklistice-v-manchesteru\/\"><img loading=\"lazy\" decoding=\"async\" width=\"100\" height=\"100\" src=\"https:\/\/www.caths.cz\/wordpress\/wp-content\/plugins\/thumbnail-for-excerpts\/tfe_no_thumb.png\" class=\"alignleft wp-post-image tfe\" alt=\"\" title=\"\" \/><\/a><p>KOMPLETN\u00cd FOTOGALERIE ZDE P\u0159esun cyklistick\u00e9ho t\u00fdmu p\u0159ipom\u00edn\u00e1 st\u011bhov\u00e1n\u00ed n\u00e1rod\u016f \u00dakoly jsou spravedliv\u011b rozd\u011bleny \ud83d\ude42 V zemi, kde v\u0161ichni jezd\u00ed v protism\u011bru&#8230; m\u016f\u017eete p\u0159i sv\u011btov\u00e9m poh\u00e1ru potkat z\u00e1vodn\u00edky opravdu z cel\u00e9ho [&hellip;]<\/p>\n","protected":false},"author":1,"featured_media":0,"comment_status":"closed","ping_status":"closed","sticky":false,"template":"","format":"standard","meta":{"ngg_post_thumbnail":0,"footnotes":""},"categories":[8],"tags":[],"class_list":["post-607","post","type-post","status-publish","format-standard","hentry","category-fotoreporty"],"_links":{"self":[{"href":"https:\/\/www.caths.cz\/wordpress\/wp-json\/wp\/v2\/posts\/607","targetHints":{"allow":["GET"]}}],"collection":[{"href":"https:\/\/www.caths.cz\/wordpress\/wp-json\/wp\/v2\/posts"}],"about":[{"href":"https:\/\/www.caths.cz\/wordpress\/wp-json\/wp\/v2\/types\/post"}],"author":[{"embeddable":true,"href":"https:\/\/www.caths.cz\/wordpress\/wp-json\/wp\/v2\/users\/1"}],"replies":[{"embeddable":true,"href":"https:\/\/www.caths.cz\/wordpress\/wp-json\/wp\/v2\/comments?post=607"}],"version-history":[{"count":0,"href":"https:\/\/www.caths.cz\/wordpress\/wp-json\/wp\/v2\/posts\/607\/revisions"}],"wp:attachment":[{"href":"https:\/\/www.caths.cz\/wordpress\/wp-json\/wp\/v2\/media?parent=607"}],"wp:term":[{"taxonomy":"category","embeddable":true,"href":"https:\/\/www.caths.cz\/wordpress\/wp-json\/wp\/v2\/categories?post=607"},{"taxonomy":"post_tag","embeddable":true,"href":"https:\/\/www.caths.cz\/wordpress\/wp-json\/wp\/v2\/tags?post=607"}],"curies":[{"name":"wp","href":"https:\/\/api.w.org\/{rel}","templated":true}]}}