{"id":606,"date":"2008-05-10T22:15:01","date_gmt":"2008-05-10T21:15:01","guid":{"rendered":"http:\/\/www.caths.cz\/wordpress\/?p=606"},"modified":"2008-05-10T22:15:01","modified_gmt":"2008-05-10T21:15:01","slug":"jiri-jezek-vyhral-svetovy-pohar-v-manchesteru","status":"publish","type":"post","link":"https:\/\/www.caths.cz\/wordpress\/jiri-jezek-vyhral-svetovy-pohar-v-manchesteru\/","title":{"rendered":"Ji\u0159\u00ed Je\u017eek vyhr\u00e1l Sv\u011btov\u00fd poh\u00e1r v Manchesteru"},"content":{"rendered":"<p align=\"justify\">\n<p>V jednom z nejlep\u0161\u00edch \u010das\u016f v\u0161ech dob &#8211; 4:48:642, vyhr\u00e1l Ji\u0159\u00ed Je\u017eek st\u00edhac\u00ed z\u00e1vod na 4 km v Manchesteru a potvrdil tak svou leto\u0161n\u00ed mimo\u0159\u00e1dnou formu.<\/p>\n<p align=\"justify\"> <img decoding=\"async\" src=\"\/image\/k_clankum\/jezek_manchester.jpg\"><\/a><\/p>\n<p> Sv\u011btov\u00fd poh\u00e1r v Manchesteru se odli\u0161uje o b\u011b\u017en\u00fdch cyklistick\u00fdch z\u00e1vod\u016f t\u00edm, \u017ee se zde slu\u010duj\u00ed jednotliv\u00e9 kategorie handicap\u016f do pouh\u00fdch dvou z\u00e1vodn\u00edch kategori\u00ed. O p\u0159edn\u00ed um\u00edst\u011bn\u00ed tak vlastn\u011b bojuj\u00ed pouze ti nejlep\u0161\u00ed cyklist\u00e9 z cel\u00e9ho sv\u011bta, v\u00edcem\u00e9n\u011b bez rozd\u00edlu handicap\u016f. T\u00edm v\u011bt\u0161\u00ed v\u00e1hu a v\u00fdznam m\u00e1 \u00fasp\u011bch Jirky Je\u017eka ve st\u00edhac\u00edm z\u00e1vod\u011b jednotlivc\u016f.<br \/> P\u0159i fin\u00e1lov\u00e9 j\u00edzd\u011b st\u00edhac\u00edho z\u00e1vodu s mistrem sv\u011bta a paralympijsk\u00fdm medailistou kategorie LC1 Wolfgangem Sacherem si Jirka kr\u00e1tce po startu vytvo\u0159il p\u0159ibli\u017en\u011b 4 sekundov\u00fd n\u00e1skok, kter\u00fd pak udr\u017eel a\u017e do c\u00edle.<br \/><em> \u201eByl to docela t\u011b\u017ek\u00fd den. Rann\u00ed kvalifikace st\u00edha\u010dky na 4km, po poledni fin\u00e1le z\u00e1vodu na 1km s pevn\u00fdm startem a 35 minut pot\u00e9 m\u011b \u010dekalo fin\u00e1le st\u00edha\u010dky. Ale d\u00edky skv\u011bl\u00e9 jarn\u00ed p\u0159\u00edprav\u011b se mi i po takto n\u00e1ro\u010dn\u00e9m programu jelo skv\u011ble a v\u00fdsledn\u00fd \u010das je pro m\u011b zlep\u0161en\u00edm osobn\u00edho rekordu t\u00e9m\u011b\u0159 o 4 sekundy! Vlastn\u011b i v z\u00e1vod\u011b na 1km jsem si ud\u011blal nov\u00fd osobn\u00ed rekord. Sv\u011btov\u00fd poh\u00e1r v Manchesteru byl pro n\u00e1s d\u016fle\u017eit\u00fdm testem speci\u00e1ln\u00ed tr\u00e9ninkov\u00e9 p\u0159\u00edpravy, kterou bychom cht\u011bli zopakovat p\u0159ed Pekingem. Mysl\u00edm, \u017ee test to byl \u00fasp\u011b\u0161n\u00fd :-)!\u201c <\/em>komentoval sv\u016fj v\u00fdkon Jirka. <br \/> Dal\u0161\u00ed medaili vybojoval pro \u010ceskou republiku Ji\u0159\u00ed Bou\u0161ka, kter\u00fd v \u201emal\u00e9m\u201c fin\u00e1le st\u00edhac\u00edho z\u00e1vodu na 3 km porazil francouzsk\u00e9ho mistra sv\u011bta a paralympijsk\u00e9ho medailistu Alcaina. <br \/> Neztratili se ani dal\u0161\u00ed na\u0161i cyklist\u00e9, Radim Pavl\u00edk a junior Tom\u00e1\u0161 Kvasni\u010dka, kte\u0159\u00ed si vytvo\u0159ili osobn\u00ed rekordy ve v\u0161ech discipl\u00edn\u00e1ch ve kter\u00fdch startovali a t\u011bmito \u010dasy z\u00e1rove\u0148 vytvo\u0159ili i nov\u00e9 rekordy \u010cesk\u00e9 republiky pro kategorie LC1 a CP3 (viz. v\u00fdsledkov\u00e1 listina).<br \/> Druh\u00fd den byl pro na\u0161e cyklisty nem\u00e9n\u011b v\u00fdznamn\u00fd. Do z\u00e1vodu t\u00fdmov\u00e9ho sprintu nastupovali v pozici t\u0159et\u00edho t\u00fdmu sv\u011bta a m\u011bli mo\u017enost porovnat svou sou\u010dasnou v\u00fdkonnost v absolutn\u00ed sv\u011btov\u00e9 konkurenci.<br \/> Tom\u00e1\u0161 Kvasni\u010dka, Ji\u0159\u00ed Je\u017eek a Ji\u0159\u00ed Bou\u0161ka uk\u00e1zali svou s\u00edlu ji\u017e v kvalifika\u010dn\u00ed rozj\u00ed\u017e\u010fce, kdy \u010dasem 53:342 p\u0159ekonali \u010desk\u00fd rekord z minul\u00e9ho roku v Bordeaux. Tento \u010das jim sta\u010dil \u201epouze na mal\u00e9 fin\u00e1le\u201c a tedy boj o bronzovou medaili. Do z\u00e1vodu o zlatou medaili nastoupili Angli\u010dan\u00e9, kte\u0159\u00ed ji\u017e v rozj\u00ed\u017e\u010fce p\u0159ekonali sv\u011btov\u00fd rekord a \u010c\u00edna. <br \/> V boji o bronz bylo na\u0161\u00edm soupe\u0159em N\u011bmecko, mist\u0159i sv\u011bta z Aigle 2006. \u010cesk\u00e9 trio ve vynikaj\u00edc\u00edm z\u00e1vod\u011b nedalo N\u011bmc\u016fm \u017e\u00e1dnou \u0161anci a od prvn\u00edch metr\u016f se ujalo veden\u00ed, kter\u00e9 postupn\u011b zvy\u0161ovalo a\u017e do c\u00edle. V\u00fdsledn\u00fd \u010das 52:911 je dal\u0161\u00edm vylep\u0161en\u00edm \u010desk\u00e9ho rekordu a z\u00e1rove\u0148 jsme teprve t\u0159et\u00ed zem\u00ed sv\u011bta, kter\u00e9 se poda\u0159ili p\u0159ekonat hranici 53 sekund.<br \/> Ve fin\u00e1lov\u00e9 j\u00edzd\u011b Anglie porazila \u010c\u00ednu, kdy\u017e dom\u00e1c\u00ed t\u00fdm op\u011bt p\u0159ekonal \u010das sv\u011btov\u00e9ho rekordu.<br \/><em> \u201ePotvrdili jsme na\u0161\u00ed sv\u011btovou pozici v team sprintu. S \u010dasem jsem celkem spokojen\u00fd i kdy\u017e mo\u017enosti tohoto tria jsou je\u0161t\u011b mnohem v\u011bt\u0161\u00ed. M\u00e1me rezervy o kter\u00fdch dob\u0159e v\u00edme, m\u00e1me dost \u010dasu na jejich odstran\u011bn\u00ed a v\u011b\u0159\u00edm, \u017ee se n\u00e1m je do z\u00e1vodu v Pekingu poda\u0159\u00ed eliminovat. V\u0161e je zalo\u017een\u00e9 na perfektn\u00edm startu Toma, t\u011b\u017e\u00edme z nejsiln\u011bj\u0161\u00edho sou\u010dasn\u00e9ho \u201emotoru\u201c sv\u011bta v pod\u00e1n\u00ed Jirky Je\u017eka, kter\u00fd prakticky cel\u00e9 druh\u00e9 kolo je\u0161t\u011b rychlost navy\u0161uje a vytv\u00e1\u0159\u00ed tak co nejrychlej\u0161\u00ed pozici pro Jirku Bou\u0161ku, kter\u00fd m\u00e1 za \u00fakol tuto rychlost udr\u017eet.\u201c <\/em>up\u0159es\u0148uje v\u00fdkon sv\u00fdch sv\u011b\u0159enc\u016f reprezenta\u010dn\u00ed tren\u00e9r Viktor Zapletal. <\/p>\n<p> <strong>V\u00ddSLEDKY: <\/strong><\/p>\n<p> <a href=\"storage\/cyklistika\/manchester_vysledky\/e1r.pdf\">st\u00edhac\u00ed z\u00e1vod 4km (LC1\/2) kvalifikace<\/a> <br \/> <a href=\"storage\/cyklistika\/manchester_vysledky\/e12r.pdf\">st\u00edhac\u00ed z\u00e1vod 4km (LC1\/2) fin\u00e1le<\/a> <br \/> <a href=\"storage\/cyklistika\/manchester_vysledky\/e2r.pdf\">st\u00edhac\u00ed z\u00e1vod 3km (LC3\/4, CP3\/4) kvalifikace<\/a> <br \/> <a href=\"storage\/cyklistika\/manchester_vysledky\/e13r.pdf\">st\u00edhac\u00ed z\u00e1vod 3km (LC3\/4, CP3\/4) fin\u00e1le<\/a> <br \/> <a href=\"storage\/cyklistika\/manchester_vysledky\/e10r.pdf\">1km fin\u00e1le (LC1\/2, CP4)<\/a> <br \/> <a href=\"storage\/cyklistika\/manchester_vysledky\/e11r.pdf\">1km fin\u00e1le (LC3\/4, CP3)<\/a> <br \/> <a href=\"storage\/cyklistika\/manchester_vysledky\/e24r.pdf\">team sprint kvalifikace<\/a> <br \/> <a href=\"storage\/cyklistika\/manchester_vysledky\/e33r.pdf\">team sprint fin\u00e1le<\/a> <\/p>\n","protected":false},"excerpt":{"rendered":"<a href=\"https:\/\/www.caths.cz\/wordpress\/jiri-jezek-vyhral-svetovy-pohar-v-manchesteru\/\"><img loading=\"lazy\" decoding=\"async\" width=\"100\" height=\"100\" src=\"https:\/\/www.caths.cz\/wordpress\/wp-content\/plugins\/thumbnail-for-excerpts\/tfe_no_thumb.png\" class=\"alignleft wp-post-image tfe\" alt=\"\" title=\"\" \/><\/a><p>V jednom z nejlep\u0161\u00edch \u010das\u016f v\u0161ech dob &#8211; 4:48:642, vyhr\u00e1l Ji\u0159\u00ed Je\u017eek st\u00edhac\u00ed z\u00e1vod na 4 km v Manchesteru a potvrdil tak svou leto\u0161n\u00ed mimo\u0159\u00e1dnou formu. Sv\u011btov\u00fd poh\u00e1r v Manchesteru [&hellip;]<\/p>\n","protected":false},"author":1,"featured_media":0,"comment_status":"closed","ping_status":"closed","sticky":false,"template":"","format":"standard","meta":{"ngg_post_thumbnail":0,"footnotes":""},"categories":[2],"tags":[],"class_list":["post-606","post","type-post","status-publish","format-standard","hentry","category-cyklistika"],"_links":{"self":[{"href":"https:\/\/www.caths.cz\/wordpress\/wp-json\/wp\/v2\/posts\/606","targetHints":{"allow":["GET"]}}],"collection":[{"href":"https:\/\/www.caths.cz\/wordpress\/wp-json\/wp\/v2\/posts"}],"about":[{"href":"https:\/\/www.caths.cz\/wordpress\/wp-json\/wp\/v2\/types\/post"}],"author":[{"embeddable":true,"href":"https:\/\/www.caths.cz\/wordpress\/wp-json\/wp\/v2\/users\/1"}],"replies":[{"embeddable":true,"href":"https:\/\/www.caths.cz\/wordpress\/wp-json\/wp\/v2\/comments?post=606"}],"version-history":[{"count":0,"href":"https:\/\/www.caths.cz\/wordpress\/wp-json\/wp\/v2\/posts\/606\/revisions"}],"wp:attachment":[{"href":"https:\/\/www.caths.cz\/wordpress\/wp-json\/wp\/v2\/media?parent=606"}],"wp:term":[{"taxonomy":"category","embeddable":true,"href":"https:\/\/www.caths.cz\/wordpress\/wp-json\/wp\/v2\/categories?post=606"},{"taxonomy":"post_tag","embeddable":true,"href":"https:\/\/www.caths.cz\/wordpress\/wp-json\/wp\/v2\/tags?post=606"}],"curies":[{"name":"wp","href":"https:\/\/api.w.org\/{rel}","templated":true}]}}