{"id":605,"date":"2008-05-05T23:07:31","date_gmt":"2008-05-05T22:07:31","guid":{"rendered":"http:\/\/www.caths.cz\/wordpress\/?p=605"},"modified":"2008-05-05T23:07:31","modified_gmt":"2008-05-05T22:07:31","slug":"posledni-jarni-turnaj-v-curlingu-vozickaru-bude-v-brne","status":"publish","type":"post","link":"https:\/\/www.caths.cz\/wordpress\/posledni-jarni-turnaj-v-curlingu-vozickaru-bude-v-brne\/","title":{"rendered":"Posledn\u00ed jarn\u00ed turnaj v curlingu voz\u00ed\u010dk\u00e1\u0159\u016f bude v Brn\u011b"},"content":{"rendered":"<p align=\"justify\">V \u00fater\u00fd 13.5. se v Brn\u011b uskute\u010dn\u00ed posledn\u00ed turnaj jarn\u00ed \u010d\u00e1sti curlingov\u00e9 sez\u00f3ny \u2013 2. n\u00e1rodn\u00ed turnaj \u2013 Curling Mix Handicap Open Festival. Po\u0159adatelsk\u00fdm odd\u00edlem je SK Koci\u00e1nka Brno, lo\u0148sk\u00e9 v\u00edt\u011bzstv\u00ed bude obhajovat SK Nov\u00e9 M\u011bsto nad Metuj\u00ed.<\/p>\n","protected":false},"excerpt":{"rendered":"<a href=\"https:\/\/www.caths.cz\/wordpress\/posledni-jarni-turnaj-v-curlingu-vozickaru-bude-v-brne\/\"><img loading=\"lazy\" decoding=\"async\" width=\"100\" height=\"100\" src=\"https:\/\/www.caths.cz\/wordpress\/wp-content\/plugins\/thumbnail-for-excerpts\/tfe_no_thumb.png\" class=\"alignleft wp-post-image tfe\" alt=\"\" title=\"\" \/><\/a><p>V \u00fater\u00fd 13.5. se v Brn\u011b uskute\u010dn\u00ed posledn\u00ed turnaj jarn\u00ed \u010d\u00e1sti curlingov\u00e9 sez\u00f3ny \u2013 2. n\u00e1rodn\u00ed turnaj \u2013 Curling Mix Handicap Open Festival. Po\u0159adatelsk\u00fdm odd\u00edlem je SK Koci\u00e1nka Brno, lo\u0148sk\u00e9 [&hellip;]<\/p>\n","protected":false},"author":1,"featured_media":0,"comment_status":"closed","ping_status":"closed","sticky":false,"template":"","format":"standard","meta":{"ngg_post_thumbnail":0,"footnotes":""},"categories":[7],"tags":[],"class_list":["post-605","post","type-post","status-publish","format-standard","hentry","category-curling"],"_links":{"self":[{"href":"https:\/\/www.caths.cz\/wordpress\/wp-json\/wp\/v2\/posts\/605","targetHints":{"allow":["GET"]}}],"collection":[{"href":"https:\/\/www.caths.cz\/wordpress\/wp-json\/wp\/v2\/posts"}],"about":[{"href":"https:\/\/www.caths.cz\/wordpress\/wp-json\/wp\/v2\/types\/post"}],"author":[{"embeddable":true,"href":"https:\/\/www.caths.cz\/wordpress\/wp-json\/wp\/v2\/users\/1"}],"replies":[{"embeddable":true,"href":"https:\/\/www.caths.cz\/wordpress\/wp-json\/wp\/v2\/comments?post=605"}],"version-history":[{"count":0,"href":"https:\/\/www.caths.cz\/wordpress\/wp-json\/wp\/v2\/posts\/605\/revisions"}],"wp:attachment":[{"href":"https:\/\/www.caths.cz\/wordpress\/wp-json\/wp\/v2\/media?parent=605"}],"wp:term":[{"taxonomy":"category","embeddable":true,"href":"https:\/\/www.caths.cz\/wordpress\/wp-json\/wp\/v2\/categories?post=605"},{"taxonomy":"post_tag","embeddable":true,"href":"https:\/\/www.caths.cz\/wordpress\/wp-json\/wp\/v2\/tags?post=605"}],"curies":[{"name":"wp","href":"https:\/\/api.w.org\/{rel}","templated":true}]}}