{"id":604,"date":"2008-05-05T22:43:33","date_gmt":"2008-05-05T21:43:33","guid":{"rendered":"http:\/\/www.caths.cz\/wordpress\/?p=604"},"modified":"2008-05-05T22:43:33","modified_gmt":"2008-05-05T21:43:33","slug":"atleticka-sekce-caths-se-v-patek-2542008-sesla-v-pardubicich-na-sve-ustavujici-schuzi","status":"publish","type":"post","link":"https:\/\/www.caths.cz\/wordpress\/atleticka-sekce-caths-se-v-patek-2542008-sesla-v-pardubicich-na-sve-ustavujici-schuzi\/","title":{"rendered":"Atletick\u00e1 sekce \u010cATHS se v p\u00e1tek 25.4.2008 se\u0161la v Pardubic\u00edch na sv\u00e9 ustavuj\u00edc\u00ed sch\u016fzi"},"content":{"rendered":"<p align=\"justify\"> Ji\u017e d\u0159\u00edve byl v\u00fdkonn\u00fdm v\u00fdborem \u010cATHS pov\u011b\u0159en Tom\u00e1\u0161 Br\u016fna sestaven\u00edm sekce a pot\u00e9 jej\u00edm veden\u00edm. Z d\u016fvodu pracovn\u00edho vyt\u00ed\u017een\u00ed jednotliv\u00fdch navr\u017een\u00fdch \u010dlen\u016f sekce se v\u0161ak mohlo ustavuj\u00edc\u00ed jedn\u00e1n\u00ed uskute\u010dnit a\u017e minul\u00fd t\u00fdden.<\/p>\n<p> <strong>Person\u00e1ln\u00ed obsazen\u00ed:<\/strong><\/p>\n<p> <strong>Tom\u00e1\u0161 Br\u016fna<\/strong>, p\u0159edseda sekce, vedouc\u00ed tren\u00e9r a tren\u00e9r stoj\u00edc\u00edch vrha\u010d\u016f <br \/> <strong>Vlasta Hofmanov\u00e1<\/strong>, tren\u00e9rka vrha\u010d\u016f voz\u00ed\u010dk\u00e1\u0159\u016f<br \/> <strong>Stanislav Len\u00ed\u010dek<\/strong>, tren\u00e9r skok\u016f a sprint\u016f<br \/> <strong>Zden\u011bk P\u0159\u00edvratsk\u00fd<\/strong>, tren\u00e9r b\u011bh\u016f a voz\u00ed\u010dk\u00e1\u0159\u016f-j\u00edzda\u0159\u016f<br \/> <strong>Jana Kuncov\u00e1<\/strong>, fyzioterapeutka, klasifikace, anti-doping <\/p>\n<p> Hostem jedn\u00e1n\u00ed byl David \u0160najdr, \u010dlen v\u00fdboru \u010cATHS.<\/p>\n<p> Sekce se zab\u00fdvala p\u0159edev\u0161\u00edm z\u00e1kladn\u00edmi oblastmi sv\u00e9 pr\u00e1ce mj. st\u00e1vaj\u00edc\u00ed \u010dlenskou z\u00e1kladnou sekce, n\u00e1borem nov\u00fdch adept\u016f kr\u00e1lovny sportu se zam\u011b\u0159en\u00edm na zastoupen\u00ed v\u0161ech stup\u0148\u016f posti\u017een\u00ed a v\u0161ech discipl\u00edn paralympijsk\u00e9 atletiky; reprezentac\u00ed, d\u00e1le rozpo\u010dtem, kalend\u00e1\u0159em na leto\u0161n\u00ed rok, p\u0159\u00edpravou na XIII. letn\u00ed paralympijsk\u00e9 hry v Pekingu (vybaven\u00edm a nominacemi sportovc\u016f i doprovod\u016f), a obsazen\u00edm postu kapit\u00e1na reprezenta\u010dn\u00edho dru\u017estva, kter\u00fd by doplnil slo\u017een\u00ed sekce. <br \/> V r\u00e1mci diskuze o kalend\u00e1\u0159i 2008 sekce zam\u00edtla n\u00e1vrh SKP Hv\u011bzda Pardubice na uspo\u0159\u00e1d\u00e1n\u00ed M\u010cR ve vrz\u00edch voz\u00ed\u010dk\u00e1\u0159\u016f. Dom\u00e1c\u00ed \u0161ampion\u00e1t se tak v leto\u0161n\u00edm roce neuskute\u010dn\u00ed.<br \/> Sekce schv\u00e1lila postup volby kapit\u00e1na reprezenta\u010dn\u00edho dru\u017estva. Volba se uskute\u010dn\u00ed elektronickou po\u0161tou a jej\u00ed v\u00fdsledek bude vyhl\u00e1\u0161en na 1. kole \u010cP ve vrz\u00edch voz\u00ed\u010dk\u00e1\u0159\u016f 8. kv\u011btna v Pardubic\u00edch. <\/p>\n<p> \/dD\/<\/p>\n<p><b>Term\u00edn zve\u0159ejn\u011bn\u00ed v\u00fdsledku volby kapit\u00e1na sekce atletiky se z d\u016fvodu p\u0159\u00edli\u0161 kr\u00e1tk\u00e9ho term\u00ednu pro volbu p\u0159esouv\u00e1 na term\u00edn 24.5.2008, kdy se kon\u00e1 dal\u0161\u00ed kolo \u010cP v Olomouci.<\/b> <\/p>\n","protected":false},"excerpt":{"rendered":"<a href=\"https:\/\/www.caths.cz\/wordpress\/atleticka-sekce-caths-se-v-patek-2542008-sesla-v-pardubicich-na-sve-ustavujici-schuzi\/\"><img loading=\"lazy\" decoding=\"async\" width=\"100\" height=\"100\" src=\"https:\/\/www.caths.cz\/wordpress\/wp-content\/plugins\/thumbnail-for-excerpts\/tfe_no_thumb.png\" class=\"alignleft wp-post-image tfe\" alt=\"\" title=\"\" \/><\/a><p>Ji\u017e d\u0159\u00edve byl v\u00fdkonn\u00fdm v\u00fdborem \u010cATHS pov\u011b\u0159en Tom\u00e1\u0161 Br\u016fna sestaven\u00edm sekce a pot\u00e9 jej\u00edm veden\u00edm. Z d\u016fvodu pracovn\u00edho vyt\u00ed\u017een\u00ed jednotliv\u00fdch navr\u017een\u00fdch \u010dlen\u016f sekce se v\u0161ak mohlo ustavuj\u00edc\u00ed jedn\u00e1n\u00ed uskute\u010dnit a\u017e [&hellip;]<\/p>\n","protected":false},"author":1,"featured_media":0,"comment_status":"closed","ping_status":"closed","sticky":false,"template":"","format":"standard","meta":{"ngg_post_thumbnail":0,"footnotes":""},"categories":[5],"tags":[],"class_list":["post-604","post","type-post","status-publish","format-standard","hentry","category-atletika"],"_links":{"self":[{"href":"https:\/\/www.caths.cz\/wordpress\/wp-json\/wp\/v2\/posts\/604","targetHints":{"allow":["GET"]}}],"collection":[{"href":"https:\/\/www.caths.cz\/wordpress\/wp-json\/wp\/v2\/posts"}],"about":[{"href":"https:\/\/www.caths.cz\/wordpress\/wp-json\/wp\/v2\/types\/post"}],"author":[{"embeddable":true,"href":"https:\/\/www.caths.cz\/wordpress\/wp-json\/wp\/v2\/users\/1"}],"replies":[{"embeddable":true,"href":"https:\/\/www.caths.cz\/wordpress\/wp-json\/wp\/v2\/comments?post=604"}],"version-history":[{"count":0,"href":"https:\/\/www.caths.cz\/wordpress\/wp-json\/wp\/v2\/posts\/604\/revisions"}],"wp:attachment":[{"href":"https:\/\/www.caths.cz\/wordpress\/wp-json\/wp\/v2\/media?parent=604"}],"wp:term":[{"taxonomy":"category","embeddable":true,"href":"https:\/\/www.caths.cz\/wordpress\/wp-json\/wp\/v2\/categories?post=604"},{"taxonomy":"post_tag","embeddable":true,"href":"https:\/\/www.caths.cz\/wordpress\/wp-json\/wp\/v2\/tags?post=604"}],"curies":[{"name":"wp","href":"https:\/\/api.w.org\/{rel}","templated":true}]}}