{"id":602,"date":"2008-05-05T00:04:28","date_gmt":"2008-05-04T23:04:28","guid":{"rendered":"http:\/\/www.caths.cz\/wordpress\/?p=602"},"modified":"2008-05-05T00:04:28","modified_gmt":"2008-05-04T23:04:28","slug":"nejlepsi-handicapovani-sportovci-sveta-se-chystaji-do-manchesteru-na-svetovy-pohar","status":"publish","type":"post","link":"https:\/\/www.caths.cz\/wordpress\/nejlepsi-handicapovani-sportovci-sveta-se-chystaji-do-manchesteru-na-svetovy-pohar\/","title":{"rendered":"Nejlep\u0161\u00ed handicapovan\u00ed sportovci sv\u011bta se chystaj\u00ed do Manchesteru na Sv\u011btov\u00fd poh\u00e1r"},"content":{"rendered":"<p align=\"justify\"> <img decoding=\"async\" src=\"\/wordpress\/image\/k_clankum\/paralympicworldcup.jpg\"><\/p>\n<p> Pro v\u00edce informac\u00ed o akci a aktualizovan\u00e9 startovn\u00ed listiny, pros\u00edm, nav\u0161tivte ofici\u00e1ln\u00ed str\u00e1nku akce: <a href=\"http:\/\/www.paralympicworldcup.com\">www.paralympicworldcup.com<\/a> <\/p>\n<p> Z Manchesteru v\u00e1m budeme p\u0159in\u00e1\u0161et aktu\u00e1ln\u00ed zpravodajstv\u00ed &#8211; sledujte web \u010cATHS! <\/p>\n<p> <a href=\"image\/k_clankum\/rozpis.jpg\"> <img decoding=\"async\" src=\"\/image\/k_clankum\/rozpis1.jpg\"><\/a><\/p>\n","protected":false},"excerpt":{"rendered":"<a href=\"https:\/\/www.caths.cz\/wordpress\/nejlepsi-handicapovani-sportovci-sveta-se-chystaji-do-manchesteru-na-svetovy-pohar\/\"><img loading=\"lazy\" decoding=\"async\" width=\"100\" height=\"100\" src=\"https:\/\/www.caths.cz\/wordpress\/wp-content\/plugins\/thumbnail-for-excerpts\/tfe_no_thumb.png\" class=\"alignleft wp-post-image tfe\" alt=\"\" title=\"\" \/><\/a><p>Pro v\u00edce informac\u00ed o akci a aktualizovan\u00e9 startovn\u00ed listiny, pros\u00edm, nav\u0161tivte ofici\u00e1ln\u00ed str\u00e1nku akce: www.paralympicworldcup.com Z Manchesteru v\u00e1m budeme p\u0159in\u00e1\u0161et aktu\u00e1ln\u00ed zpravodajstv\u00ed &#8211; sledujte web \u010cATHS!<\/p>\n","protected":false},"author":1,"featured_media":0,"comment_status":"closed","ping_status":"closed","sticky":false,"template":"","format":"standard","meta":{"ngg_post_thumbnail":0,"footnotes":""},"categories":[6],"tags":[],"class_list":["post-602","post","type-post","status-publish","format-standard","hentry","category-caths-info"],"_links":{"self":[{"href":"https:\/\/www.caths.cz\/wordpress\/wp-json\/wp\/v2\/posts\/602","targetHints":{"allow":["GET"]}}],"collection":[{"href":"https:\/\/www.caths.cz\/wordpress\/wp-json\/wp\/v2\/posts"}],"about":[{"href":"https:\/\/www.caths.cz\/wordpress\/wp-json\/wp\/v2\/types\/post"}],"author":[{"embeddable":true,"href":"https:\/\/www.caths.cz\/wordpress\/wp-json\/wp\/v2\/users\/1"}],"replies":[{"embeddable":true,"href":"https:\/\/www.caths.cz\/wordpress\/wp-json\/wp\/v2\/comments?post=602"}],"version-history":[{"count":0,"href":"https:\/\/www.caths.cz\/wordpress\/wp-json\/wp\/v2\/posts\/602\/revisions"}],"wp:attachment":[{"href":"https:\/\/www.caths.cz\/wordpress\/wp-json\/wp\/v2\/media?parent=602"}],"wp:term":[{"taxonomy":"category","embeddable":true,"href":"https:\/\/www.caths.cz\/wordpress\/wp-json\/wp\/v2\/categories?post=602"},{"taxonomy":"post_tag","embeddable":true,"href":"https:\/\/www.caths.cz\/wordpress\/wp-json\/wp\/v2\/tags?post=602"}],"curies":[{"name":"wp","href":"https:\/\/api.w.org\/{rel}","templated":true}]}}