{"id":600,"date":"2008-05-03T09:42:45","date_gmt":"2008-05-03T08:42:45","guid":{"rendered":"http:\/\/www.caths.cz\/wordpress\/?p=600"},"modified":"2008-05-03T09:42:45","modified_gmt":"2008-05-03T08:42:45","slug":"martinovi-zvolankovi-se-narodila-dcera","status":"publish","type":"post","link":"https:\/\/www.caths.cz\/wordpress\/martinovi-zvolankovi-se-narodila-dcera\/","title":{"rendered":"Martinovi Zvol\u00e1nkovi se narodila dcera!"},"content":{"rendered":"<p align=\"justify\">\u0160\u0165astnou ud\u00e1lost zaznamenali minul\u00fd t\u00fdden v rodin\u011b Zvol\u00e1nkov\u00fdch \u2013 man\u017eel\u016fm Martinovi a Tetjan\u011b se narodila dcera Ad\u00e9lka!<\/p>\n<p align=\"justify\"> <img decoding=\"async\" src=\"\/wordpress\/image\/k_clankum\/zvolankova.jpg\"><\/p>\n<p> Novope\u010den\u00fd otec Martin Zvol\u00e1nek (34) pat\u0159\u00ed k nejlep\u0161\u00edm \u010desk\u00fdm paralympionik\u016fm. Jako stoln\u00ed tenista z\u00edskal v roce 1997 titul mistra Evropy, rok na to titul mistra sv\u011bta a na paralympi\u00e1d\u011b v Sydney (2000) bronzovou medaili v individu\u00e1ln\u00edm turnaji a st\u0159\u00edbro ve \u010dty\u0159h\u0159e s Tom\u00e1\u0161em P\u0159ibylem.<br \/> Pot\u00e9 p\u0159e\u0161el Martin k atletice a stal se z n\u011bj sv\u011btov\u00fd vrha\u010d; v roce 2006 vybojoval na mistrovstv\u00ed sv\u011bta st\u0159\u00edbro v hodu diskem. V hodu diskem a ku\u017eelkou Martin usiluje o nominaci na XIII. letn\u00ed paralympi\u00e1du do Pekingu 2008.<br \/> Man\u017eelka Tetjana doma v\u017edy vytv\u00e1\u0159ela pro sportovn\u00ed p\u0159\u00edpravu sv\u00e9ho mu\u017ee v\u00fdborn\u00e9 podm\u00ednky, doprov\u00e1zela Martina i na z\u00e1vody. Od te\u010f tedy bude m\u00edt Martin doma je\u0161t\u011b lep\u0161\u00ed z\u00e1zem\u00ed. <\/p>\n<p> Sportovci \u010cATHS \u0161\u0165astn\u00e9 rodin\u011b gratuluj\u00ed a p\u0159ej\u00ed hodn\u011b l\u00e1sky a pevn\u00e9 zdrav\u00ed! <\/p>\n","protected":false},"excerpt":{"rendered":"<a href=\"https:\/\/www.caths.cz\/wordpress\/martinovi-zvolankovi-se-narodila-dcera\/\"><img loading=\"lazy\" decoding=\"async\" width=\"100\" height=\"100\" src=\"https:\/\/www.caths.cz\/wordpress\/wp-content\/plugins\/thumbnail-for-excerpts\/tfe_no_thumb.png\" class=\"alignleft wp-post-image tfe\" alt=\"\" title=\"\" \/><\/a><p>\u0160\u0165astnou ud\u00e1lost zaznamenali minul\u00fd t\u00fdden v rodin\u011b Zvol\u00e1nkov\u00fdch \u2013 man\u017eel\u016fm Martinovi a Tetjan\u011b se narodila dcera Ad\u00e9lka! Novope\u010den\u00fd otec Martin Zvol\u00e1nek (34) pat\u0159\u00ed k nejlep\u0161\u00edm \u010desk\u00fdm paralympionik\u016fm. Jako stoln\u00ed tenista [&hellip;]<\/p>\n","protected":false},"author":1,"featured_media":0,"comment_status":"closed","ping_status":"closed","sticky":false,"template":"","format":"standard","meta":{"ngg_post_thumbnail":0,"footnotes":""},"categories":[1],"tags":[],"class_list":["post-600","post","type-post","status-publish","format-standard","hentry","category-nezarazene"],"_links":{"self":[{"href":"https:\/\/www.caths.cz\/wordpress\/wp-json\/wp\/v2\/posts\/600","targetHints":{"allow":["GET"]}}],"collection":[{"href":"https:\/\/www.caths.cz\/wordpress\/wp-json\/wp\/v2\/posts"}],"about":[{"href":"https:\/\/www.caths.cz\/wordpress\/wp-json\/wp\/v2\/types\/post"}],"author":[{"embeddable":true,"href":"https:\/\/www.caths.cz\/wordpress\/wp-json\/wp\/v2\/users\/1"}],"replies":[{"embeddable":true,"href":"https:\/\/www.caths.cz\/wordpress\/wp-json\/wp\/v2\/comments?post=600"}],"version-history":[{"count":0,"href":"https:\/\/www.caths.cz\/wordpress\/wp-json\/wp\/v2\/posts\/600\/revisions"}],"wp:attachment":[{"href":"https:\/\/www.caths.cz\/wordpress\/wp-json\/wp\/v2\/media?parent=600"}],"wp:term":[{"taxonomy":"category","embeddable":true,"href":"https:\/\/www.caths.cz\/wordpress\/wp-json\/wp\/v2\/categories?post=600"},{"taxonomy":"post_tag","embeddable":true,"href":"https:\/\/www.caths.cz\/wordpress\/wp-json\/wp\/v2\/tags?post=600"}],"curies":[{"name":"wp","href":"https:\/\/api.w.org\/{rel}","templated":true}]}}