{"id":599,"date":"2008-05-01T23:13:06","date_gmt":"2008-05-01T22:13:06","guid":{"rendered":"http:\/\/www.caths.cz\/wordpress\/?p=599"},"modified":"2008-05-01T23:13:06","modified_gmt":"2008-05-01T22:13:06","slug":"fotoreportaz-z-druheho-zavodu-ceskeho-poharu-handbike-memorialu-e-cihlare","status":"publish","type":"post","link":"https:\/\/www.caths.cz\/wordpress\/fotoreportaz-z-druheho-zavodu-ceskeho-poharu-handbike-memorialu-e-cihlare\/","title":{"rendered":"Fotoreport\u00e1\u017e z druh\u00e9ho z\u00e1vodu \u010cesk\u00e9ho poh\u00e1ru handbike &#8211; Memori\u00e1lu E. Cihl\u00e1\u0159e"},"content":{"rendered":"<p align=\"justify\">Druh\u00fdm podnikem, Memori\u00e1lem E. Cihl\u00e1\u0159e, pokra\u010doval v Praze \u010cesk\u00fd poh\u00e1r handbike.<\/p>\n<p align=\"justify\">Na rychl\u00e9 a rovn\u00e9 trati potvrdil svou vynikaj\u00edc\u00ed jarn\u00ed formu Pavel D\u011bck\u00fd (HCB) a zv\u00edt\u011bzil v z\u00e1v\u011bre\u010dn\u00e9m spurtu p\u0159ed Peterem \u0160elignou (HCC) ze Slovenska a v\u00fdrazn\u011b se v tomto roce zlep\u0161uj\u00edc\u00edm, Michalem \u0160i\u0161kou (HCB). Na dal\u0161\u00edch m\u00edstech se um\u00edstil Radek Civi\u0161 (HCB), kter\u00fd se zotavuje po dlouh\u00e9 nemoci a jeho prvn\u00edm leto\u0161n\u00edm opravdu &#8222;ostr\u00fdm&#8220; z\u00e1vodem bude a\u017e z\u00e1vod EHC ve \u0160v\u00fdcarsku 24. kv\u011btna. P\u00e1t\u00e9 m\u00edsto obsadil junior Honza Tom\u00e1nek (HCC).<br \/> Sm\u016flu m\u011bl paralympijsk\u00fd v\u00edt\u011bz a mistr sv\u011bta Marcel Pipek, kter\u00fd v ostr\u00e9 zat\u00e1\u010dce p\u0159evr\u00e1til sv\u016fj handbike a ze z\u00e1vodu s po\u0161kozen\u00fdm kolem musel odstoupit. Marcel je ale v po\u0159\u00e1dku, pouze od\u0159en\u00fd na ruce, a dal\u0161\u00edho z\u00e1vodu \u010cesk\u00e9ho poh\u00e1ru, Po\u010derady &#8211; Louny v sobotu 3.5. se hodl\u00e1 z\u00fa\u010dastnit op\u011bt s nejvy\u0161\u0161\u00edmi ambicemi. <\/p>\n<p> <a href=\"http:\/\/www.caths.cz\/cpg1414\/thumbnails.php?album=15\"><strong>FOTOGALERIE ZDE<\/strong><\/a> <\/p>\n","protected":false},"excerpt":{"rendered":"<a href=\"https:\/\/www.caths.cz\/wordpress\/fotoreportaz-z-druheho-zavodu-ceskeho-poharu-handbike-memorialu-e-cihlare\/\"><img loading=\"lazy\" decoding=\"async\" width=\"100\" height=\"100\" src=\"https:\/\/www.caths.cz\/wordpress\/wp-content\/plugins\/thumbnail-for-excerpts\/tfe_no_thumb.png\" class=\"alignleft wp-post-image tfe\" alt=\"\" title=\"\" \/><\/a><p>Druh\u00fdm podnikem, Memori\u00e1lem E. Cihl\u00e1\u0159e, pokra\u010doval v Praze \u010cesk\u00fd poh\u00e1r handbike. Na rychl\u00e9 a rovn\u00e9 trati potvrdil svou vynikaj\u00edc\u00ed jarn\u00ed formu Pavel D\u011bck\u00fd (HCB) a zv\u00edt\u011bzil v z\u00e1v\u011bre\u010dn\u00e9m spurtu p\u0159ed [&hellip;]<\/p>\n","protected":false},"author":1,"featured_media":0,"comment_status":"closed","ping_status":"closed","sticky":false,"template":"","format":"standard","meta":{"ngg_post_thumbnail":0,"footnotes":""},"categories":[8],"tags":[],"class_list":["post-599","post","type-post","status-publish","format-standard","hentry","category-fotoreporty"],"_links":{"self":[{"href":"https:\/\/www.caths.cz\/wordpress\/wp-json\/wp\/v2\/posts\/599","targetHints":{"allow":["GET"]}}],"collection":[{"href":"https:\/\/www.caths.cz\/wordpress\/wp-json\/wp\/v2\/posts"}],"about":[{"href":"https:\/\/www.caths.cz\/wordpress\/wp-json\/wp\/v2\/types\/post"}],"author":[{"embeddable":true,"href":"https:\/\/www.caths.cz\/wordpress\/wp-json\/wp\/v2\/users\/1"}],"replies":[{"embeddable":true,"href":"https:\/\/www.caths.cz\/wordpress\/wp-json\/wp\/v2\/comments?post=599"}],"version-history":[{"count":0,"href":"https:\/\/www.caths.cz\/wordpress\/wp-json\/wp\/v2\/posts\/599\/revisions"}],"wp:attachment":[{"href":"https:\/\/www.caths.cz\/wordpress\/wp-json\/wp\/v2\/media?parent=599"}],"wp:term":[{"taxonomy":"category","embeddable":true,"href":"https:\/\/www.caths.cz\/wordpress\/wp-json\/wp\/v2\/categories?post=599"},{"taxonomy":"post_tag","embeddable":true,"href":"https:\/\/www.caths.cz\/wordpress\/wp-json\/wp\/v2\/tags?post=599"}],"curies":[{"name":"wp","href":"https:\/\/api.w.org\/{rel}","templated":true}]}}