{"id":598,"date":"2008-04-30T21:24:49","date_gmt":"2008-04-30T20:24:49","guid":{"rendered":"http:\/\/www.caths.cz\/wordpress\/?p=598"},"modified":"2008-04-30T21:24:49","modified_gmt":"2008-04-30T20:24:49","slug":"slavnostni-krest-knihy-jiriho-jezka-fotoreportaz","status":"publish","type":"post","link":"https:\/\/www.caths.cz\/wordpress\/slavnostni-krest-knihy-jiriho-jezka-fotoreportaz\/","title":{"rendered":"Slavnostn\u00ed k\u0159est knihy Ji\u0159\u00edho Je\u017eka &#8211; fotoreport\u00e1\u017e"},"content":{"rendered":"<p align=\"justify\">V pra\u017esk\u00e9m hotelu Intercontinental prob\u011bhl dnes v p\u0159\u00edjemn\u00e9 atmosf\u00e9\u0159e a za velk\u00e9ho z\u00e1jmu m\u00e9di\u00ed k\u0159est autobiografick\u00e9 knihy paralympijsk\u00e9ho v\u00edt\u011bze a mistra sv\u011bta, cyklisty Ji\u0159\u00edho Je\u017eka.<\/p>\n<p align=\"justify\"> Kmotry knihy s p\u0159\u00edzna\u010dn\u00fdm n\u00e1zvem \u201eFrajer\u201c, kterou Je\u017eek napsal spole\u010dn\u011b s Michaelou Zindelovou, se stali herci Magda V\u00e1\u0161\u00e1ryov\u00e1 a Martin Dejdar. Cel\u00fdm ve\u010derem prov\u00e1zel moder\u00e1tor Robert Bakal\u00e1\u0159. <\/p>\n<p> <img decoding=\"async\" src=\"\/wordpress\/image\/k_clankum\/frajer\/1.jpg\"><\/p>\n<p> <img decoding=\"async\" src=\"\/wordpress\/image\/k_clankum\/frajer\/2.jpg\"><\/p>\n<p> <img decoding=\"async\" src=\"\/wordpress\/image\/k_clankum\/frajer\/3.jpg\"><\/p>\n<p> <img decoding=\"async\" src=\"\/wordpress\/image\/k_clankum\/frajer\/4.jpg\"><\/p>\n<p> <img decoding=\"async\" src=\"\/wordpress\/image\/k_clankum\/frajer\/5.jpg\"><\/p>\n<p> <img decoding=\"async\" src=\"\/wordpress\/image\/k_clankum\/frajer\/6.jpg\"><\/p>\n<p> <img decoding=\"async\" src=\"\/wordpress\/image\/k_clankum\/frajer\/7.jpg\"><\/p>\n<p> <img decoding=\"async\" src=\"\/wordpress\/image\/k_clankum\/frajer\/8.jpg\"><\/p>\n<p> <img decoding=\"async\" src=\"\/wordpress\/image\/k_clankum\/frajer\/9.jpg\"><\/p>\n<p> <img decoding=\"async\" src=\"\/wordpress\/image\/k_clankum\/frajer\/10.jpg\"><\/p>\n<p> <img decoding=\"async\" src=\"\/wordpress\/image\/k_clankum\/frajer\/11.jpg\"><\/p>\n<p> <img decoding=\"async\" src=\"\/wordpress\/image\/k_clankum\/frajer\/12.jpg\"><\/p>\n<p> <img decoding=\"async\" src=\"\/wordpress\/image\/k_clankum\/frajer\/13.jpg\"><\/p>\n<p> <img decoding=\"async\" src=\"\/wordpress\/image\/k_clankum\/frajer\/14.jpg\"><\/p>\n<p> <img decoding=\"async\" src=\"\/wordpress\/image\/k_clankum\/frajer\/15.jpg\"><\/p>\n<p> <img decoding=\"async\" src=\"\/wordpress\/image\/k_clankum\/frajer\/16.jpg\"><\/p>\n<p> <img decoding=\"async\" src=\"\/wordpress\/image\/k_clankum\/frajer\/17.jpg\"><\/p>\n<p> <img decoding=\"async\" src=\"\/wordpress\/image\/k_clankum\/frajer\/18.jpg\"><\/p>\n<p> <img decoding=\"async\" src=\"\/wordpress\/image\/k_clankum\/frajer\/19.jpg\"><\/p>\n<p> <img decoding=\"async\" src=\"\/wordpress\/image\/k_clankum\/frajer\/20.jpg\"><\/p>\n<p> <img decoding=\"async\" src=\"\/wordpress\/image\/k_clankum\/frajer\/21.jpg\"><\/p>\n<p> <img decoding=\"async\" src=\"\/wordpress\/image\/k_clankum\/frajer\/23.jpg\"><\/p>\n<p> <img decoding=\"async\" src=\"\/wordpress\/image\/k_clankum\/frajer\/24.jpg\"><br \/>Tato fotka stoj\u00ed z pozornost &#8211; tren\u00e9r Jirky Je\u017eka Zapletal krm\u00ed fotografy dort\u00edkem \ud83d\ude42<br \/> <img decoding=\"async\" src=\"\/wordpress\/image\/k_clankum\/frajer\/25.jpg\"><\/p>\n","protected":false},"excerpt":{"rendered":"<a href=\"https:\/\/www.caths.cz\/wordpress\/slavnostni-krest-knihy-jiriho-jezka-fotoreportaz\/\"><img loading=\"lazy\" decoding=\"async\" width=\"100\" height=\"100\" src=\"https:\/\/www.caths.cz\/wordpress\/wp-content\/plugins\/thumbnail-for-excerpts\/tfe_no_thumb.png\" class=\"alignleft wp-post-image tfe\" alt=\"\" title=\"\" \/><\/a><p>V pra\u017esk\u00e9m hotelu Intercontinental prob\u011bhl dnes v p\u0159\u00edjemn\u00e9 atmosf\u00e9\u0159e a za velk\u00e9ho z\u00e1jmu m\u00e9di\u00ed k\u0159est autobiografick\u00e9 knihy paralympijsk\u00e9ho v\u00edt\u011bze a mistra sv\u011bta, cyklisty Ji\u0159\u00edho Je\u017eka. Kmotry knihy s p\u0159\u00edzna\u010dn\u00fdm n\u00e1zvem [&hellip;]<\/p>\n","protected":false},"author":1,"featured_media":0,"comment_status":"closed","ping_status":"closed","sticky":false,"template":"","format":"standard","meta":{"ngg_post_thumbnail":0,"footnotes":""},"categories":[8],"tags":[],"class_list":["post-598","post","type-post","status-publish","format-standard","hentry","category-fotoreporty"],"_links":{"self":[{"href":"https:\/\/www.caths.cz\/wordpress\/wp-json\/wp\/v2\/posts\/598","targetHints":{"allow":["GET"]}}],"collection":[{"href":"https:\/\/www.caths.cz\/wordpress\/wp-json\/wp\/v2\/posts"}],"about":[{"href":"https:\/\/www.caths.cz\/wordpress\/wp-json\/wp\/v2\/types\/post"}],"author":[{"embeddable":true,"href":"https:\/\/www.caths.cz\/wordpress\/wp-json\/wp\/v2\/users\/1"}],"replies":[{"embeddable":true,"href":"https:\/\/www.caths.cz\/wordpress\/wp-json\/wp\/v2\/comments?post=598"}],"version-history":[{"count":0,"href":"https:\/\/www.caths.cz\/wordpress\/wp-json\/wp\/v2\/posts\/598\/revisions"}],"wp:attachment":[{"href":"https:\/\/www.caths.cz\/wordpress\/wp-json\/wp\/v2\/media?parent=598"}],"wp:term":[{"taxonomy":"category","embeddable":true,"href":"https:\/\/www.caths.cz\/wordpress\/wp-json\/wp\/v2\/categories?post=598"},{"taxonomy":"post_tag","embeddable":true,"href":"https:\/\/www.caths.cz\/wordpress\/wp-json\/wp\/v2\/tags?post=598"}],"curies":[{"name":"wp","href":"https:\/\/api.w.org\/{rel}","templated":true}]}}