{"id":596,"date":"2008-04-30T08:30:59","date_gmt":"2008-04-30T07:30:59","guid":{"rendered":"http:\/\/www.caths.cz\/wordpress\/?p=596"},"modified":"2008-04-30T08:30:59","modified_gmt":"2008-04-30T07:30:59","slug":"spoluprace-telesne-postizenych-cyklistu-se-zrakove-postizenymi-cyklisty","status":"publish","type":"post","link":"https:\/\/www.caths.cz\/wordpress\/spoluprace-telesne-postizenych-cyklistu-se-zrakove-postizenymi-cyklisty\/","title":{"rendered":"Spolupr\u00e1ce t\u011blesn\u011b posti\u017een\u00fdch cyklist\u016f se zrakov\u011b posti\u017een\u00fdmi cyklisty"},"content":{"rendered":"<p align=\"justify\"> Spolupr\u00e1ce za\u010d\u00edn\u00e1 m\u00edt konkr\u00e9tn\u00ed podobu a p\u0159edpokl\u00e1d\u00e1me, \u017ee dva tandemy by ji\u017e m\u011bly jet v \u010dervenci z\u00e1vody Evropsk\u00e9ho poh\u00e1ru na Slovensku.<br \/> Tuto my\u0161lenku se do konkr\u00e9tn\u00ed podoby sna\u017e\u00ed p\u0159ev\u00e9st reprezenta\u010dn\u00ed tren\u00e9r Viktor Zapletal, pod kter\u00fdm by tak\u00e9 tandemy tr\u00e9novaly a kapit\u00e1n reprezenta\u010dn\u00edho t\u00fdmu Ji\u0159\u00ed Je\u017eek, kter\u00fd pom\u00e1h\u00e1 vyb\u00edrat vhodn\u00e9 piloty mezi v\u00fdkonnostn\u00edmi cyklisty.<br \/> P\u0159edkl\u00e1d\u00e1me v\u00e1m fotoreport\u00e1\u017e z kontroln\u00edch z\u00e1vod\u016f na Orl\u00edku, kde se role vodi\u010de tandemu ujal i tren\u00e9r Zapletal a s talentovan\u00fdm Markem Moflarem absoloval tra\u0165 \u010dasovky.<br \/> &#8222;Marek (17 let) by mohl b\u00fdt velmi dobr\u00fd, m\u00e1 s\u00edlu i vytrvalost, dok\u00e1\u017ee bojovat. Nem\u00e9n\u011b talentovan\u00e1 je i M\u00ed\u0161a Wiosnov\u00e1 (16 let) kter\u00e1 b\u011b\u017en\u011b z\u00e1vod\u00ed na MTB tandemu v seri\u00e1lu z\u00e1vod\u016f Kolo pro \u017eivot. \u010cek\u00e1 n\u00e1s te\u010f hodn\u011b pr\u00e1ce, pot\u0159ebujeme pro n\u011b rychle vyrobit z\u00e1vodn\u00ed kola, sehnat trena\u017eery a za\u010d\u00edt s nimi tr\u00e9novat, ale p\u0159edpoklady pro v\u00fdkonnostn\u00ed cyklistiku maj\u00ed oba nadpr\u016fm\u011brn\u00e9&#8220; dod\u00e1v\u00e1 V.Zapletal <\/p>\n<p> FOTO: www.tandemteam.cz<br \/> <img decoding=\"async\" src=\"\/wordpress\/image\/k_clankum\/tandem\/1.JPG\"><\/p>\n<p> <img decoding=\"async\" src=\"\/wordpress\/image\/k_clankum\/tandem\/2.JPG\"><\/p>\n<p> <img decoding=\"async\" src=\"\/wordpress\/image\/k_clankum\/tandem\/3.JPG\"><\/p>\n<p> <img decoding=\"async\" src=\"\/wordpress\/image\/k_clankum\/tandem\/4.JPG\"><\/p>\n<p> <img decoding=\"async\" src=\"\/wordpress\/image\/k_clankum\/tandem\/5.JPG\"><\/p>\n<p> <img decoding=\"async\" src=\"\/wordpress\/image\/k_clankum\/tandem\/6.JPG\"><\/p>\n<p> <img decoding=\"async\" src=\"\/wordpress\/image\/k_clankum\/tandem\/7.JPG\"><\/p>\n<p> <img decoding=\"async\" src=\"\/wordpress\/image\/k_clankum\/tandem\/8.JPG\"><\/p>\n<p> <img decoding=\"async\" src=\"\/wordpress\/image\/k_clankum\/tandem\/9.JPG\"><\/p>\n<p> <img decoding=\"async\" src=\"\/wordpress\/image\/k_clankum\/tandem\/10.JPG\"> <\/p>\n","protected":false},"excerpt":{"rendered":"<a href=\"https:\/\/www.caths.cz\/wordpress\/spoluprace-telesne-postizenych-cyklistu-se-zrakove-postizenymi-cyklisty\/\"><img loading=\"lazy\" decoding=\"async\" width=\"100\" height=\"100\" src=\"https:\/\/www.caths.cz\/wordpress\/wp-content\/plugins\/thumbnail-for-excerpts\/tfe_no_thumb.png\" class=\"alignleft wp-post-image tfe\" alt=\"\" title=\"\" \/><\/a><p>Spolupr\u00e1ce za\u010d\u00edn\u00e1 m\u00edt konkr\u00e9tn\u00ed podobu a p\u0159edpokl\u00e1d\u00e1me, \u017ee dva tandemy by ji\u017e m\u011bly jet v \u010dervenci z\u00e1vody Evropsk\u00e9ho poh\u00e1ru na Slovensku. Tuto my\u0161lenku se do konkr\u00e9tn\u00ed podoby sna\u017e\u00ed p\u0159ev\u00e9st reprezenta\u010dn\u00ed [&hellip;]<\/p>\n","protected":false},"author":1,"featured_media":0,"comment_status":"closed","ping_status":"closed","sticky":false,"template":"","format":"standard","meta":{"ngg_post_thumbnail":0,"footnotes":""},"categories":[2],"tags":[],"class_list":["post-596","post","type-post","status-publish","format-standard","hentry","category-cyklistika"],"_links":{"self":[{"href":"https:\/\/www.caths.cz\/wordpress\/wp-json\/wp\/v2\/posts\/596","targetHints":{"allow":["GET"]}}],"collection":[{"href":"https:\/\/www.caths.cz\/wordpress\/wp-json\/wp\/v2\/posts"}],"about":[{"href":"https:\/\/www.caths.cz\/wordpress\/wp-json\/wp\/v2\/types\/post"}],"author":[{"embeddable":true,"href":"https:\/\/www.caths.cz\/wordpress\/wp-json\/wp\/v2\/users\/1"}],"replies":[{"embeddable":true,"href":"https:\/\/www.caths.cz\/wordpress\/wp-json\/wp\/v2\/comments?post=596"}],"version-history":[{"count":0,"href":"https:\/\/www.caths.cz\/wordpress\/wp-json\/wp\/v2\/posts\/596\/revisions"}],"wp:attachment":[{"href":"https:\/\/www.caths.cz\/wordpress\/wp-json\/wp\/v2\/media?parent=596"}],"wp:term":[{"taxonomy":"category","embeddable":true,"href":"https:\/\/www.caths.cz\/wordpress\/wp-json\/wp\/v2\/categories?post=596"},{"taxonomy":"post_tag","embeddable":true,"href":"https:\/\/www.caths.cz\/wordpress\/wp-json\/wp\/v2\/tags?post=596"}],"curies":[{"name":"wp","href":"https:\/\/api.w.org\/{rel}","templated":true}]}}