{"id":592,"date":"2008-04-24T12:48:12","date_gmt":"2008-04-24T11:48:12","guid":{"rendered":"http:\/\/www.caths.cz\/wordpress\/?p=592"},"modified":"2008-04-24T12:48:12","modified_gmt":"2008-04-24T11:48:12","slug":"rozhovor-s-jirim-jezkem-nejen-o-jeho-nove-knize","status":"publish","type":"post","link":"https:\/\/www.caths.cz\/wordpress\/rozhovor-s-jirim-jezkem-nejen-o-jeho-nove-knize\/","title":{"rendered":"Rozhovor s Ji\u0159\u00edm Je\u017ekem nejen o jeho nov\u00e9 knize"},"content":{"rendered":"<p align=\"justify\">Rozhovor s paralympijsk\u00fdm v\u00edt\u011bzem a mistrem sv\u011bta v cyklistice Ji\u0159\u00edm Je\u017ekem.<\/p>\n<p align=\"justify\"><strong> 1. 1.5. vyjde Tv\u00e1 autobiografie FRAJER. Pro\u010d FRAJER?<\/strong><\/p>\n<p><em> N\u00e1zev je trochu nads\u00e1zka, ale tak\u00e9 v dobr\u00e9m slova smyslu osloven\u00ed, kter\u00e9 \u010dasto sl\u00fdch\u00e1v\u00e1m od jin\u00fdch. Lichot\u00ed mi to, proto\u017ee profesion\u00e1ln\u00ed cyklistika &#8211; a v pod\u00e1n\u00ed hendikepovan\u00fdch zvl\u00e1\u0161\u0165 \u2013 je v sou\u010dasnosti velk\u00e1 \u201efraje\u0159ina\u201c. Kdy\u017e jsem s kolem za\u010d\u00ednal, cht\u011bl jsem, aby pr\u00e1v\u011b tak byl n\u00e1\u0161 sport vn\u00edm\u00e1n. Za ty roky se mi to snad poda\u0159ilo.<\/em><\/p>\n<p><strong> 2. Jak dlouho ta kniha vznikala, jak\u00e9 to v\u016fbec je, napsat o sob\u011b knihu? Tvoji reprezenta\u010dn\u00ed kolegov\u00e9 tvrd\u00ed, \u017ee jsi knihu psal stejn\u011b zarputile, jako tr\u00e9nuje\u0161. Ihned po tr\u00e9ninku jsi sednul na terasu v hotelu a za\u010dal ps\u00e1t. A psal jsi a\u017e do t\u00e9 doby, ne\u017e pro Tebe p\u0159i\u0161el tren\u00e9r, \u017ee n\u00e1sleduje dal\u0161\u00ed tr\u00e9ninkov\u00e1 f\u00e1ze&#8230; <\/strong><\/p>\n<p><em> Pro naps\u00e1n\u00ed knihy jsem se rozhodl loni v l\u00e9t\u011b a od \u0159\u00edjna do dubna jsem na n\u00ed intenzivn\u011b pracoval. Bylo to velice n\u00e1ro\u010dn\u00e9, mus\u00edm p\u0159iznat, \u017ee jsem to ne\u010dekal. Ale ta zaj\u00edmav\u00e1 \u017eivotn\u00ed zku\u0161enost za tu n\u00e1mahu st\u00e1la. Kniha na p\u011bt m\u011bs\u00edc\u016f zam\u011bstnala nejen m\u011b, ale i mou man\u017eelku So\u0148u, kter\u00e1 krom\u011b ve\u0161ker\u00fdch komer\u010dn\u00edch a marketingov\u00fdch aktivit okolo knihy je\u0161t\u011b byla mou prvn\u00ed a posledn\u00ed korektorkou a t\u00e9\u017e \u201egrafickou redaktorkou\u201c. Bez n\u00ed by ta kniha nikdy nevy\u0161la!!! Tak\u00e9 m\u016fj tren\u00e9r Viktor Zapletal m\u011bl pochopen\u00ed, a i kdy\u017e mi z tr\u00e9ninku nic neslevil, spolu se So\u0148ou mi v\u0161emo\u017en\u011b vytv\u00e1\u0159eli ide\u00e1ln\u00ed podm\u00ednky pro psan\u00ed. <\/em><\/p>\n<p><strong> 3. Autobiografie v\u011bt\u0161inou p\u00ed\u0161\u00ed sportovci po ukon\u010den\u00ed sv\u00e9 kari\u00e9ry. Ty m\u00e1\u0161 ale p\u0159ed sebou je\u0161t\u011b hodn\u011b dlouhou z\u00e1vodn\u00ed cestu. Kniha m\u00e1 tedy otev\u0159en\u00fd konec. Bude n\u00e1sledovat &#8222;dvojka&#8220;? <\/strong><\/p>\n<p><em> To z\u00e1le\u017e\u00ed, jak\u00e9 budou reakce na knihu FRAJER. A tak\u00e9, zda najdu dal\u0161\u00ed t\u00e9mata k psan\u00ed. Ale v sou\u010dasnosti se u\u017e chci \u2013 a mus\u00edm &#8211; koncentrovat pouze na p\u0159\u00edpravu pro paralympijsk\u00e9 hry v Pekingu! <\/em><\/p>\n<p><strong> 4. Kdo budou kmot\u0159i knihy? <\/strong><\/p>\n<p><em> Slavnostn\u00ed k\u0159est knihy prob\u011bhne v n\u00e1dhern\u00fdch prostor\u00e1ch Hotelu InterContinental v Praze. Knihu pok\u0159t\u00ed pan\u00ed Magdal\u00e9na V\u00e1\u0161\u00e1ryov\u00e1 a Martin Dejdar. U obou si stra\u0161n\u011b moc v\u00e1\u017e\u00edm, \u017ee p\u0159ijali roli kmotra m\u00e9 knihy, proto\u017ee jsou spojeni s mou sportovn\u00ed kari\u00e9rou. K\u0159est bude uv\u00e1d\u011bt moder\u00e1tor a nejlep\u0161\u00ed cyklistick\u00fd novin\u00e1\u0159 Robert Bakal\u00e1\u0159. Moc se na ten ve\u010der t\u011b\u0161\u00edm! <\/em><\/p>\n<p><strong> 5. Firma Mavic, absolutn\u00ed sv\u011btov\u00fd top v\u00fdrobce karbonov\u00fdch kol a r\u00e1fk\u016f Ti pr\u00fd pro paralympi\u00e1du vyrobil p\u0159edn\u00ed diskov\u00e9 kolo. P\u0159itom tento v\u00fdrobek je natolik technologicky n\u00e1ro\u010dn\u00fd a n\u00e1kladn\u00fd, \u017ee p\u0159edn\u00ed disk v sou\u010dasnosti vlastn\u00ed pouze reprezentace Francie a Anglie. I to vypov\u00edd\u00e1 o Tv\u00e9m postaven\u00ed ve sv\u011btov\u00e9 cyklistice&#8230; \u010c\u00edm je p\u0159edn\u00ed disk unik\u00e1tn\u00ed? <\/strong><\/p>\n<p><em> Opravdu. P\u0159edn\u00ed disk Mavic mohou pou\u017e\u00edvat jen vybran\u00ed \u0161pi\u010dkov\u00ed cyklist\u00e9 na sv\u011bt\u011b. D\u00edky dlouhodob\u00e9 spolupr\u00e1ci s firmou Mavic jsem tu mo\u017enost dostal i j\u00e1. I kdy\u017e s nads\u00e1zkou \u010dasto tvrd\u00edm, \u017ee s\u00edla a p\u0159ipravenost z\u00e1vodn\u00edka je mnohem d\u016fle\u017eit\u011bj\u0161\u00ed ne\u017e jak\u00fdkoli materi\u00e1l, je jasn\u00e9, \u017ee \u0161pi\u010dkov\u00e9 vybaven\u00ed podstan\u011b ovliv\u0148uje v\u00fdsledn\u00fd v\u00fdkom p\u0159i z\u00e1vodech. Proto pou\u017e\u00edv\u00e1m absolutn\u011b nejlep\u0161\u00ed v\u00fdrobky. Moje r\u00e1my, dresy, kola, helmy, tretry, br\u00fdle \u2013 v\u0161e pat\u0159\u00ed k \u201enej&#8230;\u201c materi\u00e1lu, kter\u00fd lze v sou\u010dasnosti sehnat. P\u0159edn\u00ed disk na dr\u00e1ze radik\u00e1ln\u011b sni\u017euje aerodynamick\u00fd odpor a t\u00edm v\u00fdrazn\u011b zrychluje j\u00edzdu. Ka\u017ed\u00e1 setinka sekundy m\u016f\u017ee hr\u00e1t v Pekingu roli&#8230; <\/em><\/p>\n<p><strong> 6. Co pr\u00e1v\u011b te\u010f d\u011bl\u00e1\u0161, jako cyklista a z\u00e1vodn\u00edk? <\/strong><\/p>\n<p><em> Odpov\u00edd\u00e1m na tyto ot\u00e1zky&#8230; \ud83d\ude42 Je p\u0159ed n\u00e1mi presti\u017en\u00ed Sv\u011btov\u00fd poh\u00e1r na dr\u00e1ze v Manchesteru. Tak\u017ee v sou\u010dasnosti m\u00e1m hodn\u011b n\u00e1ro\u010dn\u00fd tr\u00e9nink, v\u011bt\u0161inou dvouf\u00e1zov\u00fd, kdy se st\u0159\u00edd\u00e1 vysoce intenz\u00edvn\u00ed p\u0159\u00edprava na velodromu s vytrvalostn\u00edmi tr\u00e9ninky na silnici \u010di dom\u00e1c\u00edm trena\u017e\u00e9ru. M\u00e1m toho \u010dasto opravdu \u201edost\u201c. Postupn\u011b do v\u0161eho je\u0161t\u011b zakomponujeme p\u00e1r start\u016f s \u010deskou elitou \u201ezdrav\u00fdch\u201c. Do Manchesteru odl\u00e9t\u00e1me, tu\u0161\u00edm, 6. kv\u011btna. <\/em><\/p>\n<p><strong> 7. Jak\u00fd program \u010dek\u00e1 mistra sv\u011bta v p\u0159\u00edprav\u011b na dal\u0161\u00ed v\u00fdznamn\u00fd vrchol sez\u00f3ny, paralympi\u00e1du v Pekingu? <\/strong><\/p>\n<p><em> Po Manchesteru se od p\u016flky kv\u011btna budu koncentrovat na silni\u010dn\u00ed z\u00e1vody seri\u00e1lu Evropsk\u00e9ho poh\u00e1ru hendikepovan\u00fdch. Prvn\u00ed d\u00edl na Kr\u00e9t\u011b jsem vyhr\u00e1l, tak\u017ee bych se r\u00e1d pokusil obh\u00e1jit lo\u0148sk\u00e9 celkov\u00e9 v\u00edt\u011bzstv\u00ed. Do poloviny \u010dervence m\u00e1m tedy n\u00e1ro\u010dn\u00fd z\u00e1vodn\u00ed program. Pak snad dostanu na t\u00fdden volno :-)! Od srpna se ji\u017e budu koncentrovat jen a jen na Peking. M\u00e1me napl\u00e1novan\u00e9 soust\u0159ed\u011bn\u00ed ve Sv\u011btov\u00e9m Tr\u00e9ninkov\u00e9m Centru Mezin\u00e1rodn\u00ed Cyklistick\u00e9 Federace (WTC UCI) ve \u0161v\u00fdcarsk\u00e9m Aigle, kde budeme m\u00edt k dispozici jeden z nejmodern\u011bj\u0161\u00edch velodrom\u016f sv\u011bta a ve\u0161ker\u00e9 pot\u0159ebn\u00e9 z\u00e1zem\u00ed&#8230; <\/em><\/p>\n<p><img decoding=\"async\" src=\"\/wordpress\/image\/k_clankum\/jirik_kniha.jpg\"><\/p>\n","protected":false},"excerpt":{"rendered":"<a href=\"https:\/\/www.caths.cz\/wordpress\/rozhovor-s-jirim-jezkem-nejen-o-jeho-nove-knize\/\"><img loading=\"lazy\" decoding=\"async\" width=\"100\" height=\"100\" src=\"https:\/\/www.caths.cz\/wordpress\/wp-content\/plugins\/thumbnail-for-excerpts\/tfe_no_thumb.png\" class=\"alignleft wp-post-image tfe\" alt=\"\" title=\"\" \/><\/a><p>Rozhovor s paralympijsk\u00fdm v\u00edt\u011bzem a mistrem sv\u011bta v cyklistice Ji\u0159\u00edm Je\u017ekem. 1. 1.5. vyjde Tv\u00e1 autobiografie FRAJER. Pro\u010d FRAJER? N\u00e1zev je trochu nads\u00e1zka, ale tak\u00e9 v dobr\u00e9m slova smyslu osloven\u00ed, [&hellip;]<\/p>\n","protected":false},"author":1,"featured_media":0,"comment_status":"closed","ping_status":"closed","sticky":false,"template":"","format":"standard","meta":{"ngg_post_thumbnail":0,"footnotes":""},"categories":[16],"tags":[],"class_list":["post-592","post","type-post","status-publish","format-standard","hentry","category-rozhovory"],"_links":{"self":[{"href":"https:\/\/www.caths.cz\/wordpress\/wp-json\/wp\/v2\/posts\/592","targetHints":{"allow":["GET"]}}],"collection":[{"href":"https:\/\/www.caths.cz\/wordpress\/wp-json\/wp\/v2\/posts"}],"about":[{"href":"https:\/\/www.caths.cz\/wordpress\/wp-json\/wp\/v2\/types\/post"}],"author":[{"embeddable":true,"href":"https:\/\/www.caths.cz\/wordpress\/wp-json\/wp\/v2\/users\/1"}],"replies":[{"embeddable":true,"href":"https:\/\/www.caths.cz\/wordpress\/wp-json\/wp\/v2\/comments?post=592"}],"version-history":[{"count":0,"href":"https:\/\/www.caths.cz\/wordpress\/wp-json\/wp\/v2\/posts\/592\/revisions"}],"wp:attachment":[{"href":"https:\/\/www.caths.cz\/wordpress\/wp-json\/wp\/v2\/media?parent=592"}],"wp:term":[{"taxonomy":"category","embeddable":true,"href":"https:\/\/www.caths.cz\/wordpress\/wp-json\/wp\/v2\/categories?post=592"},{"taxonomy":"post_tag","embeddable":true,"href":"https:\/\/www.caths.cz\/wordpress\/wp-json\/wp\/v2\/tags?post=592"}],"curies":[{"name":"wp","href":"https:\/\/api.w.org\/{rel}","templated":true}]}}