{"id":574,"date":"2008-03-31T09:51:13","date_gmt":"2008-03-31T08:51:13","guid":{"rendered":"http:\/\/www.caths.cz\/wordpress\/?p=574"},"modified":"2008-03-31T09:51:13","modified_gmt":"2008-03-31T08:51:13","slug":"rozhovor-s-danem-pavlisem","status":"publish","type":"post","link":"https:\/\/www.caths.cz\/wordpress\/rozhovor-s-danem-pavlisem\/","title":{"rendered":"Rozhovor s Danem Pavlisem"},"content":{"rendered":"<p>Rozhovor s Danem Pavlisem &#8211; tiskov\u00fdm mluv\u010d\u00edm \u010cPV pro paralympi\u00e1du v Pekingu.<\/p>\n<p align=\"justify\"> <strong> 1. V roce 2007 jsi s cyklistickou reprezentac\u00ed pro\u017eil 14 dn\u00ed na mistrovstv\u00ed sv\u011bta. Jak\u00e1 to pro tebe byla zku\u0161enost? <\/strong><\/p>\n<p><em> Zku\u0161enost to byla obrovsk\u00e1. M\u011bl jsem mo\u017enost poprv\u00e9 v \u017eivot\u011b \u00fa\u010dastnit se takov\u00e9 vrcholn\u00e9 akce, fascinovalo m\u011b skv\u011bl\u00e9 z\u00e1zem\u00ed, n\u00e1dhern\u00e9 prost\u0159ed\u00ed silni\u010dn\u00edch z\u00e1vod\u016f v kraji sv\u011btov\u011b proslul\u00fdch vinic\u2026 \u00da\u017easn\u00e1 byla mo\u017enost pohybovat se mezi z\u00e1vodn\u00edky, s \u010desk\u00fdm n\u00e1rodn\u00edm t\u00fdmem jsem vyrazil i na tr\u00e9nink na kole. To v\u0161echno ve mn\u011b zanechalo skv\u011bl\u00fd dojem, stejn\u011b jako samotn\u00e1 organizace, kter\u00e9 se poprv\u00e9 v historii \u0161ampion\u00e1tu zhostila Mezin\u00e1rodn\u00ed cyklistick\u00e1 unie UCI. <\/em><\/p>\n<p><strong> 2. Jsi tiskov\u00fdm mluv\u010d\u00edm v\u00fdpravy \u010cesk\u00e9 republiky na LPH v Pekingu. M\u00e1\u0161 u\u017e p\u0159edstavu, co tato pr\u00e1ce bude obn\u00e1\u0161et? <\/strong><\/p>\n<p><em> Ur\u010ditou p\u0159edstavu m\u00e1m d\u00edky informac\u00edm od Alice Tejkalov\u00e9, kter\u00e1 tuto funkci zast\u00e1vala v minulosti. Uv\u011bdomuji si, \u017ee to bude obn\u00e1\u0161et spoustu pr\u00e1ce, ale t\u011b\u0161\u00edm se na novou v\u00fdzvu a v\u011b\u0159\u00edm v \u00fasp\u011bchy na\u0161\u00ed v\u00fdpravy. <\/em><\/p>\n<p><strong> 3. Jsi aktivn\u00ed sportovec, z\u00e1vodn\u011b se v\u011bnuje\u0161 triatlonu. Jak\u00fd sport si v Pekingu, jako div\u00e1k, ur\u010dit\u011b nenech\u00e1\u0161 uj\u00edt? <\/strong><\/p>\n<p><em> Ur\u010dit\u011b se t\u011b\u0161\u00edm na cyklistiku, s\u00e1m na kole r\u00e1d jezd\u00edm a nav\u00edc ve mn\u011b z\u016fst\u00e1vaj\u00ed pozitivn\u00ed dojmy z MS v Bordeaux. Moc zv\u011bdav\u00fd jsem na atletiku, p\u0159edev\u0161\u00edm v souvislosti s ambicemi \u010desk\u00fdch sportovc\u016f. Taky bych r\u00e1d vid\u011bl rugby a \u0161erm voz\u00ed\u010dk\u00e1\u0159\u016f, sporty, kter\u00e9 jsem je\u0161t\u011b nem\u011bl mo\u017enost vid\u011bt na\u017eivo. Zaj\u00edmav\u00fd bude bezesporu i stoln\u00ed tenis, kter\u00fd je \u010d\u00ednsk\u00fdm n\u00e1rodn\u00edm sportem. <\/em><\/p>\n<p><strong> 4. Jako redaktor \u010cesk\u00e9 televize se b\u011b\u017en\u011b dost\u00e1v\u00e1\u0161 do kontaktu se \u0161pi\u010dkov\u00fdmi sportovci jak s handicapem, tak bez n\u011bj. Pros\u00edm porovnej vz\u00e1jemn\u011b ze sv\u00e9ho pohledu sport handicapovan\u00fdch a sport bez handicapu. <\/strong><\/p>\n<p><em> Z m\u00e9ho pohledu plat\u00ed, \u017ee ve v\u0161ech sportovn\u00edch odv\u011btv\u00edch p\u0159ekon\u00e1v\u00e1 \u010dlov\u011bk p\u0159edev\u0161\u00edm s\u00e1m sebe, v tom se sport handicapovan\u00fdch neli\u0161\u00ed od sportu zdrav\u00fdch, stejn\u011b jako sport profesion\u00e1ln\u00ed od amat\u00e9rsk\u00e9ho. U handicapovan\u00fdch sportovc\u016f ale nav\u00edc oce\u0148uji jejich nezdolnou v\u016fli \u2013 mus\u00ed se vypo\u0159\u00e1dat se sv\u00fdm handicapem a p\u0159itom nach\u00e1zej\u00ed dostatek motivace k seberealizaci prost\u0159ednictv\u00edm sportu. Kr\u00e1sa sportu spo\u010d\u00edv\u00e1 v tom, \u017ee jsou si v n\u011bm v\u0161ichni rovni, v\u0161ichni mus\u00ed stejn\u011b bojovat o \u00fasp\u011bch, v\u0161ichni mus\u00ed tvrd\u011b tr\u00e9novat a ob\u011btovat se. V tom nen\u00ed mezi sportem handicapovan\u00fdch a bez handicapu v\u016fbec \u017e\u00e1dn\u00fd rozd\u00edl. <\/em><\/p>\n<p><strong> 5. Jak\u00fd je tv\u016fj n\u00e1zor na sou\u010dasn\u00fd trend, kter\u00fdm v\u00fdkonnostn\u00ed sport handicapovan\u00fdch kr\u00e1\u010d\u00ed &#8211; profesionalizaci? <\/strong><\/p>\n<p><em> Na profesionalizaci sportu handicapovan\u00fdch nem\u00e1m vyhran\u011bn\u00fd n\u00e1zor. Sami sportovci mus\u00ed v\u011bd\u011bt, co je pro n\u011b nejlep\u0161\u00ed. Je c\u00edlem profesionalizace i komercionalizace srovnateln\u00e1 se sportem nehandicapovan\u00fdch? P\u0159etahov\u00e1n\u00ed sportovc\u016f za pomoci obrovsk\u00fdch finan\u010dn\u00edch sum? Pak m\u00e1 profesionalizace sp\u00ed\u0161 negativn\u00ed v\u00fdznam. Na druhou stranu ke \u0161pi\u010dkov\u00fdm v\u00fdkon\u016fm je t\u0159eba \u0161pi\u010dkov\u00e9 z\u00e1zem\u00ed, a to dok\u00e1\u017ee poskytnout jen profesion\u00e1ln\u00ed t\u00fdm. Na \u00farovni reprezentant\u016f proto profesion\u00e1ln\u00ed p\u0159\u00edstup v\u00edt\u00e1m \u2013 jedin\u011b tak je mo\u017en\u00e9 dr\u017eet krok se sv\u011btovou \u0161pi\u010dkou a d\u00e1l se zlep\u0161ovat. <\/em><\/p>\n<p><strong> 6. Jak\u00fd je tv\u016fj n\u00e1zor na \u00fa\u010dast nejlep\u0161\u00edch handicapovan\u00fdch sportovc\u016f sv\u011bta (Ji\u0159\u00ed Je\u017eek, Oscar Pistorius, Roberto Alcaide&#8230;) na vrcholn\u00fdch sout\u011b\u017e\u00edch nehandicapovan\u00fdch sportovc\u016f? <\/strong><\/p>\n<p><em> Je to fenom\u00e9n, kter\u00fd je t\u0159eba podporovat a p\u0159ed kter\u00fdm smek\u00e1m. Je \u00fa\u017easn\u00e9, kdy\u017e se handicapovan\u00fd sportovec dok\u00e1\u017ee prosadit mezi t\u011bmi bez handicapu. Nav\u00edc to obohacuje ob\u011b skupiny \u2013 sportovci bez handicapu m\u016f\u017eou \u010derpat v\u016fli a nezdolnost a handicapovan\u00ed sportovci maj\u00ed zase \u0161anci zviditelnit se, upozornit na sebe, dok\u00e1zat sob\u011b i ostatn\u00edm, \u017ee handicap opravdu nen\u00ed \u017e\u00e1dnou p\u0159ek\u00e1\u017ekou a odli\u0161nost\u00ed. D\u00e1vaj\u00ed tak spoust\u011b lidem nad\u011bji a z\u00e1rove\u0148 pom\u00e1haj\u00ed smaz\u00e1vat rozd\u00edln\u00e9 vn\u00edm\u00e1n\u00ed handicapovan\u00fdch a nehandicapovan\u00fdch v\u011bt\u0161inovou spole\u010dnost\u00ed. <\/em><\/p>\n<p><strong><\/p>\n<p> <img decoding=\"async\" src=\"\/wordpress\/image\/k_clankum\/stabct.jpg\" alt=\"Dan Pavlis v nelehk\u00fdch podm\u00ednk\u00e1ch p\u0159i MS v cyklistice\" hspace=\"3\" align=\"left\"> <\/p>\n","protected":false},"excerpt":{"rendered":"<a href=\"https:\/\/www.caths.cz\/wordpress\/rozhovor-s-danem-pavlisem\/\"><img loading=\"lazy\" decoding=\"async\" width=\"100\" height=\"100\" src=\"https:\/\/www.caths.cz\/wordpress\/wp-content\/plugins\/thumbnail-for-excerpts\/tfe_no_thumb.png\" class=\"alignleft wp-post-image tfe\" alt=\"\" title=\"\" \/><\/a><p>Rozhovor s Danem Pavlisem &#8211; tiskov\u00fdm mluv\u010d\u00edm \u010cPV pro paralympi\u00e1du v Pekingu. 1. V roce 2007 jsi s cyklistickou reprezentac\u00ed pro\u017eil 14 dn\u00ed na mistrovstv\u00ed sv\u011bta. Jak\u00e1 to pro tebe [&hellip;]<\/p>\n","protected":false},"author":1,"featured_media":0,"comment_status":"closed","ping_status":"closed","sticky":false,"template":"","format":"standard","meta":{"ngg_post_thumbnail":0,"footnotes":""},"categories":[16],"tags":[],"class_list":["post-574","post","type-post","status-publish","format-standard","hentry","category-rozhovory"],"_links":{"self":[{"href":"https:\/\/www.caths.cz\/wordpress\/wp-json\/wp\/v2\/posts\/574","targetHints":{"allow":["GET"]}}],"collection":[{"href":"https:\/\/www.caths.cz\/wordpress\/wp-json\/wp\/v2\/posts"}],"about":[{"href":"https:\/\/www.caths.cz\/wordpress\/wp-json\/wp\/v2\/types\/post"}],"author":[{"embeddable":true,"href":"https:\/\/www.caths.cz\/wordpress\/wp-json\/wp\/v2\/users\/1"}],"replies":[{"embeddable":true,"href":"https:\/\/www.caths.cz\/wordpress\/wp-json\/wp\/v2\/comments?post=574"}],"version-history":[{"count":0,"href":"https:\/\/www.caths.cz\/wordpress\/wp-json\/wp\/v2\/posts\/574\/revisions"}],"wp:attachment":[{"href":"https:\/\/www.caths.cz\/wordpress\/wp-json\/wp\/v2\/media?parent=574"}],"wp:term":[{"taxonomy":"category","embeddable":true,"href":"https:\/\/www.caths.cz\/wordpress\/wp-json\/wp\/v2\/categories?post=574"},{"taxonomy":"post_tag","embeddable":true,"href":"https:\/\/www.caths.cz\/wordpress\/wp-json\/wp\/v2\/tags?post=574"}],"curies":[{"name":"wp","href":"https:\/\/api.w.org\/{rel}","templated":true}]}}