{"id":573,"date":"2008-03-30T10:30:10","date_gmt":"2008-03-30T09:30:10","guid":{"rendered":"http:\/\/www.caths.cz\/wordpress\/?p=573"},"modified":"2008-03-30T10:30:10","modified_gmt":"2008-03-30T09:30:10","slug":"zaznam-z-vyhlasni-nejlepsich-handicapovanych-sportovcu-2007","status":"publish","type":"post","link":"https:\/\/www.caths.cz\/wordpress\/zaznam-z-vyhlasni-nejlepsich-handicapovanych-sportovcu-2007\/","title":{"rendered":"Z\u00e1znam z vyhl\u00e1\u0161n\u00ed Nejlep\u0161\u00edch handicapovan\u00fdch sportovc\u016f 2007"},"content":{"rendered":"<p align=\"justify\">Dnes, 30.3.2008, m\u016f\u017eete na \u010cT 2  od 13:15 sledovat z\u00e1znam z vyhl\u00e1\u0161n\u00ed Nejlep\u0161\u00edch handicapovan\u00fdch sportovc\u016f 2007<\/p>\n","protected":false},"excerpt":{"rendered":"<a href=\"https:\/\/www.caths.cz\/wordpress\/zaznam-z-vyhlasni-nejlepsich-handicapovanych-sportovcu-2007\/\"><img loading=\"lazy\" decoding=\"async\" width=\"100\" height=\"100\" src=\"https:\/\/www.caths.cz\/wordpress\/wp-content\/plugins\/thumbnail-for-excerpts\/tfe_no_thumb.png\" class=\"alignleft wp-post-image tfe\" alt=\"\" title=\"\" \/><\/a><p>Dnes, 30.3.2008, m\u016f\u017eete na \u010cT 2 od 13:15 sledovat z\u00e1znam z vyhl\u00e1\u0161n\u00ed Nejlep\u0161\u00edch handicapovan\u00fdch sportovc\u016f 2007<\/p>\n","protected":false},"author":1,"featured_media":0,"comment_status":"closed","ping_status":"closed","sticky":false,"template":"","format":"standard","meta":{"ngg_post_thumbnail":0,"footnotes":""},"categories":[1],"tags":[],"class_list":["post-573","post","type-post","status-publish","format-standard","hentry","category-nezarazene"],"_links":{"self":[{"href":"https:\/\/www.caths.cz\/wordpress\/wp-json\/wp\/v2\/posts\/573","targetHints":{"allow":["GET"]}}],"collection":[{"href":"https:\/\/www.caths.cz\/wordpress\/wp-json\/wp\/v2\/posts"}],"about":[{"href":"https:\/\/www.caths.cz\/wordpress\/wp-json\/wp\/v2\/types\/post"}],"author":[{"embeddable":true,"href":"https:\/\/www.caths.cz\/wordpress\/wp-json\/wp\/v2\/users\/1"}],"replies":[{"embeddable":true,"href":"https:\/\/www.caths.cz\/wordpress\/wp-json\/wp\/v2\/comments?post=573"}],"version-history":[{"count":0,"href":"https:\/\/www.caths.cz\/wordpress\/wp-json\/wp\/v2\/posts\/573\/revisions"}],"wp:attachment":[{"href":"https:\/\/www.caths.cz\/wordpress\/wp-json\/wp\/v2\/media?parent=573"}],"wp:term":[{"taxonomy":"category","embeddable":true,"href":"https:\/\/www.caths.cz\/wordpress\/wp-json\/wp\/v2\/categories?post=573"},{"taxonomy":"post_tag","embeddable":true,"href":"https:\/\/www.caths.cz\/wordpress\/wp-json\/wp\/v2\/tags?post=573"}],"curies":[{"name":"wp","href":"https:\/\/api.w.org\/{rel}","templated":true}]}}