{"id":568,"date":"2008-03-23T11:01:19","date_gmt":"2008-03-23T10:01:19","guid":{"rendered":"http:\/\/www.caths.cz\/wordpress\/?p=568"},"modified":"2008-03-23T11:01:19","modified_gmt":"2008-03-23T10:01:19","slug":"lyzar-radim-kozlovsky-ma-letos-excelentni-formu","status":"publish","type":"post","link":"https:\/\/www.caths.cz\/wordpress\/lyzar-radim-kozlovsky-ma-letos-excelentni-formu\/","title":{"rendered":"Ly\u017ea\u0159 Radim Kozlovsk\u00fd m\u00e1 letos excelentn\u00ed formu"},"content":{"rendered":"<p align=\"justify\"><strong>OTEV\u0158EN\u00c9 M\u010cR V ROKYTNICI NAD JIZEROU 25-27.01.2008<\/strong><\/p>\n<p> Ve dnech 25-27.01.2008 jsem se \u00fa\u010dastnil Mistrovstv\u00ed republiky v alpsk\u00e9m ly\u017eov\u00e1n\u00ed zdravotn\u011b handicapovan\u00fdch. Z\u00e1vod\u016f se z\u00fa\u010dastnilo p\u0159es 30 ly\u017ea\u0159\u016f. <br \/> Prvn\u00ed den se jel slalom. Po\u010das\u00ed n\u00e1m bohu\u017eel nep\u0159\u00e1lo a po no\u010dn\u00edm de\u0161ti byl svah v dosti b\u00eddn\u00e9m stavu. U\u017e po prohl\u00eddce trati se d\u011blaly nep\u0159\u00edjemn\u00e9 koryta a hromady rozb\u0159edl\u00e9ho sn\u011bhu. Slalom vyhr\u00e1l Jaroslav Rola z Polska p\u0159ed Krivo\u0161em ze Slovenska a dal\u0161\u00edm Pol\u00e1kem Szumiecem. \u010cesk\u00fdm monoly\u017ea\u0159\u016fm se neda\u0159ilo. J\u00e1 jsem minul p\u00e1tou branku p\u0159ed c\u00edlem prvn\u00edho kola a t\u00edm pro m\u011b tento z\u00e1vod skon\u010dil. \u0160koda, proto\u017ee jsem m\u011bl dobrou motivaci a neb\u00fdt t\u00e9to chybi\u010dky jist\u011b bych bojoval o prvn\u00ed m\u00edsto.<br \/> Druh\u00fd den se jel ob\u0159\u00ed slalom, co\u017e je v sou\u010dasnosti m\u00e1 nejsiln\u011bj\u0161\u00ed discipl\u00edna. Po\u010das\u00ed se bohu\u017eel neumoud\u0159ilo a tak svah p\u0159ipom\u00ednal sp\u00ed\u0161e motokrosovou tra\u0165. V t\u011bchto podm\u00ednk\u00e1ch maj\u00ed v\u00fdhodu m\u00e9n\u011b posti\u017een\u00ed monoly\u017ea\u0159i, kte\u0159\u00ed maj\u00ed lep\u0161\u00ed stabilitu. P\u0159esto jsem dojel po prvn\u00edm kole z\u00e1vodu na t\u0159et\u00edm m\u00edst\u011b o p\u016fl sekundy za vedouc\u00edm Dvo\u0159\u00e1kem. Druh\u00e9 kolo jsem jel na maximum a s velk\u00fdm rizikem.Vyplatilo se! V ob\u0159\u00edm slalomu jsem zv\u00edt\u011bzil o osm setin sekundy p\u0159ed druh\u00fdm J. Rolou. T\u0159et\u00ed skon\u010dil Old\u0159ich Jel\u00ednek.<br \/> Z\u00e1vod v superob\u0159\u00edm slalomu byl pro nep\u0159\u00edze\u0148 po\u010das\u00ed zru\u0161en. <\/p>\n<p> <strong>OTEV\u0158EN\u00c9 MISTROVSTV\u00cd POLSKA 7-9.2.2008<\/strong><\/p>\n<p> Otev\u0159en\u00e9 Mistrovstv\u00ed Polska v alpsk\u00e9m ly\u017eov\u00e1n\u00ed zdravotn\u011b handicapovan\u00fdch EDF CUP 2008 se konalo v polsk\u00e9m m\u011bste\u010dku Szcyrk nedaleko m\u011bsta Bialsko-Biala. ve dnech 7-9.2.2008.<br \/> T\u011bchto z\u00e1vod\u016f se \u00fa\u010dastn\u00edm ji\u017e po \u010dtvrt\u00e9. V\u00fdhodou je, \u017ee se konaj\u00ed bl\u00edzko hranice s \u010cR a jsou to pro m\u011b nejbl\u00ed\u017ee vzd\u00e1len\u00e9 z\u00e1vody v sez\u00f3n\u011b. Do Szcyrku to m\u00e1m necel\u00fdch 70 km.<br \/> V leto\u0161n\u00edm roce se po\u0159adatel\u00e9 vyt\u00e1hli a zajistili ubytov\u00e1n\u00ed v luxusn\u00edm bezbari\u00e9rov\u00e9m hotelu. Po\u010das\u00ed n\u00e1m ale bohu\u017eel nep\u0159\u00e1lo, teplota se pohybovala kolem 5\u00b0C nad nulou a pr\u0161elo.<br \/> Prvn\u00ed den se jel z\u00e1vod v kombinaci \u2013 ob\u0159\u00ed slalom + slalom. Na kopci byla hust\u00e1 mlha, ale na\u0161t\u011bst\u00ed p\u0159estalo pr\u0161et. Z\u00e1vod se mi vyda\u0159il. Z ob\u0159\u00edho slalomu jsem m\u011bl dostate\u010dn\u00fd n\u00e1skok na druh\u00e9ho Jaroslava Rolu z Polska a tak jsem slalom jel na jistotu. Taktika se vyplatila \u2013 celkov\u011b jsem zv\u00edt\u011bzil necel\u00e9 dv\u011b sekundy p\u0159ed Rolou a Szumiecem z Polska . Dal\u0161\u00ed t\u0159i z\u00e1vodn\u00edci z \u010cesk\u00e9 republiky nebodovali.<br \/> Druh\u00fd den z\u00e1vod\u016f se jel slalom, kter\u00fd je par\u00e1dn\u00ed discipl\u00ednou polsk\u00e9ho z\u00e1vodn\u00edka Roly. Necht\u011bl jsem mu v\u00edt\u011bzstv\u00ed nechat jen tak zadarmo a tak jsem bojoval a riskoval. V mlze a velmi \u0161patn\u00e9 viditelnosti jsem ale minul branku a t\u00edm pro mne z\u00e1vod skon\u010dil.<br \/> Posledn\u00ed den z\u00e1vod\u016f se jel ob\u0159\u00ed slalom. P\u0159es noc napadlo asi deset centimetr\u016f nov\u00e9ho sn\u011bhu. Ji\u017e v prvn\u00edm kole jsem si vytvo\u0159il v\u00edce jak sekundov\u00fd n\u00e1skok p\u0159ed Rolou a v druh\u00e9m kole jsem ho zv\u00fd\u0161il na necel\u00e9 t\u0159i vte\u0159iny. V\u00fdsledn\u00e9 po\u0159ad\u00ed: 1. Kozlovsk\u00fd, 2. Rola, 3. Dvo\u0159\u00e1k\u2026\u2026.<br \/> Z mistrovstv\u00ed Polska jsem odj\u00ed\u017ed\u011bl spokojen\u00fd. Ze t\u0159\u00ed z\u00e1vod\u016f dva mistrovsk\u00e9 tituly to je celkem hezk\u00fd v\u00fdsledek. <\/p>\n<p><img decoding=\"async\" src=\"\/image\/k_clankum\/kozlovskyradim.jpg\"><\/p>\n<p><img decoding=\"async\" src=\"\/image\/k_clankum\/edfcup200807.jpg\"><\/p>\n<p><img decoding=\"async\" src=\"\/image\/k_clankum\/edfcup200810.jpg\"><\/p>\n<p><img decoding=\"async\" src=\"\/image\/k_clankum\/edfcup200815.jpg\"><\/p>\n","protected":false},"excerpt":{"rendered":"<a href=\"https:\/\/www.caths.cz\/wordpress\/lyzar-radim-kozlovsky-ma-letos-excelentni-formu\/\"><img loading=\"lazy\" decoding=\"async\" width=\"100\" height=\"100\" src=\"https:\/\/www.caths.cz\/wordpress\/wp-content\/plugins\/thumbnail-for-excerpts\/tfe_no_thumb.png\" class=\"alignleft wp-post-image tfe\" alt=\"\" title=\"\" \/><\/a><p>OTEV\u0158EN\u00c9 M\u010cR V ROKYTNICI NAD JIZEROU 25-27.01.2008 Ve dnech 25-27.01.2008 jsem se \u00fa\u010dastnil Mistrovstv\u00ed republiky v alpsk\u00e9m ly\u017eov\u00e1n\u00ed zdravotn\u011b handicapovan\u00fdch. Z\u00e1vod\u016f se z\u00fa\u010dastnilo p\u0159es 30 ly\u017ea\u0159\u016f. Prvn\u00ed den se jel [&hellip;]<\/p>\n","protected":false},"author":1,"featured_media":0,"comment_status":"closed","ping_status":"closed","sticky":false,"template":"","format":"standard","meta":{"ngg_post_thumbnail":0,"footnotes":""},"categories":[6],"tags":[],"class_list":["post-568","post","type-post","status-publish","format-standard","hentry","category-caths-info"],"_links":{"self":[{"href":"https:\/\/www.caths.cz\/wordpress\/wp-json\/wp\/v2\/posts\/568","targetHints":{"allow":["GET"]}}],"collection":[{"href":"https:\/\/www.caths.cz\/wordpress\/wp-json\/wp\/v2\/posts"}],"about":[{"href":"https:\/\/www.caths.cz\/wordpress\/wp-json\/wp\/v2\/types\/post"}],"author":[{"embeddable":true,"href":"https:\/\/www.caths.cz\/wordpress\/wp-json\/wp\/v2\/users\/1"}],"replies":[{"embeddable":true,"href":"https:\/\/www.caths.cz\/wordpress\/wp-json\/wp\/v2\/comments?post=568"}],"version-history":[{"count":0,"href":"https:\/\/www.caths.cz\/wordpress\/wp-json\/wp\/v2\/posts\/568\/revisions"}],"wp:attachment":[{"href":"https:\/\/www.caths.cz\/wordpress\/wp-json\/wp\/v2\/media?parent=568"}],"wp:term":[{"taxonomy":"category","embeddable":true,"href":"https:\/\/www.caths.cz\/wordpress\/wp-json\/wp\/v2\/categories?post=568"},{"taxonomy":"post_tag","embeddable":true,"href":"https:\/\/www.caths.cz\/wordpress\/wp-json\/wp\/v2\/tags?post=568"}],"curies":[{"name":"wp","href":"https:\/\/api.w.org\/{rel}","templated":true}]}}