{"id":565,"date":"2008-03-20T09:48:18","date_gmt":"2008-03-20T08:48:18","guid":{"rendered":"http:\/\/www.caths.cz\/wordpress\/?p=565"},"modified":"2008-03-20T09:48:18","modified_gmt":"2008-03-20T08:48:18","slug":"cesta-k-vitezstvi","status":"publish","type":"post","link":"https:\/\/www.caths.cz\/wordpress\/cesta-k-vitezstvi\/","title":{"rendered":"Cesta k v\u00edt\u011bzstv\u00ed"},"content":{"rendered":"<p align=\"justify\">V sobotu 22.3. ve 13:05 vys\u00edl\u00e1 \u010cT1 \u010dasosb\u011brn\u00fd dokument CESTA K V\u00cdT\u011aZSTV\u00cd, ve kter\u00e9m re\u017eis\u00e9r Harvan sleduje p\u0159\u00edpravu t\u0159\u00ed v\u00fdznamn\u00fdch sportovc\u016f, Romana \u0160ebrleho, Ji\u0159\u00edho Je\u017eka a Romana Musila na olympijsk\u00e9, resp. paralympijsk\u00e9 hry v Pekingu. <br \/>Filmov\u00fd \u0161t\u00e1b absolvuje se sportovci jejich z\u00e1vody \u010di p\u0159\u00edpravn\u00e1 soust\u0159ed\u011bn\u00ed a dokument p\u0159in\u00e1\u0161\u00ed velmi neobvykl\u00fd pohled do z\u00e1kulis\u00ed p\u0159\u00edpravy na OH \u010di LPH 2008. Rozhodn\u011b doporu\u010dujeme!<\/p>\n","protected":false},"excerpt":{"rendered":"<a href=\"https:\/\/www.caths.cz\/wordpress\/cesta-k-vitezstvi\/\"><img loading=\"lazy\" decoding=\"async\" width=\"100\" height=\"100\" src=\"https:\/\/www.caths.cz\/wordpress\/wp-content\/plugins\/thumbnail-for-excerpts\/tfe_no_thumb.png\" class=\"alignleft wp-post-image tfe\" alt=\"\" title=\"\" \/><\/a><p>V sobotu 22.3. ve 13:05 vys\u00edl\u00e1 \u010cT1 \u010dasosb\u011brn\u00fd dokument CESTA K V\u00cdT\u011aZSTV\u00cd, ve kter\u00e9m re\u017eis\u00e9r Harvan sleduje p\u0159\u00edpravu t\u0159\u00ed v\u00fdznamn\u00fdch sportovc\u016f, Romana \u0160ebrleho, Ji\u0159\u00edho Je\u017eka a Romana Musila na olympijsk\u00e9, [&hellip;]<\/p>\n","protected":false},"author":1,"featured_media":0,"comment_status":"closed","ping_status":"closed","sticky":false,"template":"","format":"standard","meta":{"ngg_post_thumbnail":0,"footnotes":""},"categories":[6],"tags":[],"class_list":["post-565","post","type-post","status-publish","format-standard","hentry","category-caths-info"],"_links":{"self":[{"href":"https:\/\/www.caths.cz\/wordpress\/wp-json\/wp\/v2\/posts\/565","targetHints":{"allow":["GET"]}}],"collection":[{"href":"https:\/\/www.caths.cz\/wordpress\/wp-json\/wp\/v2\/posts"}],"about":[{"href":"https:\/\/www.caths.cz\/wordpress\/wp-json\/wp\/v2\/types\/post"}],"author":[{"embeddable":true,"href":"https:\/\/www.caths.cz\/wordpress\/wp-json\/wp\/v2\/users\/1"}],"replies":[{"embeddable":true,"href":"https:\/\/www.caths.cz\/wordpress\/wp-json\/wp\/v2\/comments?post=565"}],"version-history":[{"count":0,"href":"https:\/\/www.caths.cz\/wordpress\/wp-json\/wp\/v2\/posts\/565\/revisions"}],"wp:attachment":[{"href":"https:\/\/www.caths.cz\/wordpress\/wp-json\/wp\/v2\/media?parent=565"}],"wp:term":[{"taxonomy":"category","embeddable":true,"href":"https:\/\/www.caths.cz\/wordpress\/wp-json\/wp\/v2\/categories?post=565"},{"taxonomy":"post_tag","embeddable":true,"href":"https:\/\/www.caths.cz\/wordpress\/wp-json\/wp\/v2\/tags?post=565"}],"curies":[{"name":"wp","href":"https:\/\/api.w.org\/{rel}","templated":true}]}}