{"id":561,"date":"2008-03-13T13:00:58","date_gmt":"2008-03-13T12:00:58","guid":{"rendered":"http:\/\/www.caths.cz\/wordpress\/?p=561"},"modified":"2008-03-13T13:00:58","modified_gmt":"2008-03-13T12:00:58","slug":"rozhovor-s-jakubem-bazantem-redaktorem-sportovni-redakce-ct","status":"publish","type":"post","link":"https:\/\/www.caths.cz\/wordpress\/rozhovor-s-jakubem-bazantem-redaktorem-sportovni-redakce-ct\/","title":{"rendered":"Rozhovor s Jakubem Ba\u017eantem, redaktorem sportovn\u00ed redakce \u010cT"},"content":{"rendered":"<p align=\"justify\">\nRozhovor Davida \u0160najdra s Jakubem Ba\u017eantem, sportvn\u00edm novin\u00e1\u0159em, kter\u00fd se, mimo jin\u00e9, pod\u00edl\u00ed na report\u00e1\u017e\u00edch z akc\u00ed handicapovan\u00fdch.<\/p>\n<p align=\"justify\"> <strong> 1. ot\u00e1zka: Jakube, s paralympioniky spolupracuje\u0161 velmi \u00fazce ji\u017e dlouhou \u0159adu let. Mohl bys porovnat, jak se za tu dobu zm\u011bnil obraz handicapovan\u00fdch v na\u0161ich hromadn\u011b sd\u011blovac\u00edch prost\u0159edc\u00edch, nap\u0159. v \u010detnosti a pravidelnosti zpr\u00e1v, z\u00e1jmu m\u00e9di\u00ed i ve\u0159ejnosti? <\/strong><\/p>\n<p> <em> Je jasn\u00e9, \u017ee se sport handicapovan\u00fdch objevuje v m\u00e9di\u00edch \u010dast\u011bji a vliv na to m\u00e1 n\u011bkolik faktor\u016f. Jednak spole\u010densk\u00e9 klima a snaha o prezentaci sportovc\u016f (nap\u0159.Roman Musil na Nymbursku), v\u00fdkony t\u011bch nejlep\u0161\u00edch jedinc\u016f (\u010derstv\u00fd p\u0159\u00edklad Lidov\u00e9 noviny 8.8. a \u010dl\u00e1nek o Jirkovi Je\u017ekovi v Dominik\u00e1nsk\u00e9 republice), z\u00e1jem bulv\u00e1ru o probl\u00e9mov\u00e9 kauzy (spor s \u010cSTPS) a snad i podpora ve\u0159ejnopr\u00e1vn\u00ed \u010cesk\u00e9 televize, o \u010dem\u017e se mi pochopiteln\u011b \u0161patn\u011b mluv\u00ed.<\/p>\n<p><\/em> <strong> 2. ot\u00e1zka: Um\u011bl bys, jako novin\u00e1\u0159 a z\u00e1rove\u0148 znalec paralympijsk\u00e9ho prost\u0159ed\u00ed, poradit, co by m\u011bly &#8222;zlep\u0161it&#8220; bu\u010f ve\u0159ejnost nebo sami handicapovan\u00ed sportovci? <\/strong><\/p>\n<p> <em> Mo\u017en\u00e1 se shodneme v tom, \u017ee by celospole\u010desnk\u00e9mu klimatu prosp\u011blo, kdybychom si um\u011bli v\u00edce naslouchat a respektovali se. To by samoz\u0159ejm\u011b m\u011blo vliv i na vn\u00edm\u00e1n\u00ed sportu posti\u017een\u00fdch. Cht\u00edt n\u011bco po ve\u0159ejnosti je absurdn\u00ed, ke zlep\u0161en\u00ed vztah\u016f se mus\u00edme sna\u017eit p\u0159isp\u011bt co nejv\u00edc a nesut\u00e1le ka\u017ed\u00fd z n\u00e1s. A z paralympijsk\u00e9ho hnut\u00ed zat\u00edm ten pocit nem\u00e1m. Zcela prakticky vzato, co lze zlep\u0161it, jsou webov\u00e9 str\u00e1nky \u010cPV. Abych s\u00e1m vych\u00e1zel ze z\u00e1sady respektov\u00e1n\u00ed a slu\u0161n\u00e9ho vyjad\u0159ov\u00e1n\u00ed &#8211; maj\u00ed daleko i do jist\u00e9ho standardu. <\/em> <\/p>\n<p> <strong>3. ot\u00e1zka: Jist\u011b jsi zkraje roku tak\u00e9 sledoval kauzu jihoafri\u010dana Oskara Pistoria, kter\u00e9mu IAAF na jeho karbonov\u00fdch prot\u00e9z\u00e1ch definitivn\u011b zak\u00e1zala plnohodnotn\u011b z\u00e1vodit, plnit limity a \u00fa\u010dastnit se vrcholn\u00fdch atletick\u00fdch sout\u011b\u017e\u00ed v\u010detn\u011b olympijsk\u00fdch her. Co na toto opat\u0159en\u00ed, kter\u00e9 vyslalo jasn\u00fd sign\u00e1l neposti\u017een\u00fdch vrcholov\u00fdch atlet\u016f v\u016f\u010di paralympionik\u016fm, \u0159\u00edk\u00e1\u0161?<\/strong><\/p>\n<p> <em> Nel\u00edb\u00ed se mi a nepova\u017euj\u00ed ho za p\u0159\u00ednosn\u00e9 obecn\u011b. P\u0159ipad\u00e1 mi jako \u010dern\u00fd humor, \u017ee IAAF dok\u00e1\u017ee s kamennou tv\u00e1\u0159\u00ed tvrdit, \u017ee \u010dlov\u011bk bez nohou je ZV\u00ddHODN\u011aN a HANDICAPOV\u00c1NI jsou neposti\u017een\u00ed atleti&#8230;<\/em> <\/p>\n<p> <strong>4. ot\u00e1zka: M\u016f\u017ee\u0161, Jakube, popsat, jak vznik\u00e1 Paralympijsk\u00fd magaz\u00edn, podle \u010deho nap\u0159. vyb\u00edr\u00e1\u0161 t\u00e9mata a jak\u00fd je na tento po\u0159ad ohlas mezi handicapovan\u00fdmi a mezi neposti\u017een\u00fdmi &#8222;homo telespectatris&#8220;? <\/strong><\/p>\n<p> <em> Paralympijsk\u00fd magaz\u00edn vznik\u00e1 trochu t\u011b\u017ece proto, \u017ee \u010dasto na n\u011bkter\u00fdch svazech ani netu\u0161\u00ed, jestli se ta kter\u00e1 akce kon\u00e1, jestli byla p\u0159esunuta na jin\u00fd term\u00edn atd., o tom, \u017ee by n\u00e1s sami po\u0159adatel\u00e9 zahrnovali sv\u00fdmi tipy \u0161koda mluvit&#8230; Jak\u00fd ohlas m\u00e1 Paralympijsk\u00fd magaz\u00edn mezi posti\u017een\u00fdmi, bych se r\u00e1d zeptal Tebe, Davide.<\/em> <\/p>\n<p> <strong>5. ot\u00e1zka: Jak bude vypadat zpravodajstv\u00ed \u010cesk\u00e9 televize z paralympi\u00e1dy v Pekingu a pl\u00e1nuje \u010cesk\u00e1 televize i n\u011bjak\u00e9 p\u0159\u00edm\u00e9 p\u0159enosy z d\u011bji\u0161t\u011b letn\u00ed paralympi\u00e1dy?<\/strong><\/p>\n<p> <em> \u010cesk\u00e1 televize bude m\u00edt na Paralympijsk\u00fdch hr\u00e1ch v Pekingu poprv\u00e9 dva report\u00e9ry (j\u00e1 a Alice) a kameramana, kte\u0159\u00ed se budou zam\u011b\u0159ovat na \u010desk\u00e9 reprezentanty a jejich z\u00e1vody.Nato\u010den\u00e9 report\u00e1\u017ee budou vys\u00edl\u00e1ny jednak ve zpravodajstv\u00ed, jednak budou tvo\u0159it podstatnou \u010d\u00e1st denn\u00edch sest\u0159ih\u016f z Her, kter\u00e9 se budou zpracov\u00e1vat v Praze v kombinaci materi\u00e1l\u016f \u0161t\u00e1bu a denn\u00edch summary dod\u00e1van\u00fdch hostitelskou TV. Report\u00e1\u017ee budeme do \u010cesk\u00e9 republiky pos\u00edlat prost\u0159ednictv\u00edm internetu.Cht\u011bl bych ocenit fakt, \u017ee k roz\u0161\u00ed\u0159en\u00ed \u0161t\u00e1bu mohlo doj\u00edt jen d\u00edky spolupr\u00e1ci s \u010cPV a s Lubo\u0161em Ko\u017eeluhem, jednatelem Premier Sports CZ. <\/em> <\/p>\n","protected":false},"excerpt":{"rendered":"<a href=\"https:\/\/www.caths.cz\/wordpress\/rozhovor-s-jakubem-bazantem-redaktorem-sportovni-redakce-ct\/\"><img loading=\"lazy\" decoding=\"async\" width=\"100\" height=\"100\" src=\"https:\/\/www.caths.cz\/wordpress\/wp-content\/plugins\/thumbnail-for-excerpts\/tfe_no_thumb.png\" class=\"alignleft wp-post-image tfe\" alt=\"\" title=\"\" \/><\/a><p>Rozhovor Davida \u0160najdra s Jakubem Ba\u017eantem, sportvn\u00edm novin\u00e1\u0159em, kter\u00fd se, mimo jin\u00e9, pod\u00edl\u00ed na report\u00e1\u017e\u00edch z akc\u00ed handicapovan\u00fdch. 1. ot\u00e1zka: Jakube, s paralympioniky spolupracuje\u0161 velmi \u00fazce ji\u017e dlouhou \u0159adu let. [&hellip;]<\/p>\n","protected":false},"author":1,"featured_media":0,"comment_status":"closed","ping_status":"closed","sticky":false,"template":"","format":"standard","meta":{"ngg_post_thumbnail":0,"footnotes":""},"categories":[16],"tags":[],"class_list":["post-561","post","type-post","status-publish","format-standard","hentry","category-rozhovory"],"_links":{"self":[{"href":"https:\/\/www.caths.cz\/wordpress\/wp-json\/wp\/v2\/posts\/561","targetHints":{"allow":["GET"]}}],"collection":[{"href":"https:\/\/www.caths.cz\/wordpress\/wp-json\/wp\/v2\/posts"}],"about":[{"href":"https:\/\/www.caths.cz\/wordpress\/wp-json\/wp\/v2\/types\/post"}],"author":[{"embeddable":true,"href":"https:\/\/www.caths.cz\/wordpress\/wp-json\/wp\/v2\/users\/1"}],"replies":[{"embeddable":true,"href":"https:\/\/www.caths.cz\/wordpress\/wp-json\/wp\/v2\/comments?post=561"}],"version-history":[{"count":0,"href":"https:\/\/www.caths.cz\/wordpress\/wp-json\/wp\/v2\/posts\/561\/revisions"}],"wp:attachment":[{"href":"https:\/\/www.caths.cz\/wordpress\/wp-json\/wp\/v2\/media?parent=561"}],"wp:term":[{"taxonomy":"category","embeddable":true,"href":"https:\/\/www.caths.cz\/wordpress\/wp-json\/wp\/v2\/categories?post=561"},{"taxonomy":"post_tag","embeddable":true,"href":"https:\/\/www.caths.cz\/wordpress\/wp-json\/wp\/v2\/tags?post=561"}],"curies":[{"name":"wp","href":"https:\/\/api.w.org\/{rel}","templated":true}]}}