{"id":560,"date":"2008-03-10T21:22:05","date_gmt":"2008-03-10T20:22:05","guid":{"rendered":"http:\/\/www.caths.cz\/wordpress\/?p=560"},"modified":"2008-03-10T21:22:05","modified_gmt":"2008-03-10T20:22:05","slug":"dve-otazky-pro-mudr-jana-hnizdila","status":"publish","type":"post","link":"https:\/\/www.caths.cz\/wordpress\/dve-otazky-pro-mudr-jana-hnizdila\/","title":{"rendered":"Dv\u011b ot\u00e1zky pro MUDr. Jana Hn\u00edzdila"},"content":{"rendered":"<p align=\"justify\">MUDr. Jan Hn\u00edzdil, b\u00fdval\u00fd dopingov\u00fd komisa\u0159, nyn\u00ed l\u00e9ka\u0159 Centra komplexn\u00ed p\u00e9\u010de v Dob\u0159ichovic\u00edch <\/p>\n<div>\n<p align=\"justify\"><strong> 1. ot\u00e1zka: Honzo, jsi zn\u00e1m pro svou \u00fazkou spolupr\u00e1ci s \u0159adou handicapovan\u00fdch sportovc\u016f, ale tak\u00e9 sv\u00fdm n\u00e1zorem, \u017ee vrcholov\u00fd sport handicapovan\u00e9 sportovce sp\u00ed\u0161e po\u0161kozuje ne\u017e aby jim pom\u00e1hal. Trochu n\u00e1m Tv\u016fj n\u00e1zor, jist\u011b podlo\u017een\u00fd prax\u00ed, \u201enabour\u00e1v\u00e1\u201c integra\u010dn\u00ed teorie o prosazen\u00ed se, \u00fasp\u011bchu a soun\u00e1le\u017eitosti paralympionik\u016f v r\u00e1mci neposti\u017een\u00e9 populace. Mohl bys n\u00e1m sv\u016fj n\u00e1zor up\u0159esnit a p\u0159\u00edpadn\u011b vysv\u011btlit? <\/strong><\/div>\n<p><\/div>\n<p><em><br \/><img decoding=\"async\" src=\"\/wordpress\/image\/k_clankum\/hnizdil_rozhovor.jpg\" hspace=\"3\" align=\"left\"> <\/p>\n<p align=\"justify\"> Vrcholov\u00fd sport, lhostejno zda lid\u00ed s hendikepem, nebo bez n\u011bj, opustil ide\u00e1ly zakladatele novodob\u00fdch OH Pierre Fredi de Coubertina, spo\u010d\u00edvaj\u00edc\u00ed v harmonick\u00e9m du\u0161evn\u00edm i t\u011blesn\u00e9m rozvoji \u010dlov\u011bka. Stal se tvrd\u00fdm obchodem, zalo\u017een\u00fdm na neust\u00e1l\u00e9m p\u0159ekra\u010dov\u00e1n\u00ed hranice lidsk\u00fdch mo\u017enost\u00ed. T\u011bch u\u017e ale bylo v naprost\u00e9 v\u011bt\u0161in\u011b sport\u016f dosa\u017eeno. Dal\u0161\u00ed \u00fa\u017easn\u00e9 v\u00fdkony a rekordy jsou proto nutn\u011b za hranic\u00ed lidsk\u00e9ho zdrav\u00ed, nemohou se obej\u00edt bez jeho po\u0161kozov\u00e1n\u00ed a bez sou\u010dasn\u00e9 dopingov\u00e9 podpory. <br \/> Vrcholov\u00fd sport, i handikepovan\u00fdch, proto nen\u00ed integruj\u00edc\u00ed, ale naopak diskriminuj\u00edc\u00ed. Vy\u010dle\u0148uje \u00fazkou skupinu vyvolen\u00fdch a talentovan\u00fdch, kter\u00e9 se dost\u00e1v\u00e1 nadstandardn\u00ed pozornosti a podpory. Ov\u0161em na \u00fakor podpory pro zdrav\u00ed sportuj\u00edc\u00ed \u0161irok\u00e9 ve\u0159ejnosti. Smutn\u00fdm d\u016fkazem t\u00e9to zvr\u00e1cenosti jsou obrovsk\u00e9 sumy a politick\u00e1 podpora akc\u00ed, jako ly\u017eov\u00e1n\u00ed na Hrad\u010dansk\u00e9m n\u00e1m\u011bst\u00ed, sv\u00e1\u017een\u00ed sn\u011bhu z Jizersk\u00fdch hor do are\u00e1lu ve Vestci nebo projekt OH v Praze na stran\u011b jedn\u00e9 a katastrof\u00e1ln\u00ed stav zelen\u011b a nedostupnost ve\u0159ejn\u00fdch sportovi\u0161\u0165 na stran\u011b druh\u00e9. <\/em> <\/p>\n<p> <strong> 2. ot\u00e1zka: S p\u0159edchoz\u00edm dotazem souvis\u00ed doping; setkal ses ve sv\u00e9 praxi s dopingem u handicapovan\u00fdch sportovc\u016f? Pokud ano, mohl bys porovnat, pokud jsou Ti zn\u00e1m\u00e9, nap\u0159. \u010detnost u\u017eit\u00ed zak\u00e1zan\u00fdch l\u00e1tek handicapovan\u00fdch a neposti\u017een\u00fdch, jejich motiv a p\u0159\u00edpadn\u011b zdravotn\u00ed dopady? <\/strong> <\/p>\n<p><em> Korupce, podvody a doping se nutn\u011b vyskytuj\u00ed i ve vrcholov\u00e9m sportu hendikepovan\u00fdch, nebo\u0165 stoj\u00ed na stejn\u00fdch z\u00e1kladech. \u010cetnost t\u011bchto jev\u016f si nedovoluji porovn\u00e1vat, nicm\u00e9n\u011b jsem se s nimi v obou sportech setkal. <br \/> Sou\u010dasn\u00e9 zahrani\u010dn\u00ed i dom\u00e1c\u00ed af\u00e9ry: M. Jonesov\u00e1, Tour de France, upl\u00e1cen\u00ed v kopan\u00e9, podvody ve F1, mocensk\u00fd boj mezi \u010desk\u00fdmi institucemi t\u011blesn\u011b posti\u017een\u00fdch sportovc\u016f (pokud by \u0161lo skute\u010dn\u011b o zaji\u0161t\u011bn\u00ed d\u016fstojn\u00fdch podm\u00ednek pro sportov\u00e1n\u00ed hendikepovan\u00fdch, jist\u011b by ob\u011b znesv\u00e1\u0159en\u00e9 strany u\u017e d\u00e1vno nalezly spole\u010dnou \u0159e\u010d ), jsou d\u016fkazem hlubok\u00e9 krize syst\u00e9mu vrcholov\u00e9ho sportu. Ukazuje se, \u017ee sport m\u016f\u017ee b\u00fdt bu\u010f vrcholov\u00fd, ale pak nebude \u010dist\u00fd, nebo bude \u010dist\u00fd, ale potom u\u017e nebude vrcholov\u00fd. <br \/> \u010cist\u00fd vrcholov\u00fd sport je protimluv a zoufal\u00e1 snaha o jeho zachov\u00e1n\u00ed marn\u00e1. Probl\u00e9m dopingu, korupce a podv\u00e1d\u011bn\u00ed nem\u00e1 ve st\u00e1vaj\u00edc\u00edm syst\u00e9mu vrcholov\u00e9ho sportu \u0159e\u0161en\u00ed. Jestli\u017ee probl\u00e9m nem\u00e1 \u0159e\u0161en\u00ed v r\u00e1mci syst\u00e9mu, doch\u00e1z\u00ed ke zpochybn\u011bn\u00ed platnosti cel\u00e9ho syst\u00e9mu a ten se vlastn\u00ed vahou hrout\u00ed. Pr\u00e1v\u011b to te\u010f sledujeme ve vrcholov\u00e9m sportu. Zneklid\u0148uj\u00edc\u00ed je, \u017ee stav a v\u00fdvoj vrcholov\u00e9ho sportu jsou obrazem stavu a v\u00fdvoje cel\u00e9 spole\u010dnosti. A naopak. <\/em> <\/p>\n","protected":false},"excerpt":{"rendered":"<a href=\"https:\/\/www.caths.cz\/wordpress\/dve-otazky-pro-mudr-jana-hnizdila\/\"><img loading=\"lazy\" decoding=\"async\" width=\"100\" height=\"100\" src=\"https:\/\/www.caths.cz\/wordpress\/wp-content\/plugins\/thumbnail-for-excerpts\/tfe_no_thumb.png\" class=\"alignleft wp-post-image tfe\" alt=\"\" title=\"\" \/><\/a><p>MUDr. Jan Hn\u00edzdil, b\u00fdval\u00fd dopingov\u00fd komisa\u0159, nyn\u00ed l\u00e9ka\u0159 Centra komplexn\u00ed p\u00e9\u010de v Dob\u0159ichovic\u00edch 1. ot\u00e1zka: Honzo, jsi zn\u00e1m pro svou \u00fazkou spolupr\u00e1ci s \u0159adou handicapovan\u00fdch sportovc\u016f, ale tak\u00e9 sv\u00fdm n\u00e1zorem, [&hellip;]<\/p>\n","protected":false},"author":1,"featured_media":0,"comment_status":"closed","ping_status":"closed","sticky":false,"template":"","format":"standard","meta":{"ngg_post_thumbnail":0,"footnotes":""},"categories":[43],"tags":[],"class_list":["post-560","post","type-post","status-publish","format-standard","hentry","category-diskuze"],"_links":{"self":[{"href":"https:\/\/www.caths.cz\/wordpress\/wp-json\/wp\/v2\/posts\/560","targetHints":{"allow":["GET"]}}],"collection":[{"href":"https:\/\/www.caths.cz\/wordpress\/wp-json\/wp\/v2\/posts"}],"about":[{"href":"https:\/\/www.caths.cz\/wordpress\/wp-json\/wp\/v2\/types\/post"}],"author":[{"embeddable":true,"href":"https:\/\/www.caths.cz\/wordpress\/wp-json\/wp\/v2\/users\/1"}],"replies":[{"embeddable":true,"href":"https:\/\/www.caths.cz\/wordpress\/wp-json\/wp\/v2\/comments?post=560"}],"version-history":[{"count":0,"href":"https:\/\/www.caths.cz\/wordpress\/wp-json\/wp\/v2\/posts\/560\/revisions"}],"wp:attachment":[{"href":"https:\/\/www.caths.cz\/wordpress\/wp-json\/wp\/v2\/media?parent=560"}],"wp:term":[{"taxonomy":"category","embeddable":true,"href":"https:\/\/www.caths.cz\/wordpress\/wp-json\/wp\/v2\/categories?post=560"},{"taxonomy":"post_tag","embeddable":true,"href":"https:\/\/www.caths.cz\/wordpress\/wp-json\/wp\/v2\/tags?post=560"}],"curies":[{"name":"wp","href":"https:\/\/api.w.org\/{rel}","templated":true}]}}