{"id":557,"date":"2008-03-07T19:55:52","date_gmt":"2008-03-07T18:55:52","guid":{"rendered":"http:\/\/www.caths.cz\/wordpress\/?p=557"},"modified":"2008-03-07T19:55:52","modified_gmt":"2008-03-07T18:55:52","slug":"nejlepsi-handicapovany-sportovec-roku-2007-fotoreportaz","status":"publish","type":"post","link":"https:\/\/www.caths.cz\/wordpress\/nejlepsi-handicapovany-sportovec-roku-2007-fotoreportaz\/","title":{"rendered":"Nejlep\u0161\u00ed handicapovan\u00fd sportovec roku 2007 &#8211; fotoreport\u00e1\u017e"},"content":{"rendered":"<p align=\"justify\">\n<p>V zapln\u011bn\u00e9m s\u00e1le hotelu Pyramida, p\u0159ed objektivy televizn\u00edch kamer byly v\u010dera slavnostn\u011b vyhl\u00e1\u0161ny v\u00fdsledky ankety Nejlep\u0161\u00ed handicapovan\u00fd sportovec roku 2007.<br \/>\n<br \/>\nZ\u00e1znam vyhl\u00e1\u0161en\u00ed budete moci sledovat v p\u00e1tek 14.3.2008 od 17:15 na \u010cT4 SPORT.<\/p>\n<p align=\"justify\"> Zah\u00e1jen\u00ed ve\u010dera: moder\u00e1to\u0159i Daniela P\u00edsa\u0159ovicov\u00e1 a Jakub Ba\u017eant <br \/><img decoding=\"async\" src=\"\/image\/k_clankum\/sportovec7\/IMG_3263.JPG\"><\/p>\n<p> Objevy roku 2007 : Mark\u00e9ta Mackov\u00e1 a Tom\u00e1\u0161 Kvasni\u010dka <br \/><img decoding=\"async\" src=\"\/image\/k_clankum\/sportovec7\/IMG_3266.JPG\"><\/p>\n<p> Jana Fesslov\u00e1 a Tom\u00e1\u0161 Kvasni\u010dka <br \/><img decoding=\"async\" src=\"\/image\/k_clankum\/sportovec7\/IMG_3268.JPG\"><\/p>\n<p> Tren\u00e9\u0159i roku 2007 : (zleva) Pavel Vo\u0161ahl\u00edk (\u010cSZPS), Renata Pol\u00e1\u010dkov\u00e1(\u010cSMPS), Kate\u0159ina Prok\u0161ov\u00e1(\u010cSNS), Ji\u0159\u00ed \u0160im\u00e1nek(\u010cF SH), Viktor Zapletal(\u010cATHS) <br \/><img decoding=\"async\" src=\"\/image\/k_clankum\/sportovec7\/IMG_3277.JPG\"><\/p>\n<p> Cena \u010cPV : Vojm\u00edr Srde\u010dn\u00fd \u2013 zakladatel \u010dsl. sportu handicapovan\u00fdch <br \/><img decoding=\"async\" src=\"\/image\/k_clankum\/sportovec7\/IMG_3292.JPG\"><\/p>\n<p> Zvl\u00e1\u0161tn\u00ed cena : Jana Fesslov\u00e1 <br \/><img decoding=\"async\" src=\"\/image\/k_clankum\/sportovec7\/IMG_3294.JPG\"><\/p>\n<p> Ocen\u011bn\u00fd Zden\u011bk \u0160ebek za Dru\u017estvo roku 2007 <br \/><img decoding=\"async\" src=\"\/image\/k_clankum\/sportovec7\/IMG_3308.JPG\"><\/p>\n<p> Ocen\u011bn\u00fd Mistr Evropy ve stoln\u00edm tenise 2007 Ivan Karabec jako Nejlep\u0161\u00ed sportovec roku 4.-10. m\u00edsto (4. Zleva) <br \/><img decoding=\"async\" src=\"\/image\/k_clankum\/sportovec7\/IMG_3317.JPG\"><\/p>\n<p> Viktor Zapletal p\u0159eb\u00edr\u00e1 cenu za Ji\u0159\u00edho Je\u017eka \u2013 3. Nejlep\u0161\u00edho sportovce roku <br \/><img decoding=\"async\" src=\"\/image\/k_clankum\/sportovec7\/IMG_3319.JPG\"><\/p>\n<p> Juniorka roku a z\u00e1rove\u0148 2. Nejlep\u0161\u00ed sportovkyn\u011b roku 2007 Tereza Kmochov\u00e1 <br \/><img decoding=\"async\" src=\"\/image\/k_clankum\/sportovec7\/IMG_3325.JPG\"><\/p>\n<p> Nejlep\u0161\u00ed handicapovan\u00e1 sportovkyn\u011b roku 2007 Petra Kurkov\u00e1 <br \/><img decoding=\"async\" src=\"\/image\/k_clankum\/sportovec7\/IMG_3334.JPG\"><\/p>\n<p> Ministryn\u011b vl\u00e1dy \u010cesk\u00e9 republiky pro lidsk\u00e1 pr\u00e1va a n\u00e1rodnostn\u00ed men\u0161iny D\u017eamila Stehl\u00edkov\u00e1 \u010dte zdravici handicapovan\u00fdm sportovc\u016fm od p\u0159edsedy vl\u00e1dy \u010cesk\u00e9 republiky Mirka Topol\u00e1nka <br \/><img decoding=\"async\" src=\"\/image\/k_clankum\/sportovec7\/IMG_3336.JPG\"><\/p>\n<p> hromadn\u00e9 foto v\u0161ech vyhl\u00e1\u0161en\u00fdch <br \/><img decoding=\"async\" src=\"\/image\/k_clankum\/sportovec7\/IMG_3353.JPG\"><\/p>\n<p> spojen\u00ed t\u0159\u00ed generac\u00ed : Viktor Zapletal, Vojm\u00edr Srde\u010dn\u00fd, Tom\u00e1\u0161 Kvasni\u010dka <br \/><img decoding=\"async\" src=\"\/image\/k_clankum\/sportovec7\/IMG_3361.JPG\"><\/p>\n<p> David \u0160najdr a Milada Zdra\u017eilov\u00e1 <br \/><img decoding=\"async\" src=\"\/image\/k_clankum\/sportovec7\/IMG_3371.JPG\"><\/p>\n<p> Jarda K\u0159e\u010dek a t\u00fdm sekret\u00e1\u0159ek tentokr\u00e1t ne s chleb\u00ed\u010dky ale s brokoli\u010dkou <br \/><img decoding=\"async\" src=\"\/image\/k_clankum\/sportovec7\/IMG_3372.JPG\"><\/p>\n<p> Libor \u0160najdr <br \/><img decoding=\"async\" src=\"\/image\/k_clankum\/sportovec7\/IMG_3376.JPG\"><\/p>\n<p> Erik \u0158ezn\u00edk \u2013 \u0159editel firmy OK Bag, sponzor \u010cATHS <br \/><img decoding=\"async\" src=\"\/image\/k_clankum\/sportovec7\/IMG_3377.JPG\"><\/p>\n<p> t\u00fdm Kvasni\u010dk\u016f bedliv\u011b poslouch\u00e1 tren\u00e9ra <br \/><img decoding=\"async\" src=\"\/image\/k_clankum\/sportovec7\/IMG_3381.JPG\"><\/p>\n<p> t\u0159etina team sprintu Ji\u0159\u00ed Bou\u0161ka s p\u0159\u00edtelkyn\u00ed Janou <br \/><img decoding=\"async\" src=\"\/image\/k_clankum\/sportovec7\/IMG_3386.JPG\"><\/p>\n<p> Slavn\u00e9 \u201easocia\u010dn\u00ed\u201c sekret\u00e1\u0159ky se r\u00e1dy vyfot\u00ed s ka\u017ed\u00fdm sv\u00fdm fanou\u0161kem \u2013 zde s nov\u00fdm \u0161\u00e9fem Sekce sjezdov\u00e9ho ly\u017eov\u00e1n\u00ed Rostislavem \u010cichon\u011bm <br \/><img decoding=\"async\" src=\"\/image\/k_clankum\/sportovec7\/IMG_3397.JPG\"><\/p>\n<p> \u2026a pokus o seri\u00f3zn\u00ed tv\u00e1\u0159 <br \/><img decoding=\"async\" src=\"\/image\/k_clankum\/sportovec7\/IMG_3400.JPG\"><\/p>\n<p> V \u010cATHS budete z\u00e1\u0159it spokojenost\u00ed\u2026 <br \/><img decoding=\"async\" src=\"\/image\/k_clankum\/sportovec7\/IMG_3402.JPG\"><\/p>\n","protected":false},"excerpt":{"rendered":"<a href=\"https:\/\/www.caths.cz\/wordpress\/nejlepsi-handicapovany-sportovec-roku-2007-fotoreportaz\/\"><img loading=\"lazy\" decoding=\"async\" width=\"100\" height=\"100\" src=\"https:\/\/www.caths.cz\/wordpress\/wp-content\/plugins\/thumbnail-for-excerpts\/tfe_no_thumb.png\" class=\"alignleft wp-post-image tfe\" alt=\"\" title=\"\" \/><\/a><p>V zapln\u011bn\u00e9m s\u00e1le hotelu Pyramida, p\u0159ed objektivy televizn\u00edch kamer byly v\u010dera slavnostn\u011b vyhl\u00e1\u0161ny v\u00fdsledky ankety Nejlep\u0161\u00ed handicapovan\u00fd sportovec roku 2007. Z\u00e1znam vyhl\u00e1\u0161en\u00ed budete moci sledovat v p\u00e1tek 14.3.2008 od 17:15 [&hellip;]<\/p>\n","protected":false},"author":1,"featured_media":0,"comment_status":"closed","ping_status":"closed","sticky":false,"template":"","format":"standard","meta":{"ngg_post_thumbnail":0,"footnotes":""},"categories":[8],"tags":[],"class_list":["post-557","post","type-post","status-publish","format-standard","hentry","category-fotoreporty"],"_links":{"self":[{"href":"https:\/\/www.caths.cz\/wordpress\/wp-json\/wp\/v2\/posts\/557","targetHints":{"allow":["GET"]}}],"collection":[{"href":"https:\/\/www.caths.cz\/wordpress\/wp-json\/wp\/v2\/posts"}],"about":[{"href":"https:\/\/www.caths.cz\/wordpress\/wp-json\/wp\/v2\/types\/post"}],"author":[{"embeddable":true,"href":"https:\/\/www.caths.cz\/wordpress\/wp-json\/wp\/v2\/users\/1"}],"replies":[{"embeddable":true,"href":"https:\/\/www.caths.cz\/wordpress\/wp-json\/wp\/v2\/comments?post=557"}],"version-history":[{"count":0,"href":"https:\/\/www.caths.cz\/wordpress\/wp-json\/wp\/v2\/posts\/557\/revisions"}],"wp:attachment":[{"href":"https:\/\/www.caths.cz\/wordpress\/wp-json\/wp\/v2\/media?parent=557"}],"wp:term":[{"taxonomy":"category","embeddable":true,"href":"https:\/\/www.caths.cz\/wordpress\/wp-json\/wp\/v2\/categories?post=557"},{"taxonomy":"post_tag","embeddable":true,"href":"https:\/\/www.caths.cz\/wordpress\/wp-json\/wp\/v2\/tags?post=557"}],"curies":[{"name":"wp","href":"https:\/\/api.w.org\/{rel}","templated":true}]}}