{"id":555,"date":"2008-03-05T20:48:53","date_gmt":"2008-03-05T19:48:53","guid":{"rendered":"http:\/\/www.caths.cz\/wordpress\/?p=555"},"modified":"2008-03-05T20:48:53","modified_gmt":"2008-03-05T19:48:53","slug":"cesta-k-vitezstvi-novy-dokumentarni-cyklus-ceske-televize","status":"publish","type":"post","link":"https:\/\/www.caths.cz\/wordpress\/cesta-k-vitezstvi-novy-dokumentarni-cyklus-ceske-televize\/","title":{"rendered":"Cesta k v\u00edt\u011bzstv\u00ed \u2013 nov\u00fd dokument\u00e1rn\u00ed cyklus \u010cesk\u00e9 televize"},"content":{"rendered":"<p align=\"justify\">\nCo obn\u00e1\u0161\u00ed p\u0159\u00edprava favorit\u016f na OH 2008 v Pekingu? Desetiboja\u0159 Roman \u0160ebrle a paralympionici Roman Musil a Ji\u0159\u00ed Je\u017eek v dokument\u00e1rn\u00edm cyklu J. Harvana.\n<\/p>\n<p align=\"justify\"> Prvn\u00ed d\u00edl dokument\u00e1rn\u00edho cyklu Cesta k v\u00edt\u011bzstv\u00ed p\u0159edstav\u00ed t\u0159i sportovce &#8211; desetiboja\u0159e Romana \u0160ebrleho, medailistu z olympijsk\u00fdch her v Sydney a Ath\u00e9n\u00e1ch, a dva paralympioniky &#8211; cyklistu Ji\u0159\u00edho Je\u017eka a atleta Romana Musila, majitele zlat\u00fdch medail\u00ed z paralympi\u00e1d v Austr\u00e1lii a \u0158ecku. Sezn\u00e1m\u00edme se s jejich sportovn\u00edmi \u00fasp\u011bchy i faktem, \u017ee leto\u0161n\u00ed rok je pro n\u011b rokem p\u0159\u00edprav na t\u0159et\u00ed olympijsk\u00e9 hry. V pr\u016fb\u011bhu cel\u00e9ho cyklu budeme sv\u011bdky jejich sportovn\u00edho z\u00e1polen\u00ed na mezin\u00e1rodn\u00edch mistrovstv\u00edch i peripeti\u00ed, kter\u00e9 je na cest\u011b za jejich c\u00edlem \u010dekaj\u00ed. P\u0159edev\u0161\u00edm ale budeme m\u00edt mo\u017enost nahl\u00e9dnout do z\u00e1kulis\u00ed jak jejich sportovn\u00ed kari\u00e9ry a ka\u017edodenn\u00edho tr\u00e9ninkov\u00e9ho nasazen\u00ed, kter\u00e9 podstupuj\u00ed, tak jejich soukrom\u00ed, kter\u00e9 prozrad\u00ed, co \u017eivotn\u00ed styl vrcholov\u00e9ho sportovce znamen\u00e1 pro jejich nejbli\u017e\u0161\u00ed. <\/p>\n<p> Zdroj: <a href=\"http:\/\/www.ceskatelevize.cz\/program\/10180009654.html\">\u010cESK\u00c1 TELEVIZE<\/a> <\/p>\n<p> <img decoding=\"async\" src=\"\/image\/k_clankum\/jirkact1.jpg\"><br \/> <img decoding=\"async\" src=\"\/image\/k_clankum\/jirkact2.jpg\"><br \/> <img decoding=\"async\" src=\"\/image\/k_clankum\/jirkact3.jpg\"> <\/p>\n<p>Foto ze soust\u0159ed\u011bn\u00ed na Lanzerote poskytla \u010cesk\u00e1 televize <\/p>\n","protected":false},"excerpt":{"rendered":"<a href=\"https:\/\/www.caths.cz\/wordpress\/cesta-k-vitezstvi-novy-dokumentarni-cyklus-ceske-televize\/\"><img loading=\"lazy\" decoding=\"async\" width=\"100\" height=\"100\" src=\"https:\/\/www.caths.cz\/wordpress\/wp-content\/plugins\/thumbnail-for-excerpts\/tfe_no_thumb.png\" class=\"alignleft wp-post-image tfe\" alt=\"\" title=\"\" \/><\/a><p>Co obn\u00e1\u0161\u00ed p\u0159\u00edprava favorit\u016f na OH 2008 v Pekingu? Desetiboja\u0159 Roman \u0160ebrle a paralympionici Roman Musil a Ji\u0159\u00ed Je\u017eek v dokument\u00e1rn\u00edm cyklu J. Harvana. Prvn\u00ed d\u00edl dokument\u00e1rn\u00edho cyklu Cesta k [&hellip;]<\/p>\n","protected":false},"author":1,"featured_media":0,"comment_status":"closed","ping_status":"closed","sticky":false,"template":"","format":"standard","meta":{"ngg_post_thumbnail":0,"footnotes":""},"categories":[1],"tags":[],"class_list":["post-555","post","type-post","status-publish","format-standard","hentry","category-nezarazene"],"_links":{"self":[{"href":"https:\/\/www.caths.cz\/wordpress\/wp-json\/wp\/v2\/posts\/555","targetHints":{"allow":["GET"]}}],"collection":[{"href":"https:\/\/www.caths.cz\/wordpress\/wp-json\/wp\/v2\/posts"}],"about":[{"href":"https:\/\/www.caths.cz\/wordpress\/wp-json\/wp\/v2\/types\/post"}],"author":[{"embeddable":true,"href":"https:\/\/www.caths.cz\/wordpress\/wp-json\/wp\/v2\/users\/1"}],"replies":[{"embeddable":true,"href":"https:\/\/www.caths.cz\/wordpress\/wp-json\/wp\/v2\/comments?post=555"}],"version-history":[{"count":0,"href":"https:\/\/www.caths.cz\/wordpress\/wp-json\/wp\/v2\/posts\/555\/revisions"}],"wp:attachment":[{"href":"https:\/\/www.caths.cz\/wordpress\/wp-json\/wp\/v2\/media?parent=555"}],"wp:term":[{"taxonomy":"category","embeddable":true,"href":"https:\/\/www.caths.cz\/wordpress\/wp-json\/wp\/v2\/categories?post=555"},{"taxonomy":"post_tag","embeddable":true,"href":"https:\/\/www.caths.cz\/wordpress\/wp-json\/wp\/v2\/tags?post=555"}],"curies":[{"name":"wp","href":"https:\/\/api.w.org\/{rel}","templated":true}]}}