{"id":552,"date":"2008-02-25T09:28:22","date_gmt":"2008-02-25T08:28:22","guid":{"rendered":"http:\/\/www.caths.cz\/wordpress\/?p=552"},"modified":"2008-02-25T09:28:22","modified_gmt":"2008-02-25T08:28:22","slug":"dominikansky-denik-jiriho-jezka-cast-2-prilet","status":"publish","type":"post","link":"https:\/\/www.caths.cz\/wordpress\/dominikansky-denik-jiriho-jezka-cast-2-prilet\/","title":{"rendered":"Dominik\u00e1nsk\u00fd den\u00edk Ji\u0159\u00edho Je\u017eka: \u010d\u00e1st 2. &#8211; p\u0159\u00edlet"},"content":{"rendered":"<p align=\"justify\">O\u010dima Soni Je\u017ekov\u00e9<\/p>\n<p align=\"justify\"> V \u00fater\u00fd 19.2.2008 v 10:00 jsme odlet\u011bli z Prahy leteckou spole\u010dnost\u00ed Air France, kter\u00e1 n\u00e1m ka\u017ed\u00fd rok zaji\u0161\u0165uje bezpe\u010dnou p\u0159epravu na\u0161ich zavazadel a hlavn\u011b kol! Let do Santo Dominga, hlavn\u00edho m\u011bsta Dominik\u00e1nsk\u00e9 republiky, s p\u0159estupem v Pa\u0159\u00ed\u017ei byl pohodln\u00fd a 10 hodin cesty n\u00e1m kupodivu uteklo rychle. Pravd\u011bpodobn\u011b k tomu p\u0159isp\u011blo i skv\u011bl\u00e9 francouzsk\u00e9 v\u00edno, kter\u00e9 na palub\u011b serv\u00edruj\u00ed automaticky k j\u00eddlu a po kter\u00e9m se n\u00e1m poda\u0159ilo na n\u011bjakou dobu usnout! Jirka si v\u00edno samoz\u0159ejm\u011b nedal, ale usnul taky. <br \/> <a href=\"\/image\/k_clankum\/vuelta_1.jpg\"><img decoding=\"async\" src=\"\/image\/k_clankum\/vuelta_1_thumb.jpg\" alt=\"p\u0159\u00edlet\" hspace=\"3\" align=\"left\"><\/a> Po p\u0159ist\u00e1n\u00ed a vy\u0159\u00edzen\u00ed \u201enezbytn\u00fdch\u201c formalit jsme si vyzvedli na\u0161e \u010derven\u00e9 reprezenta\u010dn\u00ed ta\u0161ky a vaky s koly. Ve zmatku na leti\u0161ti se n\u00e1m ov\u0161em ztratil batoh s ve\u0161kerou sportovn\u00ed v\u00fd\u017eivou Nutrend. Leti\u0161tn\u00ed person\u00e1l n\u00e1s uji\u0161\u0165oval, \u017ee zavazadlo z letadla vylo\u017eili a \u017ee se tedy ur\u010dit\u011b najde. Trochu n\u00e1s to rozladilo, ale nedalo se nic d\u011blat. U v\u00fdchodu na n\u00e1s u\u017e \u010dekal \u0159idi\u010d z Dominik\u00e1nsk\u00e9 cyklistick\u00e9 federace a odvezl n\u00e1s do hotelu. Z auta jsem je\u0161t\u011b pro jistotu zavolali do m\u00edstn\u00ed pobo\u010dky Air France, kde n\u00e1m sl\u00edbili, \u017ee se o batoh postaraj\u00ed. Pot\u0159ebovali jsme toti\u017e m\u00edt jistotu, proto\u017ee bez nezbytn\u00fdch v\u00fd\u017eivov\u00fdch dopl\u0148k\u016f, by tak t\u011b\u017ek\u00fd z\u00e1vod nemohl Jirka v\u016fbec absolvovat. B\u011bhem p\u00e1r hodin n\u00e1m pak volali, \u017ee batoh omylem n\u011bkdo odnesl, ale na\u0161t\u011bst\u00ed vr\u00e1til. <br \/> <a href=\"\/image\/k_clankum\/vuelta_2.jpg\"><img decoding=\"async\" src=\"\/image\/k_clankum\/vuelta_2_thumb.jpg\" alt=\"p\u0159\u00edlet\" hspace=\"3\" align=\"left\"><\/a> Ubytovali n\u00e1s do t\u0159\u00edhv\u011bzdi\u010dkov\u00e9ho hotelu (od Evropana by ale dostal st\u011b\u017e\u00ed hv\u011bzdu jednu\u2026) pobl\u00ed\u017e Olympijsk\u00e9ho centra, kde s\u00eddl\u00ed m\u00edstn\u00ed cyklistick\u00e1 federace. Jsme tedy kousek od z\u00e1kladny v\u0161eho d\u011bn\u00ed. Ubytov\u00e1n\u00ed je mizern\u00e9, ale z minul\u00fdch let jsme b\u011bhem z\u00e1vodu zvykl\u00ed i na hor\u0161\u00ed, kdy na v\u00e1s ze zdi kouk\u00e1 m\u00edsto sprchy jen roura a \u0161t\u011bst\u00ed je, kdy\u017e z n\u00ed te\u010de aspo\u0148 studen\u00e1 voda. Na druhou stranu se m\u016f\u017ee st\u00e1t, \u017ee se hned druh\u00fd den ocitneme v luxusn\u00edm 5 hv\u011bzdi\u010dkov\u00e9m hotelu. Kontrast\u016f je toti\u017e Dominik\u00e1nsk\u00e1 republika pln\u00e1. <br \/><a href=\"\/image\/k_clankum\/vuelta_3.jpg\"><img decoding=\"async\" src=\"\/image\/k_clankum\/vuelta_3_thumb.jpg\" alt=\"p\u0159\u00edlet\" hspace=\"3\" align=\"left\"><\/a> B\u011bhem t\u011bch t\u0159\u00ed dn\u016f p\u0159ed za\u010d\u00e1tkem z\u00e1vod\u016f jsme se sta\u010dili zaklimatizovat a z\u00edskali jsme z\u00e1kladn\u00ed informace o pr\u016fb\u011bhu leto\u0161n\u00ed Vuelty. Pro Jirku ka\u017edoro\u010dn\u011b znamenaj\u00ed posledn\u00ed dny p\u0159ed startem koloto\u010d tiskov\u00fdch konferenc\u00ed a r\u016fzn\u00fdch setk\u00e1n\u00ed, proto\u017ee pat\u0159\u00ed k velk\u00fdm osobnostem z\u00e1vodu. P\u0159itom v\u0161em se ale mus\u00ed i tr\u00e9novat. Na dopoledn\u00ed tr\u00e9nink tedy Jirka s Viktorem (tren\u00e9rem Viktorem Zapletalem \u2013 pozn. red.) vyr\u00e1\u017e\u00ed v 9h a odpoledne tak okolo \u010dtvrt\u00e9. N\u00e1sleduje mas\u00e1\u017e a ve\u010de\u0159e. <br \/> T\u0159i dny tak utekly stra\u0161n\u011b rychle a u\u017e je tu p\u00e1tek. Odpoledne jedeme s Jirkou na audienci k prezidentovi Dominik\u00e1nsk\u00e9 republiky a pak u\u017e \u010dek\u00e1 ve\u010dern\u00ed prolog z\u00e1vodu\u2026 <\/p>\n","protected":false},"excerpt":{"rendered":"<a href=\"https:\/\/www.caths.cz\/wordpress\/dominikansky-denik-jiriho-jezka-cast-2-prilet\/\"><img loading=\"lazy\" decoding=\"async\" width=\"100\" height=\"100\" src=\"https:\/\/www.caths.cz\/wordpress\/wp-content\/plugins\/thumbnail-for-excerpts\/tfe_no_thumb.png\" class=\"alignleft wp-post-image tfe\" alt=\"\" title=\"\" \/><\/a><p>O\u010dima Soni Je\u017ekov\u00e9 V \u00fater\u00fd 19.2.2008 v 10:00 jsme odlet\u011bli z Prahy leteckou spole\u010dnost\u00ed Air France, kter\u00e1 n\u00e1m ka\u017ed\u00fd rok zaji\u0161\u0165uje bezpe\u010dnou p\u0159epravu na\u0161ich zavazadel a hlavn\u011b kol! Let do [&hellip;]<\/p>\n","protected":false},"author":1,"featured_media":0,"comment_status":"closed","ping_status":"closed","sticky":false,"template":"","format":"standard","meta":{"ngg_post_thumbnail":0,"footnotes":""},"categories":[2],"tags":[],"class_list":["post-552","post","type-post","status-publish","format-standard","hentry","category-cyklistika"],"_links":{"self":[{"href":"https:\/\/www.caths.cz\/wordpress\/wp-json\/wp\/v2\/posts\/552","targetHints":{"allow":["GET"]}}],"collection":[{"href":"https:\/\/www.caths.cz\/wordpress\/wp-json\/wp\/v2\/posts"}],"about":[{"href":"https:\/\/www.caths.cz\/wordpress\/wp-json\/wp\/v2\/types\/post"}],"author":[{"embeddable":true,"href":"https:\/\/www.caths.cz\/wordpress\/wp-json\/wp\/v2\/users\/1"}],"replies":[{"embeddable":true,"href":"https:\/\/www.caths.cz\/wordpress\/wp-json\/wp\/v2\/comments?post=552"}],"version-history":[{"count":0,"href":"https:\/\/www.caths.cz\/wordpress\/wp-json\/wp\/v2\/posts\/552\/revisions"}],"wp:attachment":[{"href":"https:\/\/www.caths.cz\/wordpress\/wp-json\/wp\/v2\/media?parent=552"}],"wp:term":[{"taxonomy":"category","embeddable":true,"href":"https:\/\/www.caths.cz\/wordpress\/wp-json\/wp\/v2\/categories?post=552"},{"taxonomy":"post_tag","embeddable":true,"href":"https:\/\/www.caths.cz\/wordpress\/wp-json\/wp\/v2\/tags?post=552"}],"curies":[{"name":"wp","href":"https:\/\/api.w.org\/{rel}","templated":true}]}}