{"id":550,"date":"2008-02-21T08:45:25","date_gmt":"2008-02-21T07:45:25","guid":{"rendered":"http:\/\/www.caths.cz\/wordpress\/?p=550"},"modified":"2008-02-21T08:45:25","modified_gmt":"2008-02-21T07:45:25","slug":"nominace-stolnich-tenistu-na-lph-do-pekingu","status":"publish","type":"post","link":"https:\/\/www.caths.cz\/wordpress\/nominace-stolnich-tenistu-na-lph-do-pekingu\/","title":{"rendered":"Nominace stoln\u00edch tenist\u016f na LPH do Pekingu"},"content":{"rendered":"<p align=\"justify\">V p\u0159\u00edm\u00e9 nominaci na LPH, kter\u00e1 vych\u00e1z\u00ed ze sv\u011btov\u00e9ho \u017eeb\u0159\u00ed\u010dku,  je p\u011bt \u010desk\u00fdch reprezentant\u016f.<\/p>\n<p align=\"justify\"> Jak se ji\u017e stalo zvykem, se \u010dtrn\u00e1ctidenn\u00edm odstupem po Olympijsk\u00fdch hr\u00e1ch 2008 v \u010d\u00ednsk\u00e9m Beijingu, se na stejn\u00e9m m\u00edst\u011b 6.-17.z\u00e1\u0159\u00ed uskute\u010dn\u00ed Paralympijsk\u00e9 hry 2008 pro zdravotn\u011b posti\u017een\u00e9 sportovce. <br \/> Stoln\u00ed tenist\u00e9 \u010cR, organizovan\u00ed v \u010cATHS (\u010cesk\u00e9 asociaci t\u011blesn\u011b hendikepovan\u00fdch sportovc\u016f), maj\u00ed v p\u0159\u00edm\u00e9 nominaci, kter\u00e1 vych\u00e1z\u00ed ze sv\u011btov\u00fdch \u017eeb\u0159\u00ed\u010dk\u016f k 1.1.2008, p\u011bt hr\u00e1\u010d\u016f. Jsou jimi Ivan Karabec (kategorie posti\u017een\u00ed 10), Jaroslav Cieslar (9), Zbyn\u011bk Lambert (7), Ren\u00e9 Tau\u0161 (5) a Michal Stefanu (4). Prvn\u00ed t\u0159i jmenovan\u00ed pat\u0159\u00ed do kategori\u00ed stoj\u00edc\u00edch, Tau\u0161 a Stefanu jsou p\u0159edstaviteli stoln\u00edho tenisu voz\u00ed\u010dk\u00e1\u0159\u016f. <br \/> Mezi ofici\u00e1ln\u00edmi n\u00e1hradn\u00edky, kte\u0159\u00ed tvo\u0159\u00ed 10% p\u0159\u00edmo nominovan\u00fdch + 3, pat\u0159\u00ed je\u0161t\u011b Michala De La Bourdonnaye (10), Jaroslava Jane\u010dkov\u00e1 (8), Daniel Horut (7) a Lubom\u00edr Tr\u010dka (4). Stejn\u011b jako u p\u0159\u00edmo nominovan\u00fdch i u n\u00e1hradn\u00edk\u016f byl s nominac\u00ed vysloven souhlas \u010cPV (\u010cesk\u00e9ho paralympijsk\u00e9ho v\u00fdboru), \u010d\u00edm\u017e se dostali do v\u00fdb\u011brov\u00e9ho \u0159\u00edzen\u00ed na voln\u00e1 m\u00edsta. <br \/> De La Bourdonnaye a Jane\u010dkov\u00e1 jsou druh\u00fdmi n\u00e1hradnicemi na jedno voln\u00e9 m\u00edsto, Horut t\u0159et\u00edm n\u00e1hradn\u00edkem na dv\u011b voln\u00e1 m\u00edsta, ale s \u0161anc\u00ed na sv\u00e9 dopln\u011bn\u00ed do dru\u017estva M7 k Lambertovi. Tr\u010dka je a\u017e sedm\u00fdm n\u00e1hradn\u00edkem na t\u0159i voln\u00e1 m\u00edsta v M4-5, ale prvn\u00edch p\u011bt n\u00e1hradn\u00edk\u016f (t\u0159i Francouzi, \u010c\u00ed\u0148an a Korejec) je ze zem\u00ed, kter\u00e9 ji\u017e maj\u00ed v p\u0159\u00edm\u00e9 nominaci t\u0159i hr\u00e1\u010de, a mohou proto p\u0159\u00edpadn\u011b nahradit jen sv\u00e9 krajany a nemohou b\u00fdt dosazeni na voln\u00e1 m\u00edsta. <br \/> Po tomto kole vyjas\u0148ov\u00e1n\u00ed jmenovit\u00e9 nominace v jednotliv\u00fdch kategori\u00edch posti\u017een\u00ed, p\u0159ijde na \u0159adu jedn\u00e1n\u00ed tzv. bipartitn\u00ed komise, kter\u00e1 rozhodne o zapln\u011bn\u00ed voln\u00fdch m\u00edst. Zde budou uplat\u0148ov\u00e1na sp\u00ed\u0161e jin\u00e1 kriteria, ne\u017e v\u00fdkonnostn\u00ed, a to roz\u0161\u00ed\u0159en\u00ed stoln\u00edho tenisu t\u011blesn\u011b posti\u017een\u00fdch sportovc\u016f po cel\u00e9m sv\u011bt\u011b, zv\u00fdhodn\u011bn\u00ed v\u00edce posti\u017een\u00fdch hr\u00e1\u010d\u016f, vr\u00e1cen\u00ed \u0161ance t\u011bm, kdo maj\u00ed evidentn\u011b \u0161pi\u010dkovou v\u00fdkonnost, ale nemohli to z r\u016fzn\u00fdch d\u016fvod\u016f v kvalifika\u010dn\u00edm obdob\u00ed prok\u00e1zat. Definitivn\u00ed obsazen\u00ed voln\u00fdch m\u00edst bude jednotliv\u00fdm NPV ozn\u00e1meno nejpozd\u011bji do 21.b\u0159ezna. <br \/> Ve st\u00e1le se zkvalit\u0148uj\u00edc\u00ed mezin\u00e1rodn\u00ed konkurenci nebude v\u016fbec snadn\u00e9 se na PH 2008 prosadit. Karabec a Stefanu ji\u017e ve sv\u00e9 bohat\u00e9 sportovn\u00ed kari\u00e9\u0159e vrcholov\u00fdch stoln\u00edch tenist\u016f maj\u00ed i zlat\u00e9 paralympijsk\u00e9 medaile z dvouhry (z PH 2000 v Sydney) a st\u00e1le pat\u0159\u00ed k \u0161ir\u0161\u00ed sv\u011btov\u00e9 \u0161pi\u010dce. Konkurence ale roste ve v\u0161ech zem\u00edch a zejm\u00e9na dom\u00e1c\u00ed \u010c\u00ed\u0148an\u00e9 budou mimo\u0159\u00e1dn\u011b siln\u00ed, co\u017e uk\u00e1zali ji\u017e na MS 2006 v Montreaux, kde byli jako v\u00fdprava suver\u00e9nn\u011b nej\u00fasp\u011b\u0161n\u011bj\u0161\u00ed. Velkou \u0161anci na \u00fasp\u011bch bude m\u00edt i dru\u017estvo mu\u017e\u016f M4-5 Stefanu-Tau\u0161, v minulosti z\u00edskali ji\u017e mno\u017estv\u00ed vav\u0159\u00edn\u016f i Karabec s Cieslarem, tentokr\u00e1t ale budou poprv\u00e9 sout\u011b\u017eit ve spojen\u00fdch kategori\u00edch M9-10, v nich\u017e je \u0159ada hr\u00e1\u010d\u016f s v\u00fdrazn\u011b men\u0161\u00edm posti\u017een\u00edm, ne\u017e m\u00e1 Cieslar. <br \/> To v\u00fdrazn\u011b zvy\u0161uje zat\u00ed\u017een\u00ed Karabce, bez jeho\u017e stoprocentn\u00edch dvouher a dobr\u00e9 \u010dty\u0159hry nelze na \u00fasp\u011bch pom\u00fd\u0161let. Pokud by do\u0161lo k za\u0159azen\u00ed Horuta a vytvo\u0159en\u00ed dru\u017estva CZE M7 Lambert-Horut, tak i od t\u00e9to kombinace lze p\u0159i ide\u00e1ln\u00edm pr\u016fb\u011bhu boj\u016f a p\u0159i dobr\u00e9m vylosov\u00e1n\u00ed o\u010dek\u00e1vat solidn\u00ed v\u00fdsledek. Individu\u00e1ln\u00ed pr\u016fnik mezi nejlep\u0161\u00ed se od Tau\u0161e, Lamberta, Horuta ani Cieslara re\u00e1ln\u011b o\u010dek\u00e1vat ned\u00e1, mohou ale v\u0161echny p\u0159ekvapit. <br \/> Ji\u017e samotn\u00fd boj o pr\u00e1vo \u00fa\u010dasti na PH 2008 si vy\u017eadoval opakovan\u00e9 nadpr\u016fm\u011brn\u00e9 v\u00fdsledky jednotliv\u00fdch hr\u00e1\u010d\u016f, proto\u017ee, jak ji\u017e bylo uvedeno, do Beijingu se pod\u00edvaj\u00ed jen ti nejlep\u0161\u00ed z dobr\u00fdch. <br \/> V r\u00e1mci p\u0159\u00edpravy na PH 2008 absolvuj\u00ed stoln\u00ed tenist\u00e9 \u010cATHS mezin\u00e1rodn\u00ed starty v anglick\u00e9m Liverpoolu (13.-16.3.), v jord\u00e1nsk\u00e9m Amm\u00e1nu (29.3.-4.4.), ve slovinsk\u00e9m La\u0161ku (29.4.-4.5.), v polsk\u00e9m Cetniewu (14.-18.5.), v Pie\u0161\u0165anech (28.5.-1.6.) a v rumunsk\u00e9 Cluji (11.-15.6.). Ne v\u0161ichni jmenovan\u00ed reprezentanti \u010cR budou \u00fa\u010dastni na v\u0161ech t\u011bchto akc\u00edch. P\u016fjde o udr\u017eov\u00e1n\u00ed jejich v\u00fdkonnosti a posilov\u00e1n\u00ed sout\u011b\u017eivosti v mezin\u00e1rodn\u00ed konkurenci , ale tak\u00e9 o zisky dal\u0161\u00edch bod\u016f do sv\u011btov\u00e9ho \u017eeb\u0159\u00ed\u010dku, jeho\u017e stav k 1.7.2008 bude rozhoduj\u00edc\u00ed pro nasazen\u00ed do skupin na PH 2008. A ur\u010dit\u011b je rozd\u00edl pat\u0159it k nejv\u00fd\u0161e nasazen\u00fdm a v\u00e9st skupinu nebo b\u00fdt jen p\u0159ilosov\u00e1n do skupiny n\u011bkter\u00e9ho z favorit\u016f. <\/p>\n<p> Jaroslav H\u00fdbner<br \/> reprezenta\u010dn\u00ed tren\u00e9r stoln\u00edch tenist\u016f \u010cATHS <\/p>\n","protected":false},"excerpt":{"rendered":"<a href=\"https:\/\/www.caths.cz\/wordpress\/nominace-stolnich-tenistu-na-lph-do-pekingu\/\"><img loading=\"lazy\" decoding=\"async\" width=\"100\" height=\"100\" src=\"https:\/\/www.caths.cz\/wordpress\/wp-content\/plugins\/thumbnail-for-excerpts\/tfe_no_thumb.png\" class=\"alignleft wp-post-image tfe\" alt=\"\" title=\"\" \/><\/a><p>V p\u0159\u00edm\u00e9 nominaci na LPH, kter\u00e1 vych\u00e1z\u00ed ze sv\u011btov\u00e9ho \u017eeb\u0159\u00ed\u010dku, je p\u011bt \u010desk\u00fdch reprezentant\u016f. Jak se ji\u017e stalo zvykem, se \u010dtrn\u00e1ctidenn\u00edm odstupem po Olympijsk\u00fdch hr\u00e1ch 2008 v \u010d\u00ednsk\u00e9m Beijingu, se [&hellip;]<\/p>\n","protected":false},"author":1,"featured_media":0,"comment_status":"closed","ping_status":"closed","sticky":false,"template":"","format":"standard","meta":{"ngg_post_thumbnail":0,"footnotes":""},"categories":[19],"tags":[],"class_list":["post-550","post","type-post","status-publish","format-standard","hentry","category-stolni-tenis"],"_links":{"self":[{"href":"https:\/\/www.caths.cz\/wordpress\/wp-json\/wp\/v2\/posts\/550","targetHints":{"allow":["GET"]}}],"collection":[{"href":"https:\/\/www.caths.cz\/wordpress\/wp-json\/wp\/v2\/posts"}],"about":[{"href":"https:\/\/www.caths.cz\/wordpress\/wp-json\/wp\/v2\/types\/post"}],"author":[{"embeddable":true,"href":"https:\/\/www.caths.cz\/wordpress\/wp-json\/wp\/v2\/users\/1"}],"replies":[{"embeddable":true,"href":"https:\/\/www.caths.cz\/wordpress\/wp-json\/wp\/v2\/comments?post=550"}],"version-history":[{"count":0,"href":"https:\/\/www.caths.cz\/wordpress\/wp-json\/wp\/v2\/posts\/550\/revisions"}],"wp:attachment":[{"href":"https:\/\/www.caths.cz\/wordpress\/wp-json\/wp\/v2\/media?parent=550"}],"wp:term":[{"taxonomy":"category","embeddable":true,"href":"https:\/\/www.caths.cz\/wordpress\/wp-json\/wp\/v2\/categories?post=550"},{"taxonomy":"post_tag","embeddable":true,"href":"https:\/\/www.caths.cz\/wordpress\/wp-json\/wp\/v2\/tags?post=550"}],"curies":[{"name":"wp","href":"https:\/\/api.w.org\/{rel}","templated":true}]}}