{"id":548,"date":"2008-02-18T21:09:39","date_gmt":"2008-02-18T20:09:39","guid":{"rendered":"http:\/\/www.caths.cz\/wordpress\/?p=548"},"modified":"2008-02-18T21:09:39","modified_gmt":"2008-02-18T20:09:39","slug":"dominikansky-denik-jiriho-jezka-cast-1-prolog","status":"publish","type":"post","link":"https:\/\/www.caths.cz\/wordpress\/dominikansky-denik-jiriho-jezka-cast-1-prolog\/","title":{"rendered":"Dominik\u00e1nsk\u00fd den\u00edk Ji\u0159\u00edho Je\u017eka: \u010d\u00e1st 1. &#8211; prolog"},"content":{"rendered":"<p align=\"justify\">\nTouto \u00favodn\u00ed \u010d\u00e1st\u00ed, cyklisticky \u0159e\u010deno &#8222;prologem&#8220;, zahajujeme seri\u00e1l report\u00e1\u017e\u00ed z etapov\u00e9ho z\u00e1vodu profesion\u00e1l\u016f, Vuelta Dominicana, na kter\u00fd za p\u00e1r hodin odl\u00e9t\u00e1 jeden z nejlep\u0161\u00edch handicapovan\u00fdch cyklist\u016f sv\u011bta, \u00fa\u0159aduj\u00edc\u00ed mistr sv\u011bta a paralympijsk\u00fd v\u00edt\u011bz, Ji\u0159\u00ed Je\u017eek. Pravideln\u011b v\u00e1m budeme p\u0159in\u00e1\u0161et post\u0159ehy z tohoto v\u00fdjime\u010dn\u00e9ho z\u00e1vodu pod n\u00e1zvem &#8222;Dominik\u00e1nsk\u00fd den\u00edk Ji\u0159\u00edho Je\u017eka&#8220;.\n<\/p>\n<p align=\"justify\"> <strong> 1. Jak\u00fd je z\u00e1vod VUELTA DOMINICANA? <br \/><\/strong> Jedn\u00e1 se o desetidenn\u00ed profesion\u00e1ln\u00ed etapov\u00fd z\u00e1vod, takov\u00e1 st\u0159edoamerick\u00e1 obdoba na\u0161eho zn\u00e1m\u00e9ho Z\u00e1vodu m\u00edru. Z\u00e1vod m\u00e1 velkou tradici, letos se jede ji\u017e 29. ro\u010dn\u00edk. Pln\u00fd n\u00e1zev &#8211; \u201eVuelta Cicl\u00edstica Independencia Nacional Rep\u00fablica Dominicana\u201c &#8211; zna\u010d\u00ed, \u017ee z\u00e1vod je oslavou n\u00e1rodn\u00edho dne nez\u00e1vislosti, kter\u00fd Dominik\u00e1nci slav\u00ed 27. \u00fanora. <\/p>\n<p> <strong> 2. Jak ses na takov\u00fd z\u00e1vod p\u0159ipravoval? Tv\u016fj tren\u00e9r ned\u00e1vno uvedl informaci, \u017ee jste pon\u011bkud pozm\u011bnili rozlo\u017een\u00ed tr\u00e9ninkov\u00fdch d\u00e1vek a tak\u00e9 je zn\u00e1m\u00e9, \u017ee ses p\u0159ipravoval t\u00e9m\u011b\u0159 3 m\u011bs\u00edce v zahrani\u010d\u00ed. <br \/><\/strong> <a href=\"\/image\/k_clankum\/domin1.jpg\"><img decoding=\"async\" src=\"\/image\/k_clankum\/domin1_thumb.jpg\" alt=\"start\" hspace=\"3\" align=\"left\"><\/a> Z\u00e1vod samotn\u00fd pro m\u011b letos nen\u00ed p\u0159\u00edli\u0161 d\u016fle\u017eit\u00fd z hlediska v\u00fdsledku, \u010di m\u00e9ho \u00fa\u010dinkov\u00e1n\u00ed, ale je v\u00fdznamnou \u010d\u00e1st\u00ed p\u0159\u00edpravy na leto\u0161n\u00ed paralympijskou sez\u00f3nu. Z\u00e1vod je pro n\u00e1s ukon\u010den\u00edm n\u00e1ro\u010dn\u00e9ho bloku zimn\u00ed p\u0159\u00edpravy. Slovo \u201ezimn\u00ed\u201c m\u00e1 v\u0161ak letos pro m\u011b v\u00fdznam pouze \u010dasov\u00fd, proto\u017ee podstatnou \u010d\u00e1st tohoto obdob\u00ed jsem na\u0161t\u011bst\u00ed m\u011bl mo\u017enost str\u00e1vit v teple, za co\u017e jsem moc vd\u011b\u010dn\u00fd \u010cATHS a sv\u00fdm osobn\u00edm partner\u016fm. Nadstandartn\u00ed mo\u017enost p\u0159\u00edpravy je p\u0159i sou\u010dasn\u00e9 absolutn\u00ed profesionalit\u011b cyklistiky hendikepovan\u00fdch nezbytnost\u00ed a j\u00e1 si moc v\u00e1\u017e\u00edm toho, \u017ee d\u00edky podpo\u0159e mohu se sv\u011btem st\u00e1le dr\u017eet krok. Po velice n\u00e1ro\u010dn\u00e9 objemov\u00e9 f\u00e1zi tr\u00e9ninku b\u011bhem prosince a ledna bude pro m\u011b Vuelta Dominicana vyvrcholen\u00edm nab\u00edr\u00e1n\u00ed \u201ehrub\u00e9 fyzick\u00e9 kondice\u201c pro jarn\u00ed z\u00e1vodn\u00ed blok. Pl\u00e1nujeme, \u017ee ze z\u00e1kladu z leto\u0161n\u00ed zimy bych m\u011bl \u201e\u017e\u00edt\u201c a\u017e do paralympi\u00e1dy v Pekingu. <\/p>\n<p> <strong> 3. Pokud jsi doma a teplota je hluboko pod bodem mrazu, tr\u00e9nuje\u0161 v motolsk\u00e9 hale a doma na trena\u017eeru. Sly\u0161eli jsme, \u017ee m\u00e1\u0161 &#8222;chytr\u00fd trena\u017e\u00e9r&#8220;. O co jde? <br \/><\/strong> <a href=\"\/image\/k_clankum\/domin2.jpg\"><img decoding=\"async\" src=\"\/image\/k_clankum\/domin2_thumb.jpg\" alt=\"\u010dasovka\" hspace=\"3\" align=\"left\"><\/a> Ano, m\u00e1m doma speeci\u00e1ln\u00ed cyklistick\u00fd trena\u017e\u00e9r, kter\u00fd ve spojen\u00ed s po\u010d\u00edta\u010dem ide\u00e1ln\u011b simuluje z\u00e1t\u011b\u017e. Program zahrnuje mno\u017estv\u00ed \u201evirtu\u00e1ln\u00edch tr\u00e9ninkov\u00fdch trat\u00ed\u201c r\u016fzn\u00fdch profil\u016f a d\u00e9lek. Sta\u010d\u00ed si jen vybrat kolik \u010dasu chci na kole jet a v jak n\u00e1ro\u010dn\u00e9m ter\u00e9nu. Od pln\u011b rovinat\u00fdch, a\u017e po brut\u00e1ln\u00ed kopcovit\u00e9 etapy, zn\u00e1m\u00e9 nap\u0159. z Giro d\u00b4Italia. Trena\u017e\u00e9r, \u0159\u00edzen po\u010d\u00edta\u010dem, pak pomoc\u00ed elektromagnetick\u00e9 brzdy p\u0159id\u00e1v\u00e1 a ub\u00edr\u00e1 z\u00e1t\u011b\u017e v z\u00e1vislosti na dan\u00e9m profilu trati. Takov\u00fd tr\u00e9nink na trena\u017e\u00e9ru je \u010dasto \u201ev\u00fd\u017eivn\u011bj\u0161\u00ed\u201c ne\u017e samotn\u00e9 je\u017ed\u011bn\u00ed venku. Je to jedin\u00fd zp\u016fsob \u201eindoor tr\u00e9niku\u201c, kter\u00fd dok\u00e1\u017ei sn\u00e9st. Jinak toti\u017e na klasick\u00fdch v\u00e1lc\u00edch, \u010di b\u011b\u017en\u00e9m trena\u017e\u00e9ru um\u00edr\u00e1m nudou ji\u017e po p\u016fl hodin\u011b a nevydr\u017e\u00edm d\u00e9le, n\u011b\u017e hodinu. Na nov\u00e9m trena\u017e\u00e9ru jedu klidn\u011b p\u0159es t\u0159i hodiny. Je to ur\u010dit\u011b skv\u011bl\u00fd dopln\u011bk pro dny nep\u0159\u00edzniv\u00e9ho po\u010das\u00ed. <\/p>\n<p> <strong> 4. Pr\u016fm\u011brn\u00e1 teplota v Dominik\u00e1nsk\u00e9 republice je nyn\u00ed 30 stup\u0148\u016f. Veze\u0161 s sebou n\u011bjak\u00e9 speci\u00e1ln\u00ed produkty sportovn\u00ed v\u00fd\u017eivy od firmy NUTREND, kter\u00e1 se v t\u00e9to oblasti o tebe kompletn\u011b star\u00e1? <br \/><\/strong> Samotn\u00fd z\u00e1vod, i kdy\u017e ho jedu \u201epouze tr\u00e9ninkov\u011b\u201c je pro m\u011b stra\u0161n\u011b n\u00e1ro\u010dn\u00fd. Na startu je p\u0159es sto dvacet skv\u011bl\u00fdch profesion\u00e1l\u016f a j\u00e1 tu nohu prost\u011b nem\u00e1m&#8230; Ale na druhou stranu v podobn\u00e9 konkurenci startuji \u010dasto, tak\u017ee v\u00edm, co m\u011b \u010dek\u00e1. Nicm\u00e9n\u011b mus\u00edm b\u00fdt na 100% p\u0159ipraven. Samoz\u0159ejmost\u00ed je kompletn\u00ed v\u00fd\u017eiva a pitn\u00fd re\u017eim od olomouck\u00e9 firmy Nutrend. Horko, z\u00e1vodn\u00ed stres a fyzick\u00e1 \u00fanava t\u011blo vy\u010derp\u00e1v\u00e1 a abych byl p\u0159ipraven druh\u00fd den podat stejn\u00fd v\u00fdkon, mus\u00edm t\u011blu dodat v\u0161e nezbytn\u00e9. Krom\u011b hypotonick\u00fdch a carnitinov\u00fdch n\u00e1poj\u016f, regenera\u010dn\u00edch drink\u016f, energetick\u00fdch ty\u010dinek a gel\u016f, s sebou vezu i speci\u00e1ln\u00ed miner\u00e1ly, vitam\u00edny a kombinovan\u00e9 produkty, kter\u00e9 jsou pro m\u016fj optim\u00e1ln\u00ed v\u00fdkon a ochranu zdrav\u00ed nezbytn\u00e9. <\/p>\n<p> <strong> 5. U\u017e jsi absolvoval n\u011bkolik ro\u010dn\u00edk\u016f tohoto z\u00e1vodu. Cel\u00e9 to zn\u00ed velice exoticky, etap\u00e1k v Dominik\u00e1nsk\u00e9 republice &#8211; jak\u00e1 panuje div\u00e1ck\u00e1 atmosf\u00e9ra b\u011bhem z\u00e1vodu v t\u00e9to zemi, kter\u00e1 je p\u0159edev\u0161\u00edm turistick\u00fdm r\u00e1jem? <br \/><\/strong> Turistick\u00fdm r\u00e1jem Dominik\u00e1nsk\u00e1 republika ur\u010dit\u011b je, ale pouze v ur\u010dit\u00fdch oblastech. Jinak je to zem\u011b velice chud\u00e1 a zat\u00edm je\u0161t\u011b \u201epostupn\u011b se rozv\u00edjej\u00edc\u00ed\u201c. Ale lid\u00e9, i kdy\u017e \u010dasto velice chud\u00ed, jsou neuv\u011b\u0159iteln\u011b mil\u00ed, pohostinn\u00ed a otev\u0159en\u00ed. Ve vnitrozem\u00ed, kudy z\u00e1vod p\u0159ev\u00e1\u017en\u011b vede, je pro obyvatele obrovskou atrakc\u00ed, a tak nejen p\u0159i startu a v c\u00edli, ale i b\u011bhem etap, fand\u00ed pod\u00e9l silnic tis\u00edce lid\u00ed. A to je pro ka\u017ed\u00e9ho sportovce velice p\u0159\u00edjemn\u00e9. <\/p>\n<p> <strong> 6. Stal ses velmi popul\u00e1rn\u00ed sportovn\u00ed celebritou, p\u0159i p\u0159\u00edjezdu do Dominik\u00e1nsk\u00e9 republiky t\u011b v\u00edtaj\u00ed palcov\u00e9 titulky v novin\u00e1ch, absolvuje\u0161 n\u00e1v\u0161t\u011bvu u prezidenta&#8230; Je to velmi v\u00fdznamn\u00e1 propagace nejenom cyklistiky a sportu handicapovan\u00fdch, ale i \u010cesk\u00e9 republiky&#8230; <br \/><\/strong> <a href=\"\/image\/k_clankum\/domin3.jpg\"><img decoding=\"async\" src=\"\/image\/k_clankum\/domin3_thumb.jpg\" alt=\"v oble\u017een\u00ed fanou\u0161k\u016f\" hspace=\"3\" align=\"left\"><\/a> \u0158editel z\u00e1vodu a z\u00e1rove\u0148 president Dominik\u00e1nsk\u00e9 cyklistick\u00e9 federace, pan Juan Luis Rodriguez, kter\u00fd m\u011b p\u0159ed \u010dty\u0159mi lety na z\u00e1vod pozval, cht\u011bl, abych se stal motivac\u00ed pro m\u00edstn\u00ed mlad\u00e9 sportovce. Um\u00ed moje \u00fa\u010dinkov\u00e1n\u00ed v z\u00e1vod\u011b n\u00e1le\u017eit\u011b zpropagovat, a tak jsem se za ty t\u0159i ro\u010dn\u00edky stal \u201esou\u010d\u00e1st\u00ed\u201c z\u00e1vodu. Je p\u0159\u00edjemn\u00e9, kdy\u017e v\u00e1s u\u017e p\u0159i tr\u00e9ninku zastavuj\u00ed okolo jedouc\u00ed \u0159idi\u010di a v\u00edtaj\u00ed po roce zp\u00e1tky. Miluji tu otev\u0159enost a pohodov\u00fd \u017eivot Domink\u00e1nc\u016f a jsem moc r\u00e1d, \u017ee m\u011b tak trochu pova\u017euj\u00ed za \u201esv\u00e9ho\u201c. M\u00e1m radost, \u017ee se i d\u00edky m\u00e9mu p\u016fsoben\u00ed v z\u00e1vod\u011b \u201ena\u0161li\u201c dva mlad\u00ed hendikepovan\u00ed cyklist\u00e9 a douf\u00e1m, \u017ee se brzy dostanou na sv\u011btovou \u00farove\u0148. Jsem p\u0159ipraven jim k tomu pomoci. <\/p>\n<p> <strong> 7. M\u00e1\u0161 na tuto sez\u00f3nu \u00fapln\u011b nov\u00e9 vybaven\u00ed. Novinku firmy Mavic zapletan\u00e1, ultralehk\u00e1 karbonov\u00e1 kola, nov\u00fd r\u00e1m DURATEC m\u00e1\u0161 nast\u0159\u00edkan\u00fd v designu a barv\u00e1ch mistra sv\u011bta. Co se skr\u00fdv\u00e1 pod lakem, karbon, \u010di kombinace karbonu a hlin\u00edku, kterou ti firma DURATEC p\u0159ipravila do Bordeaux a na kter\u00e9 jsi z\u00edskal titul mistra sv\u011bta? <br \/><\/strong> Jde o r\u00e1m Cappel CR1, kter\u00fd m\u00e1 troj\u00faheln\u00edk hlavn\u00edch trubek duralov\u00fd, ale zadn\u00ed stavba je karbonov\u00e1. D\u00edky unik\u00e1tn\u00ed konstrukci si r\u00e1m zachoval tuhost pro ide\u00e1ln\u00ed p\u0159enos s\u00edly, ale je z\u00e1rove\u0148 \u0161etrn\u00fd k t\u011blu z\u00e1vodn\u00edka, proto\u017ee karbonov\u00e1 zadn\u00ed stavba pohlcuje vibrace a r\u00e1zy nerovn\u00e9 vozovky. je to vynikaj\u00edc\u00ed kolo, kter\u00e9 m\u011b loni dovezlo k titulu mistra sv\u011bta. <\/p>\n<p> <strong> 8. Na z\u00e1vody s tebou odj\u00ed\u017ed\u00ed i \u0161t\u00e1b \u010cesk\u00e9 televize&#8230; <br \/><\/strong> Jedn\u00e1 se o \u010dasosb\u011brn\u00fd dokument \u201eCesta k v\u00edt\u011bzstv\u00ed\u201c, kter\u00fd by m\u011bl div\u00e1k\u016fm p\u0159ibli\u017eovat p\u0159\u00edpravu Romana \u0160ebrleho na olympi\u00e1du a p\u0159\u00edpravu moj\u00ed na paralymp\u00e1du v Pekingu. Vys\u00edlat se bude od poloviny b\u0159ezna, ka\u017ed\u00fd t\u00fdden pravd\u011bpodobn\u011b v sobotu podve\u010der. Z pov\u011br\u010divosti z toho nejsem moc nad\u0161en, ale na druhou stranu je to pro ve\u0159ejnost jist\u011b zaj\u00edmav\u00fd projekt, kter\u00fd by m\u011bl uk\u00e1zat, jak n\u00e1ro\u010dn\u00e1 \u2013 nejen fyzicky &#8211; je p\u0159\u00edprava na vrcholn\u00fd sportovn\u00ed podnik. <\/p>\n<p> <strong> 9. Vra\u0165me se je\u0161t\u011b jednou k z\u00e1vodu, jsi jedin\u00fd handicapovan\u00fd cyklista sv\u011bta, kter\u00fd obdr\u017eel pozv\u00e1n\u00ed na tento profesion\u00e1ln\u00ed z\u00e1vod. \u010casto z\u00e1vod\u00ed\u0161 s profesion\u00e1ly t\u00e9 nejvy\u0161\u0161\u00ed kvality, p\u0159\u00edkladem je nap\u0159\u00edklad krit\u00e9rium po Tour de France v n\u011bmeck\u00e9m Rhede, kter\u00e9ho se \u00fa\u010dastn\u00ed hv\u011bzdy Tour de France. Ale krit\u00e9rium a etapov\u00fd z\u00e1vod je obrovsk\u00fd rozd\u00edl, jak\u00e9 etapy t\u011b \u010dekaj\u00ed? <br \/><\/strong> D\u00e9lky etap se pohybuj\u00ed od 110km do 165km. \u010c\u00e1st je rovinat\u00fdch, ty jsou velice rychl\u00e9, nerv\u00f3zn\u00ed a nebezpe\u010dn\u00e9. Etapy v kopc\u00edch zase b\u00fdvaj\u00ed velice n\u00e1ro\u010dn\u00e9 sv\u00fdm profilem. Je to opravdu t\u011b\u017ek\u00fd z\u00e1vod, mus\u00edm b\u00fdt po celou dobu stoprocentn\u011b koncentrovan\u00fd.<\/p>\n<p> <strong> 10. Z\u00e1vod pojede\u0161 za nejlep\u0161\u00ed profesion\u00e1ln\u00ed t\u00fdm Dominik\u00e1nsk\u00e9 republiky. Jakou funkci v t\u00fdmu m\u00e1\u0161? <\/p>\n<p><\/strong> M\u00e1m za \u00fakol maxim\u00e1ln\u011b podporovat dva l\u00eddry a z\u00e1rove\u0148 koordinovat a korigovat t\u0159i zb\u00fdvaj\u00edc\u00ed, v\u011bt\u0161inou m\u00e9n\u011b zku\u0161en\u00e9, z\u00e1vodn\u00edky. Tedy organizuji pr\u00e1ci \u201enosi\u010d\u016f vody\u201c, co\u017e v\u011bt\u0161inou dopadne tak, \u017ee v\u0161echnu \u201e\u010dernou pr\u00e1ci\u201c nakonec d\u011bl\u00e1m s\u00e1m&#8230; Ale o to v\u011bt\u0161\u00ed m\u00e1m radost, kdy\u017e se jednomu z l\u00eddr\u016f poda\u0159\u00ed ud\u011blat dobr\u00fd v\u00fdsledek. I kdy\u017e letos se (mo\u017en\u00e1 sobecky) budu v\u00edce soust\u0159edit s\u00e1m na sebe, tak aby z\u00e1vod pro m\u011b osobn\u011b splnil sv\u016fj \u00fa\u010del \u2013 aby byl co nejlep\u0161\u00ed p\u0159\u00edpravou na jarn\u00ed z\u00e1vody a pota\u017emo na vrchol sez\u00f3ny \u2013 z\u00e1\u0159ijov\u00e9 paralympijsk\u00e9 hry v Pekingu! <\/p>\n","protected":false},"excerpt":{"rendered":"<a href=\"https:\/\/www.caths.cz\/wordpress\/dominikansky-denik-jiriho-jezka-cast-1-prolog\/\"><img loading=\"lazy\" decoding=\"async\" width=\"100\" height=\"100\" src=\"https:\/\/www.caths.cz\/wordpress\/wp-content\/plugins\/thumbnail-for-excerpts\/tfe_no_thumb.png\" class=\"alignleft wp-post-image tfe\" alt=\"\" title=\"\" \/><\/a><p>Touto \u00favodn\u00ed \u010d\u00e1st\u00ed, cyklisticky \u0159e\u010deno &#8222;prologem&#8220;, zahajujeme seri\u00e1l report\u00e1\u017e\u00ed z etapov\u00e9ho z\u00e1vodu profesion\u00e1l\u016f, Vuelta Dominicana, na kter\u00fd za p\u00e1r hodin odl\u00e9t\u00e1 jeden z nejlep\u0161\u00edch handicapovan\u00fdch cyklist\u016f sv\u011bta, \u00fa\u0159aduj\u00edc\u00ed mistr sv\u011bta [&hellip;]<\/p>\n","protected":false},"author":1,"featured_media":0,"comment_status":"closed","ping_status":"closed","sticky":false,"template":"","format":"standard","meta":{"ngg_post_thumbnail":0,"footnotes":""},"categories":[2],"tags":[],"class_list":["post-548","post","type-post","status-publish","format-standard","hentry","category-cyklistika"],"_links":{"self":[{"href":"https:\/\/www.caths.cz\/wordpress\/wp-json\/wp\/v2\/posts\/548","targetHints":{"allow":["GET"]}}],"collection":[{"href":"https:\/\/www.caths.cz\/wordpress\/wp-json\/wp\/v2\/posts"}],"about":[{"href":"https:\/\/www.caths.cz\/wordpress\/wp-json\/wp\/v2\/types\/post"}],"author":[{"embeddable":true,"href":"https:\/\/www.caths.cz\/wordpress\/wp-json\/wp\/v2\/users\/1"}],"replies":[{"embeddable":true,"href":"https:\/\/www.caths.cz\/wordpress\/wp-json\/wp\/v2\/comments?post=548"}],"version-history":[{"count":0,"href":"https:\/\/www.caths.cz\/wordpress\/wp-json\/wp\/v2\/posts\/548\/revisions"}],"wp:attachment":[{"href":"https:\/\/www.caths.cz\/wordpress\/wp-json\/wp\/v2\/media?parent=548"}],"wp:term":[{"taxonomy":"category","embeddable":true,"href":"https:\/\/www.caths.cz\/wordpress\/wp-json\/wp\/v2\/categories?post=548"},{"taxonomy":"post_tag","embeddable":true,"href":"https:\/\/www.caths.cz\/wordpress\/wp-json\/wp\/v2\/tags?post=548"}],"curies":[{"name":"wp","href":"https:\/\/api.w.org\/{rel}","templated":true}]}}