{"id":547,"date":"2008-02-18T11:34:00","date_gmt":"2008-02-18T10:34:00","guid":{"rendered":"http:\/\/www.caths.cz\/wordpress\/?p=547"},"modified":"2008-02-18T11:34:00","modified_gmt":"2008-02-18T10:34:00","slug":"svetovy-pohar-ipc-v-bezeckem-lyzovani-v-isny-a-vuokatti","status":"publish","type":"post","link":"https:\/\/www.caths.cz\/wordpress\/svetovy-pohar-ipc-v-bezeckem-lyzovani-v-isny-a-vuokatti\/","title":{"rendered":"Sv\u011btov\u00fd poh\u00e1r IPC v b\u011b\u017eeck\u00e9m ly\u017eov\u00e1n\u00ed v Isny a Vuokatti"},"content":{"rendered":"<p align=\"justify\">\nSv\u011btov\u00e1 organizace IPC se vzhl\u00e9dla ve snaze b\u011b\u017eeck\u00e9 asociace FIS a v leto\u0161n\u00edm roce uspo\u0159\u00e1dala sv\u011btov\u00e9 poh\u00e1ry v b\u011b\u017eeck\u00e9m ly\u017eov\u00e1n\u00ed a biatlonu jako  Tour de ski \u2013 serii z\u00e1vod\u016f v n\u011bmeck\u00e9m Isny  (18. \u2013 22.1)  a ve finsk\u00e9m Vuokatti  (25. \u2013 29.1.).\n<\/p>\n<p align=\"justify\"> Na\u0161e mal\u00e9 skupina se je\u0161t\u011b v pr\u016fb\u011bhu p\u0159\u00edpravy zmen\u0161ila. Honza Bicek m\u011bl v\u00e1\u017en\u00e9 probl\u00e9my s adaptac\u00ed na prot\u00e9zu a tr\u00e9ninkov\u00e1 snaha jej dohnala a\u017e na st\u016fl chirurg\u016f a neschopenku dva t\u00fddny p\u0159ed z\u00e1vody.<br \/> Do Isny jsme tedy odjeli dva &#8211; j\u00e1 (Jan Havl\u00ed\u010dek) a Karel Dvo\u0159\u00e1k, s c\u00edlem odjet jeden z\u00e1vod. Po\u0159adatel\u00e9 nevhodn\u011b zkombinovali biatlon a b\u011b\u017eeck\u00e9 z\u00e1vody a my jsme si nemohli i z finan\u010dn\u00edch d\u016fvod\u016f dovolit \u010dekat na druh\u00fd z\u00e1vod t\u0159i pracovn\u00ed dny. <br \/> Podm\u00ednky v Isny byly takov\u00e9, jako cel\u00e1 leto\u0161n\u00ed zima &#8211; velmi tepl\u00e9 po\u010das\u00ed a t\u00e9m\u011b\u0159 \u017e\u00e1dn\u00fd sn\u00edh. Po\u0159adatel\u00e9 d\u011blali co mohli a p\u0159ipravili necel\u00e9 2 km dlouh\u00e9 trat\u011b se zahn\u011bdl\u00fdm sn\u011bhem. Bohu\u017eel po na\u0161em odjezdu \u00fapln\u011b zm\u011bnili pl\u00e1n z\u00e1vod\u016f, zru\u0161ili biatlon a uspo\u0159\u00e1dali dal\u0161\u00ed b\u011b\u017eeck\u00e9 z\u00e1vody. To je obr\u00e1zek po\u0159adatelsk\u00fdch zmatk\u016f, kter\u00e9 zde prov\u00e1zej\u00ed ka\u017ed\u00e9 z\u00e1vody.<br \/> Na 10 km volnou technikou obsadil Karel Dvo\u0159\u00e1k 21. m\u00edsto a Mirka Sedl\u00e1\u010dkov\u00e1 v kategorii nevidom\u00fdch p\u011bkn\u00e9 6. m\u00edsto. Z\u00e1vod stoj\u00edc\u00edch byl ve znamen\u00ed n\u00e1stupu hlavn\u011b z\u00e1vodn\u00edk\u016f atletick\u00fdch typ\u016f, z kategorie LW6. U Karla je p\u0159\u00edslibem sn\u00ed\u017een\u00ed odstupu od dal\u0161\u00edch z\u00e1vodn\u00edk\u016f. <\/p>\n<p> O necel\u00fd t\u00fdden pozd\u011bji jsme odlet\u011bli do finsk\u00e9ho Vuokatti, kde se konaly dal\u0161\u00ed z\u00e1vody tour. \u010cekaly n\u00e1s tam v\u00fdborn\u00e9 sn\u011bhov\u00e9 podm\u00ednky, kr\u00e1sn\u00e9, ale t\u011b\u017ek\u00e9 trat\u011b, vst\u0159\u00edcn\u00ed a perfektn\u00ed po\u0159adatel\u00e9. Vuokatti bude p\u0159\u00ed\u0161t\u00edm rokem po\u0159adatelem mistrovstv\u00ed sv\u011bta a m\u00e1me se opravdu na co t\u011b\u0161it. <br \/> V prvn\u00edm z\u00e1vod\u011b \u2013 sprintu volnou technikou &#8211; se Karlovi nepoda\u0159ilo zopakovat lo\u0148sk\u00fd postup. Chyb\u011blo mu 10 vte\u0159in na postup do \u010dtvrtfin\u00e1le. <br \/> Druh\u00fd z\u00e1vod volnou technikou na 20 km na velmi n\u00e1ro\u010dn\u00fdch kopcovat\u00fdch trat\u00edch jen potvrdil p\u0159evahu brusla\u0159\u016f z LW6 a Karel skon\u010dil dvac\u00e1t\u00fd. Povzbuzen\u00edm mu m\u016f\u017ee b\u00fdt zmen\u0161en\u00ed odstupu na prvn\u00edho z\u00e1vodn\u00edka o 12 % vzhledem k v\u00fdsledk\u016fm lo\u0148sk\u00e9ho roku. <br \/> V\u00edce jsme o\u010dek\u00e1vali od z\u00e1vodu klasickou technikou na 10 km. Servisn\u00ed t\u00fdm odvedl v n\u00e1ro\u010dn\u00fdch teplotn\u00edch a sn\u011bhov\u00fdch podm\u00ednk\u00e1ch (d\u00e9\u0161\u0165, sn\u00edh 0 stup\u0148\u016f ) dobrou pr\u00e1ci a \u010desk\u00fd z\u00e1vodn\u00edk m\u011bl jako jeden z m\u00e1la v\u00fdborn\u011b jedouc\u00ed ly\u017ee. Karel v\u0161ak bohu\u017eel asi 2 km p\u0159ed c\u00edlem ztratil uvoln\u011bnou prot\u00e9zu a ztr\u00e1tou 2 minut p\u0159i\u0161el o skalp v\u00fdborn\u00e9ho Francouze Yannicka Borseaux. P\u0159esto jeho 17. m\u00edsto a hlavn\u011b mal\u00e1 \u010dasov\u00e1 ztr\u00e1ta na prvn\u00ed des\u00edtku jsou uspokojiv\u00e9. <\/p>\n<p> Nezah\u00e1leli ani na\u0161i vyjedn\u00e1va\u010di a na rok 2010 je pl\u00e1nov\u00e1n sv\u011btov\u00fd poh\u00e1r IPC do Nov\u00e9ho M\u011bsta na Morav\u011b. P\u0159edstavitel\u00e9 IPC ji\u017e jen \u010dekaj\u00ed na oficieln\u00ed dopis presidenta Ski klubu, pana Petra Honzla. Po\u0159\u00e1d\u00e1n\u00ed sv\u011btov\u00e9ho poh\u00e1ru v na\u0161ich podm\u00ednk\u00e1ch a v olympijsk\u00e9m roce je v\u00fdzva v\u0161em sportovc\u016fm. <\/p>\n<p> Jan Havl\u00ed\u010dek, tren\u00e9r <\/p>\n<p> <img decoding=\"async\" src=\"\/wordpress\/image\/k_clankum\/vuokati1.jpg\" alt=\"Vuokatti\" align=\"center\"><\/p>\n<p> <img decoding=\"async\" src=\"\/wordpress\/image\/k_clankum\/vuokati2.jpg\" alt=\"Vuokatti\" align=\"center\"><\/p>\n<p> <img decoding=\"async\" src=\"\/wordpress\/image\/k_clankum\/vuokati3.jpg\" alt=\"Vuokatti\" align=\"center\"><\/p>\n<p> <img decoding=\"async\" src=\"\/wordpress\/image\/k_clankum\/vuokati4.jpg\" alt=\"Vuokatti\" align=\"center\"><\/p>\n<p> <img decoding=\"async\" src=\"\/wordpress\/image\/k_clankum\/vuokati5.jpg\" alt=\"Vuokatti\" align=\"center\"><\/p>\n","protected":false},"excerpt":{"rendered":"<a href=\"https:\/\/www.caths.cz\/wordpress\/svetovy-pohar-ipc-v-bezeckem-lyzovani-v-isny-a-vuokatti\/\"><img loading=\"lazy\" decoding=\"async\" width=\"100\" height=\"100\" src=\"https:\/\/www.caths.cz\/wordpress\/wp-content\/plugins\/thumbnail-for-excerpts\/tfe_no_thumb.png\" class=\"alignleft wp-post-image tfe\" alt=\"\" title=\"\" \/><\/a><p>Sv\u011btov\u00e1 organizace IPC se vzhl\u00e9dla ve snaze b\u011b\u017eeck\u00e9 asociace FIS a v leto\u0161n\u00edm roce uspo\u0159\u00e1dala sv\u011btov\u00e9 poh\u00e1ry v b\u011b\u017eeck\u00e9m ly\u017eov\u00e1n\u00ed a biatlonu jako Tour de ski \u2013 serii z\u00e1vod\u016f v [&hellip;]<\/p>\n","protected":false},"author":1,"featured_media":0,"comment_status":"closed","ping_status":"closed","sticky":false,"template":"","format":"standard","meta":{"ngg_post_thumbnail":0,"footnotes":""},"categories":[6],"tags":[],"class_list":["post-547","post","type-post","status-publish","format-standard","hentry","category-caths-info"],"_links":{"self":[{"href":"https:\/\/www.caths.cz\/wordpress\/wp-json\/wp\/v2\/posts\/547","targetHints":{"allow":["GET"]}}],"collection":[{"href":"https:\/\/www.caths.cz\/wordpress\/wp-json\/wp\/v2\/posts"}],"about":[{"href":"https:\/\/www.caths.cz\/wordpress\/wp-json\/wp\/v2\/types\/post"}],"author":[{"embeddable":true,"href":"https:\/\/www.caths.cz\/wordpress\/wp-json\/wp\/v2\/users\/1"}],"replies":[{"embeddable":true,"href":"https:\/\/www.caths.cz\/wordpress\/wp-json\/wp\/v2\/comments?post=547"}],"version-history":[{"count":0,"href":"https:\/\/www.caths.cz\/wordpress\/wp-json\/wp\/v2\/posts\/547\/revisions"}],"wp:attachment":[{"href":"https:\/\/www.caths.cz\/wordpress\/wp-json\/wp\/v2\/media?parent=547"}],"wp:term":[{"taxonomy":"category","embeddable":true,"href":"https:\/\/www.caths.cz\/wordpress\/wp-json\/wp\/v2\/categories?post=547"},{"taxonomy":"post_tag","embeddable":true,"href":"https:\/\/www.caths.cz\/wordpress\/wp-json\/wp\/v2\/tags?post=547"}],"curies":[{"name":"wp","href":"https:\/\/api.w.org\/{rel}","templated":true}]}}