{"id":545,"date":"2008-02-14T07:53:46","date_gmt":"2008-02-14T06:53:46","guid":{"rendered":"http:\/\/www.caths.cz\/wordpress\/?p=545"},"modified":"2008-02-14T07:53:46","modified_gmt":"2008-02-14T06:53:46","slug":"ceny-pro-viteze-souteze-foto-007-predany","status":"publish","type":"post","link":"https:\/\/www.caths.cz\/wordpress\/ceny-pro-viteze-souteze-foto-007-predany\/","title":{"rendered":"Ceny pro v\u00edt\u011bze sout\u011b\u017ee &quot;Foto 007&quot; p\u0159ed\u00e1ny"},"content":{"rendered":"<p align=\"justify\"> <img decoding=\"async\" src=\"\/image\/k_clankum\/ceny.jpg\" hspace=\"3\" align=\"left\"> V\u00edt\u011bz sout\u011b\u017ee foto 007 Miroslav \u0160ulc p\u0159evzal ceny od sponzor\u016f sout\u011b\u017ee, firem <strong>O.K.BAG a NUTREND<\/strong>. Gratulujeme a znovu zve\u0159ej\u0148ujeme v\u00edt\u011bznou fotku na kter\u00e9 je mistr sv\u011bta a paralympijsk\u00fd v\u00edt\u011bz, Marcel Pipek. <\/p>\n<p> <strong><a href=\"http:\/\/www.nutrend.cz\/\"><img decoding=\"async\" src=\"\/nutrend.gif\"><\/a><\/strong> <\/p>\n<p> <strong><a href=\"http:\/\/www.okbag.cz\/\"><img decoding=\"async\" src=\"\/okbag.gif\"><\/a><\/strong> <\/p>\n<p> V\u00cdT\u011aZN\u00c9 FOTO MIROSLAVA \u0160ULCE<br \/> <a href=\"image\/k_clankum\/fotoanketa_vitez.jpg\"> <img loading=\"lazy\" decoding=\"async\" src=\"\/image\/k_clankum\/fotoanketa_vitez_thumb.jpg\" width=\"490\" height=\"295\" alt=\"FOTO ROKU 007 - AUTOR: MIREK \u0160ULC\"><\/a><\/p>\n","protected":false},"excerpt":{"rendered":"<a href=\"https:\/\/www.caths.cz\/wordpress\/ceny-pro-viteze-souteze-foto-007-predany\/\"><img loading=\"lazy\" decoding=\"async\" width=\"100\" height=\"100\" src=\"https:\/\/www.caths.cz\/wordpress\/wp-content\/plugins\/thumbnail-for-excerpts\/tfe_no_thumb.png\" class=\"alignleft wp-post-image tfe\" alt=\"\" title=\"\" \/><\/a><p>V\u00edt\u011bz sout\u011b\u017ee foto 007 Miroslav \u0160ulc p\u0159evzal ceny od sponzor\u016f sout\u011b\u017ee, firem O.K.BAG a NUTREND. Gratulujeme a znovu zve\u0159ej\u0148ujeme v\u00edt\u011bznou fotku na kter\u00e9 je mistr sv\u011bta a paralympijsk\u00fd v\u00edt\u011bz, Marcel [&hellip;]<\/p>\n","protected":false},"author":1,"featured_media":0,"comment_status":"closed","ping_status":"closed","sticky":false,"template":"","format":"standard","meta":{"ngg_post_thumbnail":0,"footnotes":""},"categories":[6],"tags":[],"class_list":["post-545","post","type-post","status-publish","format-standard","hentry","category-caths-info"],"_links":{"self":[{"href":"https:\/\/www.caths.cz\/wordpress\/wp-json\/wp\/v2\/posts\/545","targetHints":{"allow":["GET"]}}],"collection":[{"href":"https:\/\/www.caths.cz\/wordpress\/wp-json\/wp\/v2\/posts"}],"about":[{"href":"https:\/\/www.caths.cz\/wordpress\/wp-json\/wp\/v2\/types\/post"}],"author":[{"embeddable":true,"href":"https:\/\/www.caths.cz\/wordpress\/wp-json\/wp\/v2\/users\/1"}],"replies":[{"embeddable":true,"href":"https:\/\/www.caths.cz\/wordpress\/wp-json\/wp\/v2\/comments?post=545"}],"version-history":[{"count":0,"href":"https:\/\/www.caths.cz\/wordpress\/wp-json\/wp\/v2\/posts\/545\/revisions"}],"wp:attachment":[{"href":"https:\/\/www.caths.cz\/wordpress\/wp-json\/wp\/v2\/media?parent=545"}],"wp:term":[{"taxonomy":"category","embeddable":true,"href":"https:\/\/www.caths.cz\/wordpress\/wp-json\/wp\/v2\/categories?post=545"},{"taxonomy":"post_tag","embeddable":true,"href":"https:\/\/www.caths.cz\/wordpress\/wp-json\/wp\/v2\/tags?post=545"}],"curies":[{"name":"wp","href":"https:\/\/api.w.org\/{rel}","templated":true}]}}