{"id":544,"date":"2008-02-10T18:51:14","date_gmt":"2008-02-10T17:51:14","guid":{"rendered":"http:\/\/www.caths.cz\/wordpress\/?p=544"},"modified":"2008-02-10T18:51:14","modified_gmt":"2008-02-10T17:51:14","slug":"prazsky-zimni-maraton-horskych-kol-tym-cyklistu-caths-obsadil-3-misto-v-soutezi-druzstev","status":"publish","type":"post","link":"https:\/\/www.caths.cz\/wordpress\/prazsky-zimni-maraton-horskych-kol-tym-cyklistu-caths-obsadil-3-misto-v-soutezi-druzstev\/","title":{"rendered":"Pra\u017esk\u00fd zimn\u00ed maraton horsk\u00fdch kol &#8211; t\u00fdm cyklist\u016f \u010cATHS obsadil 3. m\u00edsto v sout\u011b\u017ei dru\u017estev!"},"content":{"rendered":"<p align=\"justify\">\n<p>V sobotu 9. \u00fanora se v Praze za t\u00e9m\u011b\u0159 jarn\u00edho, kr\u00e1sn\u00e9ho po\u010das\u00ed uskute\u010dnil ji\u017e dev\u00e1t\u00fd ro\u010dn\u00edk popul\u00e1rn\u00edho z\u00e1vodu horsk\u00fdch kol Pra\u017esk\u00e1 zimn\u00ed pades\u00e1tka. V Dejvic\u00edch se na start postavilo 264 z\u00e1vodn\u00edk\u016f, v\u010detn\u011b \u010desk\u00e9 maratonsk\u00e9 \u0161pi\u010dky v kategorii MTB. <br \/>\nHandicapovan\u00e9 cyklisty na tomto z\u00e1vod\u011b reprezentovala p\u011btice: Ji\u0159\u00ed Je\u017eek, Radim Pavl\u00edk, Petr Kocman, tren\u00e9r Viktor Zapletal a reprezenta\u010dn\u00ed mechanik Jirka &#8222;Chybi\u010d&#8220; Chyba. Tato p\u011btice tak\u00e9, mimo individu\u00e1ln\u00edho hodnocen\u00ed, sout\u011b\u017eila v sout\u011b\u017ei t\u00fdm\u016f, kdy se s\u010d\u00edtaj\u00ed \u010dasy v\u0161ech \u010dlen\u016f a obsadila vynikaj\u00edc\u00ed 3. m\u00edsto.\n<\/p>\n<p align=\"justify\"> Handicapovan\u00ed reprezentanti maj\u00ed za sebou velice t\u011b\u017ek\u00fd \u00favod roku, kdy absolvovali ka\u017ed\u00fd dv\u011b n\u00e1ro\u010dn\u00e1 soust\u0159ed\u011bn\u00ed, Jirka Je\u017eek dokonce t\u0159i, kdy od za\u010d\u00e1tku roku byl doma pouze t\u00fdden. Z\u00e1vod tedy jeli \u010dist\u011b jako zpest\u0159en\u00ed tr\u00e9ninku, z pln\u00e9 z\u00e1t\u011b\u017ee a je\u0161t\u011b je po z\u00e1vod\u011b \u010dekala druh\u00e1, vyj\u00ed\u017ed\u011bc\u00ed f\u00e1ze.<br \/> Ve velik\u00e9 pohod\u011b je \u00fa\u0159aduj\u00edc\u00ed mistr sv\u011bta Ji\u0159\u00ed Je\u017eek. V individu\u00e1ln\u00edm hodnocen\u00ed p\u0159ijel v z\u00e1vod\u011b na v\u00fdborn\u00e9m 4. m\u00edst\u011b a kdy\u017e uv\u00e1\u017e\u00edme kvalitu soupe\u0159\u016f, velmi n\u00e1ro\u010dn\u00fd tr\u00e9nink z kter\u00e9ho z\u00e1vod absolvoval a to, \u017ee na horsk\u00e9m kole naposledy sed\u011bl po\u010d\u00e1tkem z\u00e1\u0159\u00ed v rakousk\u00e9m Saalbachu a MTB je pro Jirku pouze zpest\u0159en\u00edm silni\u010dn\u00edho a dr\u00e1hov\u00e9ho tr\u00e9ninku, je to asi nejlep\u0161\u00ed d\u016fkaz jeho sou\u010dasn\u00e9 v\u00fdkonnosti. <br \/><em> \u201eDen po n\u00e1vratu z n\u00e1ro\u010dn\u00e9ho dvout\u00fddenn\u00edho soust\u0159ed\u011bn\u00ed jsem z\u00e1vod pojal sp\u00ed\u0161e jako zpest\u0159en\u00ed. Byl to skv\u011bl\u00fd tr\u00e9nink, spojen\u00fd s nutnou vy\u0161\u0161\u00ed z\u00e1vodn\u00ed intenzitou, kterou mi tren\u00e9r naordinoval jako p\u0159\u00edpravu na bl\u00ed\u017e\u00edc\u00ed se profesion\u00e1ln\u00ed etapov\u00fd z\u00e1vod Vuelta Dominicana, kam odl\u00e9t\u00e1me za t\u00fdden. S v\u00fdsledkem, i kdy\u017e vlastn\u011b ani nehr\u00e1l \u017e\u00e1dnou roli, jsem spokojen, hlavn\u011b v sout\u011b\u017ei t\u00fdm\u016f\u201c, <\/em>\u0159ekl po z\u00e1vod\u011b nejlep\u0161\u00ed handicapovan\u00fd cyklista sv\u011bta a tren\u00e9r Viktor Zapletal dod\u00e1v\u00e1:<em> \u201ePom\u011brn\u011b dost zna\u010dn\u011b jsme s Jirkou upravili rozlo\u017een\u00ed tr\u00e9ninkov\u00fdch d\u00e1vek. Objem i tr\u00e9nink, kter\u00fd te\u010f Jirka absolvuje, sra\u017een\u00fd do dvoum\u011bs\u00ed\u010dn\u00edho bloku je opravdu neuv\u011b\u0159iteln\u00fd. Nyn\u00ed m\u00e1 za sebou t\u00fdden, kdy naj\u00ed\u017ed\u011bl ve 120 km dlouh\u00e9m tr\u00e9ninku p\u016flhodinov\u00e9 \u00faseky v maxim\u00e1ln\u00edm zat\u00ed\u017een\u00ed, co\u017e je opravdu nesm\u00edrn\u011b n\u00e1ro\u010dn\u00e1 z\u00e1le\u017eitost, nicm\u00e9n\u011b pro nadch\u00e1zej\u00edc\u00ed etapov\u00fd z\u00e1vod profesion\u00e1l\u016f s konkurenc\u00ed t\u00fdm\u016f z cel\u00e9ho sv\u011bta je takov\u00fd tr\u00e9nink nutnost\u00ed a jeho soupe\u0159i jej absolvuj\u00ed tak\u00e9.\u201c <\/em><br \/> O nadch\u00e1zej\u00edc\u00edm etapov\u00e9m z\u00e1vodu profesion\u00e1l\u016f VUELTA DOMINICANA v Dominik\u00e1nsk\u00e9 republice, kam je Jirka Je\u017eek jako \u00fa\u0159aduj\u00edc\u00ed mistr sv\u011bta pozv\u00e1n a kde pojede za nejlep\u0161\u00ed t\u00fdm Dominik\u00e1nsk\u00e9 republiky v\u00e1s budeme na str\u00e1nk\u00e1ch \u010cATHS podrobn\u011b informovat v seri\u00e1lu nazvan\u00e9m \u201eDominik\u00e1nsk\u00fd den\u00edk Jirky Je\u017eka\u201c.<br \/> S Jirkou Je\u017ekem odl\u00e9t\u00e1 do Dominik\u00e1nsk\u00e9 republiky op\u011bt i \u0161t\u00e1b \u010cesk\u00e9 televize, kter\u00fd z tohoto z\u00e1vodu nato\u010d\u00ed celkovou report\u00e1\u017e a d\u00e1le m\u016f\u017eete v novin\u00e1ch Pra\u017esk\u00fd den\u00edk, kter\u00e9 jsou medi\u00e1ln\u00edm partnerem handicapovan\u00fdch cyklistick\u00fdch reprezentant\u016f sledovat seri\u00e1l \u201eDen\u00edk Jirky Je\u017eka z Dominik\u00e1nsk\u00e9 republiky\u201c. <\/p>\n<p> <a href=\"\/image\/k_clankum\/padesatka\/Prazska_zimni_50 007.jpg\"> <img decoding=\"async\" src=\"\/image\/k_clankum\/padesatka\/Prazska_zimni_50 007_thumb.jpg\" alt=\"tren\u00e9r Zapletal lad\u00ed p\u0159ed startem sv\u016fj stroj\"><\/a>&#038;nbsp&#038;nbsp <a href=\"\/image\/k_clankum\/padesatka\/Prazska_zimni_50 010.jpg\"> <img decoding=\"async\" src=\"\/image\/k_clankum\/padesatka\/Prazska_zimni_50 010_thumb.jpg\" alt=\"startovn\u00ed \u010d\u00edslo Ji\u0159\u00edho Je\u017eka\"><\/a>&#038;nbsp&#038;nbsp <a href=\"\/image\/k_clankum\/padesatka\/Prazska_zimni_50 012.jpg\"> <img decoding=\"async\" src=\"\/image\/k_clankum\/padesatka\/Prazska_zimni_50 012_thumb.jpg\" alt=\"Petr Kocman\"><\/a>&#038;nbsp&#038;nbsp <\/p>\n<p> <a href=\"\/image\/k_clankum\/padesatka\/Prazska_zimni_50 018.jpg\"> <img decoding=\"async\" src=\"\/image\/k_clankum\/padesatka\/Prazska_zimni_50 018_thumb.jpg\" alt=\"Radim Pavl\u00edk p\u0159ed startem\"><\/a>&#038;nbsp&#038;nbsp <a href=\"\/image\/k_clankum\/padesatka\/Prazska_zimni_50 021.jpg\"> <img decoding=\"async\" src=\"\/image\/k_clankum\/padesatka\/Prazska_zimni_50 021_thumb.jpg\" alt=\"i tren\u00e9r se rozcvi\u010duje :-)\"><\/a>&#038;nbsp&#038;nbsp <a href=\"\/image\/k_clankum\/padesatka\/Prazska_zimni_50 025.jpg\"> <img decoding=\"async\" src=\"\/image\/k_clankum\/padesatka\/Prazska_zimni_50 025_thumb.jpg\" alt=\"Ji\u0159\u00ed Je\u017eek se skr\u00fdv\u00e1 p\u0159ed dot\u011brn\u00fdmi fanynkami pod maskou\"><\/a>&#038;nbsp&#038;nbsp <\/p>\n<p> <a href=\"\/image\/k_clankum\/padesatka\/Prazska_zimni_50 054.jpg\"> <img decoding=\"async\" src=\"\/image\/k_clankum\/padesatka\/Prazska_zimni_50 054_thumb.jpg\" alt=\"start\"><\/a>&#038;nbsp&#038;nbsp <a href=\"\/image\/k_clankum\/padesatka\/Prazska_zimni_50 058.jpg\"> <img decoding=\"async\" src=\"\/image\/k_clankum\/padesatka\/Prazska_zimni_50 058_thumb.jpg\" alt=\"start\"><\/a>&#038;nbsp&#038;nbsp <a href=\"\/image\/k_clankum\/padesatka\/Prazska_zimni_50 059.jpg\"> <img decoding=\"async\" src=\"\/image\/k_clankum\/padesatka\/Prazska_zimni_50 059_thumb.jpg\" alt=\"start\"><\/a>&#038;nbsp&#038;nbsp <\/p>\n<p> <a href=\"\/image\/k_clankum\/padesatka\/Prazska_zimni_50 076.jpg\"> <img decoding=\"async\" src=\"\/image\/k_clankum\/padesatka\/Prazska_zimni_50 076_thumb.jpg\" alt=\"m\u00edrn\u011b zabl\u00e1cen\u00fd Radim Pavl\u00edk v c\u00edli\"><\/a>&#038;nbsp&#038;nbsp <a href=\"\/image\/k_clankum\/padesatka\/Prazska_zimni_50 077.jpg\"> <img decoding=\"async\" src=\"\/image\/k_clankum\/padesatka\/Prazska_zimni_50 077_thumb.jpg\" alt=\"detail bahna na Radimov\u011b noze :-)\"><\/a>&#038;nbsp&#038;nbsp <a href=\"\/image\/k_clankum\/padesatka\/Prazska_zimni_50 085.jpg\"> <img decoding=\"async\" src=\"\/image\/k_clankum\/padesatka\/Prazska_zimni_50 085_thumb.jpg\" alt=\"p\u00f3zuj\u00edc\u00ed Petr Kocman \"><\/a>&#038;nbsp&#038;nbsp <\/p>\n<p> <a href=\"\/image\/k_clankum\/padesatka\/Prazska_zimni_50 074.jpg\"> <img decoding=\"async\" src=\"\/image\/k_clankum\/padesatka\/Prazska_zimni_50 074_thumb.jpg\" alt=\"tren\u00e9r Zapletal, reprezanta\u010dn\u00ed mechanik Chyba a Ji\u0159\u00ed Je\u017eek\"><\/a>&#038;nbsp&#038;nbsp <a href=\"\/image\/k_clankum\/padesatka\/Prazska_zimni_50 088.jpg\"> <img decoding=\"async\" src=\"\/image\/k_clankum\/padesatka\/Prazska_zimni_50 088_thumb.jpg\" alt=\"o\u010dista stroj\u016f po z\u00e1vod\u011b\"><\/a>&#038;nbsp&#038;nbsp <a href=\"\/image\/k_clankum\/padesatka\/Prazska_zimni_50 096.jpg\"> <img decoding=\"async\" src=\"\/image\/k_clankum\/padesatka\/Prazska_zimni_50 096_thumb.jpg\" alt=\"stupn\u011b v\u00edt\u011bz\u016f\"><\/a>&#038;nbsp&#038;nbsp <\/p>\n<p> Foto: So\u0148a Je\u017ekov\u00e1<\/p>\n","protected":false},"excerpt":{"rendered":"<a href=\"https:\/\/www.caths.cz\/wordpress\/prazsky-zimni-maraton-horskych-kol-tym-cyklistu-caths-obsadil-3-misto-v-soutezi-druzstev\/\"><img loading=\"lazy\" decoding=\"async\" width=\"100\" height=\"100\" src=\"https:\/\/www.caths.cz\/wordpress\/wp-content\/plugins\/thumbnail-for-excerpts\/tfe_no_thumb.png\" class=\"alignleft wp-post-image tfe\" alt=\"\" title=\"\" \/><\/a><p>V sobotu 9. \u00fanora se v Praze za t\u00e9m\u011b\u0159 jarn\u00edho, kr\u00e1sn\u00e9ho po\u010das\u00ed uskute\u010dnil ji\u017e dev\u00e1t\u00fd ro\u010dn\u00edk popul\u00e1rn\u00edho z\u00e1vodu horsk\u00fdch kol Pra\u017esk\u00e1 zimn\u00ed pades\u00e1tka. V Dejvic\u00edch se na start postavilo 264 [&hellip;]<\/p>\n","protected":false},"author":1,"featured_media":0,"comment_status":"closed","ping_status":"closed","sticky":false,"template":"","format":"standard","meta":{"ngg_post_thumbnail":0,"footnotes":""},"categories":[2],"tags":[],"class_list":["post-544","post","type-post","status-publish","format-standard","hentry","category-cyklistika"],"_links":{"self":[{"href":"https:\/\/www.caths.cz\/wordpress\/wp-json\/wp\/v2\/posts\/544","targetHints":{"allow":["GET"]}}],"collection":[{"href":"https:\/\/www.caths.cz\/wordpress\/wp-json\/wp\/v2\/posts"}],"about":[{"href":"https:\/\/www.caths.cz\/wordpress\/wp-json\/wp\/v2\/types\/post"}],"author":[{"embeddable":true,"href":"https:\/\/www.caths.cz\/wordpress\/wp-json\/wp\/v2\/users\/1"}],"replies":[{"embeddable":true,"href":"https:\/\/www.caths.cz\/wordpress\/wp-json\/wp\/v2\/comments?post=544"}],"version-history":[{"count":0,"href":"https:\/\/www.caths.cz\/wordpress\/wp-json\/wp\/v2\/posts\/544\/revisions"}],"wp:attachment":[{"href":"https:\/\/www.caths.cz\/wordpress\/wp-json\/wp\/v2\/media?parent=544"}],"wp:term":[{"taxonomy":"category","embeddable":true,"href":"https:\/\/www.caths.cz\/wordpress\/wp-json\/wp\/v2\/categories?post=544"},{"taxonomy":"post_tag","embeddable":true,"href":"https:\/\/www.caths.cz\/wordpress\/wp-json\/wp\/v2\/tags?post=544"}],"curies":[{"name":"wp","href":"https:\/\/api.w.org\/{rel}","templated":true}]}}