{"id":543,"date":"2008-02-10T17:29:24","date_gmt":"2008-02-10T16:29:24","guid":{"rendered":"http:\/\/www.caths.cz\/wordpress\/?p=543"},"modified":"2008-02-10T17:29:24","modified_gmt":"2008-02-10T16:29:24","slug":"sbirkovy-ucet-ceske-asociace-telesne-handicapovanych-sportovcu","status":"publish","type":"post","link":"https:\/\/www.caths.cz\/wordpress\/sbirkovy-ucet-ceske-asociace-telesne-handicapovanych-sportovcu\/","title":{"rendered":"Sb\u00edrkov\u00fd \u00fa\u010det \u010cesk\u00e9 asociace t\u011blesn\u011b handicapovan\u00fdch sportovc\u016f"},"content":{"rendered":"<p align=\"justify\"><strong>R\u00e1di bychom v\u00e1s touto cestou informovali, \u017ee \u010cATHS z\u0159\u00eddila sb\u00edrkov\u00fd \u00fa\u010det u \u010cSOB pod \u010d.\u00fa. 219192668\/0300.<\/p>\n<p><\/strong><\/p>\n<p align=\"justify\"><img decoding=\"async\" src=\"\/wordpress\/image\/k_clankum\/penize.jpg\" hspace=\"3\" align=\"left\"> Hlavn\u00edm c\u00edlem ve\u0159ejn\u00e9 sb\u00edrky je z\u00edskat finan\u010dn\u00ed prost\u0159edky na rozvoj a podporu sportovn\u00ed \u010dinnosti p\u0159edev\u0161\u00edm t\u011bch t\u011blesn\u011b posti\u017een\u00fdch osob, kter\u00e9 cht\u011bj\u00ed za\u010d\u00edt aktivn\u011b sportovat anebo ji\u017e sportuj\u00ed, ale pat\u0159\u00ed do ni\u017e\u0161\u00edch v\u00fdkonnostn\u00edch skupin. <\/p>\n<p> Rozhodli jsme se proto, \u017ee z\u00edskan\u00e9 finan\u010dn\u00ed prost\u0159edky budou vyu\u017eity p\u0159edev\u0161\u00edm na podporu \u010dinnosti sportovn\u00edch aktivit t\u011blesn\u011b handicapovan\u00e9 ml\u00e1de\u017ee a na podporu \u010dinnosti sportovn\u00edch klub\u016f a t\u011blov\u00fdchovn\u00fdch jednot t\u011blesn\u011b posti\u017een\u00fdch. <\/p>\n<p> O stavu \u00fa\u010dtu a vyu\u017eit\u00ed pen\u011bz budeme pravideln\u011b informovat na t\u011bchto str\u00e1nk\u00e1ch. <\/p>\n<p><strong> PROS\u00cdME PODPO\u0158TE HANDICAPOVAN\u00c9 SPORTOVCE <\/strong> <\/p>\n","protected":false},"excerpt":{"rendered":"<a href=\"https:\/\/www.caths.cz\/wordpress\/sbirkovy-ucet-ceske-asociace-telesne-handicapovanych-sportovcu\/\"><img loading=\"lazy\" decoding=\"async\" width=\"100\" height=\"100\" src=\"https:\/\/www.caths.cz\/wordpress\/wp-content\/plugins\/thumbnail-for-excerpts\/tfe_no_thumb.png\" class=\"alignleft wp-post-image tfe\" alt=\"\" title=\"\" \/><\/a><p>R\u00e1di bychom v\u00e1s touto cestou informovali, \u017ee \u010cATHS z\u0159\u00eddila sb\u00edrkov\u00fd \u00fa\u010det u \u010cSOB pod \u010d.\u00fa. 219192668\/0300. Hlavn\u00edm c\u00edlem ve\u0159ejn\u00e9 sb\u00edrky je z\u00edskat finan\u010dn\u00ed prost\u0159edky na rozvoj a podporu sportovn\u00ed \u010dinnosti [&hellip;]<\/p>\n","protected":false},"author":1,"featured_media":0,"comment_status":"closed","ping_status":"closed","sticky":false,"template":"","format":"standard","meta":{"ngg_post_thumbnail":0,"footnotes":""},"categories":[6],"tags":[],"class_list":["post-543","post","type-post","status-publish","format-standard","hentry","category-caths-info"],"_links":{"self":[{"href":"https:\/\/www.caths.cz\/wordpress\/wp-json\/wp\/v2\/posts\/543","targetHints":{"allow":["GET"]}}],"collection":[{"href":"https:\/\/www.caths.cz\/wordpress\/wp-json\/wp\/v2\/posts"}],"about":[{"href":"https:\/\/www.caths.cz\/wordpress\/wp-json\/wp\/v2\/types\/post"}],"author":[{"embeddable":true,"href":"https:\/\/www.caths.cz\/wordpress\/wp-json\/wp\/v2\/users\/1"}],"replies":[{"embeddable":true,"href":"https:\/\/www.caths.cz\/wordpress\/wp-json\/wp\/v2\/comments?post=543"}],"version-history":[{"count":0,"href":"https:\/\/www.caths.cz\/wordpress\/wp-json\/wp\/v2\/posts\/543\/revisions"}],"wp:attachment":[{"href":"https:\/\/www.caths.cz\/wordpress\/wp-json\/wp\/v2\/media?parent=543"}],"wp:term":[{"taxonomy":"category","embeddable":true,"href":"https:\/\/www.caths.cz\/wordpress\/wp-json\/wp\/v2\/categories?post=543"},{"taxonomy":"post_tag","embeddable":true,"href":"https:\/\/www.caths.cz\/wordpress\/wp-json\/wp\/v2\/tags?post=543"}],"curies":[{"name":"wp","href":"https:\/\/api.w.org\/{rel}","templated":true}]}}