{"id":539,"date":"2008-02-02T20:30:10","date_gmt":"2008-02-02T19:30:10","guid":{"rendered":"http:\/\/www.caths.cz\/wordpress\/?p=539"},"modified":"2008-02-02T20:30:10","modified_gmt":"2008-02-02T19:30:10","slug":"cyklisticky-reprezentacni-tym-ma-za-sebou-horske-soustredeni","status":"publish","type":"post","link":"https:\/\/www.caths.cz\/wordpress\/cyklisticky-reprezentacni-tym-ma-za-sebou-horske-soustredeni\/","title":{"rendered":"Cyklistick\u00fd reprezenta\u010dn\u00ed t\u00fdm m\u00e1 za sebou horsk\u00e9 soust\u0159ed\u011bn\u00ed"},"content":{"rendered":"<p align=\"justify\">Cyklistick\u00fd t\u00fdm m\u00e1 po\u010d\u00e1tkem \u00fanora za sebou dal\u0161\u00ed po\u0159\u00e1dnou tr\u00e9ninkovou d\u00e1vku.<br \/>\nCyklist\u00e9 se nyn\u00ed rozd\u011blili na t\u0159i skupinky, kter\u00e9 se p\u0159ipravuj\u00ed dle sv\u00e9ho z\u00e1vodn\u00edho programu.<\/p>\n<p align=\"justify\">Jirku Je\u017eka \u010dek\u00e1 za dva t\u00fddny etapov\u00fd z\u00e1vod UCI profesion\u00e1l\u016f v Dominik\u00e1nsk\u00e9 republice, z\u00e1vod je velmi n\u00e1ro\u010dn\u00fd a z\u00fa\u010dast\u0148uj\u00ed se ho p\u0159edn\u00ed profesion\u00e1ln\u00ed t\u00fdmy z cel\u00e9ho sv\u011bta a Jirka na tuto ud\u00e1lost mus\u00ed b\u00fdt perfektn\u011b p\u0159ipraven\u00fd. Znovu tedy odlet\u011bl na Kan\u00e1rsk\u00e9 ostrovy, kde polyk\u00e1 dal\u0161\u00ed tr\u00e9ninkov\u00e9 d\u00e1vky v sedle sv\u00e9ho \u00fapln\u011b nov\u00e9ho, karbonov\u00e9ho DURATECU na kter\u00e9m pojede i cel\u00fd jarn\u00ed seri\u00e1l z\u00e1vod\u016f Evropsk\u00e9ho, Americk\u00e9ho a sv\u011btov\u00e9ho poh\u00e1ru. Presti\u017en\u00ed z\u00e1vod Vuelta Dominicana bude pro Jirku, startuj\u00edc\u00edm v dresu mistra sv\u011bta za nejlep\u0161\u00ed profesion\u00e1ln\u00ed t\u00fdm Dominik\u00e1nsk\u00e9 republiky, pouze velmi kvalitn\u00edm tr\u00e9ninkem. Vrcholy sez\u00f3ny ho \u010dekaj\u00ed pozd\u011bji. <\/p>\n<p> Druh\u00e1 skupinka &#8211; handbike\u0159i &#8211; se zat\u00edm p\u0159ipravuje individueln\u011b doma a koncem \u00fanora v kompletn\u00ed sestav\u011b, v\u010detn\u011b nov\u011b povolan\u00fdch z\u00e1vodn\u00edk\u016f \u0161ir\u0161\u00edho reprezenta\u010dn\u00edho v\u00fdb\u011bru, odcestuje na del\u0161\u00ed soust\u0159ed\u011bn\u00ed na Lanzarote, po kter\u00e9m u\u017e je \u010dekaj\u00ed prvn\u00ed z\u00e1vody ve Francii. <\/p>\n<p> T\u0159et\u00ed skupinka, ve slo\u017een\u00ed Tom\u00e1\u0161 Kvasni\u010dka, Radim Pavl\u00edk, Petr Kocman a tren\u00e9r Zapletal absolovala velmi n\u00e1ro\u010dn\u00e9 soust\u0159ed\u011bn\u00ed v Jablonci, zam\u011b\u0159en\u00e9 p\u0159edev\u0161\u00edm na dal\u0161\u00ed rozvoj obecn\u00e9 vytrvalosti a kondice.<\/p>\n<p> \u017de soust\u0159ed\u011bn\u00ed bylo opravdu hodn\u011b n\u00e1ro\u010dn\u00e9 m\u016f\u017eete posoudit sami: -dopoledne 3 hodiny na b\u011b\u017ek\u00e1ch <br \/> -odpoledne 1,5 hodiny na horsk\u00e9m kole po Jizersk\u00fdch hor\u00e1ch<br \/> -ve\u010der 1 hodina b\u011bh a posilov\u00e1n\u00ed<\/p>\n<p> Z\u00e1t\u011b\u017e a rostouc\u00ed \u00fanava byla zna\u010dn\u00e1, nicm\u00e9n\u011b na\u0161im cyklist\u016fm jist\u011b prosp\u011blo to, \u017ee soust\u0159ed\u011bn\u00ed absolvovali ve v\u00fdborn\u00e9 part\u011b, spolu s na\u0161imi cyklisty byli na chat\u011b na soust\u0159ed\u011bn\u00ed i zrakov\u011b posti\u017een\u00ed sportovci, konkr\u00e9tn\u011b cyklista V\u00e1clav Trnka se sv\u00fdm vodi\u010dem a reprezenta\u010dn\u00ed t\u00fdm golbalist\u016f \u010cR a d\u00e1le studenti FTVS UK studuj\u00edc\u00ed obor T\u011blesn\u00e1 v\u00fdchova zdravotn\u011b posti\u017een\u00fdch, pro kter\u00e9 bylo toto setk\u00e1n\u00ed v praxi s vrcholov\u00fdmi handicapovan\u00fdmi sportovci velmi p\u0159\u00ednosn\u00e9.<\/p>\n<p> Cyklist\u00e9 v nejbli\u017e\u0161\u00ed dob\u011b tr\u00e9ninkov\u011b absolvuj\u00ed tradi\u010dn\u00ed zimn\u00ed z\u00e1vod Pra\u017esk\u00e1 50 o kter\u00e9m v\u00e1s budeme informovat. <\/p>\n<p> <a href=\"image\/k_clankum\/jablonec1.jpg\"> <img decoding=\"async\" src=\"\/image\/k_clankum\/jablonec1_thumb.jpg\" alt=\"Petr Kocman v Jakuszce\"><\/a>&#038;nbsp&#038;nbsp&#038;nbsp&#038;nbsp <a href=\"image\/k_clankum\/jablonec2.jpg\"> <img decoding=\"async\" src=\"\/image\/k_clankum\/jablonec2_thumb.jpg\"><\/a>&#038;nbsp&#038;nbsp&#038;nbsp&#038;nbsp <a href=\"image\/k_clankum\/jablonec3.jpg\"> <img decoding=\"async\" src=\"\/image\/k_clankum\/jablonec3_thumb.jpg\"><\/a><\/p>\n","protected":false},"excerpt":{"rendered":"<a href=\"https:\/\/www.caths.cz\/wordpress\/cyklisticky-reprezentacni-tym-ma-za-sebou-horske-soustredeni\/\"><img loading=\"lazy\" decoding=\"async\" width=\"100\" height=\"100\" src=\"https:\/\/www.caths.cz\/wordpress\/wp-content\/plugins\/thumbnail-for-excerpts\/tfe_no_thumb.png\" class=\"alignleft wp-post-image tfe\" alt=\"\" title=\"\" \/><\/a><p>Cyklistick\u00fd t\u00fdm m\u00e1 po\u010d\u00e1tkem \u00fanora za sebou dal\u0161\u00ed po\u0159\u00e1dnou tr\u00e9ninkovou d\u00e1vku. Cyklist\u00e9 se nyn\u00ed rozd\u011blili na t\u0159i skupinky, kter\u00e9 se p\u0159ipravuj\u00ed dle sv\u00e9ho z\u00e1vodn\u00edho programu. Jirku Je\u017eka \u010dek\u00e1 za dva [&hellip;]<\/p>\n","protected":false},"author":1,"featured_media":0,"comment_status":"closed","ping_status":"closed","sticky":false,"template":"","format":"standard","meta":{"ngg_post_thumbnail":0,"footnotes":""},"categories":[2],"tags":[],"class_list":["post-539","post","type-post","status-publish","format-standard","hentry","category-cyklistika"],"_links":{"self":[{"href":"https:\/\/www.caths.cz\/wordpress\/wp-json\/wp\/v2\/posts\/539","targetHints":{"allow":["GET"]}}],"collection":[{"href":"https:\/\/www.caths.cz\/wordpress\/wp-json\/wp\/v2\/posts"}],"about":[{"href":"https:\/\/www.caths.cz\/wordpress\/wp-json\/wp\/v2\/types\/post"}],"author":[{"embeddable":true,"href":"https:\/\/www.caths.cz\/wordpress\/wp-json\/wp\/v2\/users\/1"}],"replies":[{"embeddable":true,"href":"https:\/\/www.caths.cz\/wordpress\/wp-json\/wp\/v2\/comments?post=539"}],"version-history":[{"count":0,"href":"https:\/\/www.caths.cz\/wordpress\/wp-json\/wp\/v2\/posts\/539\/revisions"}],"wp:attachment":[{"href":"https:\/\/www.caths.cz\/wordpress\/wp-json\/wp\/v2\/media?parent=539"}],"wp:term":[{"taxonomy":"category","embeddable":true,"href":"https:\/\/www.caths.cz\/wordpress\/wp-json\/wp\/v2\/categories?post=539"},{"taxonomy":"post_tag","embeddable":true,"href":"https:\/\/www.caths.cz\/wordpress\/wp-json\/wp\/v2\/tags?post=539"}],"curies":[{"name":"wp","href":"https:\/\/api.w.org\/{rel}","templated":true}]}}