{"id":538,"date":"2008-01-29T19:23:09","date_gmt":"2008-01-29T18:23:09","guid":{"rendered":"http:\/\/www.caths.cz\/wordpress\/?p=538"},"modified":"2008-01-29T19:23:09","modified_gmt":"2008-01-29T18:23:09","slug":"zprava-o-zasedani-vykonneho-vyboru-caths","status":"publish","type":"post","link":"https:\/\/www.caths.cz\/wordpress\/zprava-o-zasedani-vykonneho-vyboru-caths\/","title":{"rendered":"Zpr\u00e1va o zased\u00e1n\u00ed V\u00fdkonn\u00e9ho v\u00fdboru \u010cATHS"},"content":{"rendered":"<p align=\"justify\">Dne 25.1.2008 zasedal V\u00fdkonn\u00fd v\u00fdbor \u010cATHS ve slo\u017een\u00ed Libor \u0160najdr, Jaroslav K\u0159e\u010dek, David \u0160najdr, Viktor Zapletal, Zden\u011bk \u0160ebek, Zden\u011bk Hrn\u010d\u00ed\u0159, Miroslav Kluc, Jaroslav Pauer, Jitka \u0160l\u00e9grov\u00e1 za KRK<\/p>\n<p align=\"justify\"> <strong>Program sch\u016fze VV:<\/strong><\/p>\n<p> 1. <strong>Kontrola \u00fakol\u016f <\/strong> z p\u0159ede\u0161l\u00e9ho VV konan\u00e9ho 28.11.2007<\/p>\n<p> 2. <strong>Rozpo\u010det CATHS na rok 2008 \u2013 projedn\u00e1n\u00ed a schv\u00e1len\u00ed 1. n\u00e1vrhu rozpo\u010dtu <\/strong> \u2013 VV schv\u00e1lil prvn\u00ed n\u00e1vrh rozpo\u010dtu pro rok 2008. P\u0159i projedn\u00e1v\u00e1n\u00ed n\u00e1vrhu rozpo\u010dtu vzal VV na v\u011bdom\u00ed, \u017ee finan\u010dn\u00ed zdroje pro rok 2008 jsou odvozeny ze stavu z\u00e1kladny \u0159\u00e1dn\u00fdch \u010dlen\u016f k 31.12.2007 (statistiky \u010cSTV) a ze seznamu v\u00fdkonn\u00fdch sportovc\u016f (M\u0160MT) ke stejn\u00e9mu datu.<\/p>\n<p> Sportovn\u00ed \u010dinnost nov\u00fdch \u0159\u00e1dn\u00fdch \u010dlen\u016f m\u016f\u017ee tak b\u00fdt financov\u00e1na pouze za p\u0159edpokladu p\u0159\u00edpadn\u00e9ho pozd\u011bj\u0161\u00edho nav\u00fd\u0161en\u00ed zdroj\u016f v pr\u016fb\u011bhu roku (plat\u00ed zejm\u00e9na pro finan\u010dn\u011b n\u00e1ro\u010dnou p\u0159\u00edpravu v\u00fdkonn\u00fdch sportovc\u016f na LPH 2008).P\u0159\u00edpadn\u00e1 intern\u00ed zm\u011bna priorit je ov\u0161em v kompetenci p\u0159\u00edslu\u0161n\u00e9 sportovn\u00ed sekce. <\/p>\n<p> 3. <strong>P\u0159ihl\u00e1\u0161ky sportovc\u016f \u010cSTPS <\/strong> \u2013 V reakci na doporu\u010den\u00ed VG \u010cPV p\u0159ijal v\u00fdbor \u010cATHS rozhodnut\u00ed nad\u00e1le nevy\u017eadovat od uchaze\u010d\u016f o \u010dlenstv\u00ed v asociaci prohl\u00e1\u0161en\u00ed o jejich vystoupen\u00ed z \u010cSTPS. K zaji\u0161t\u011bn\u00ed transparentn\u00ed evidence \u010dlensk\u00e9 z\u00e1kladny v\u016f\u010di \u010cSTV a M\u0160MT bude v p\u0159\u00edpad\u011b st\u00e1vaj\u00edc\u00edch \u010dlen\u016f \u010cSTPS k p\u0159ihl\u00e1\u0161ce v\u017edy p\u0159ipojeno autorizovan\u00e9 prohl\u00e1\u0161en\u00ed p\u0159edsedy \u010cSTPS, \u017ee tento svaz nebude tyto \u010dleny uv\u00e1d\u011bt ve statistik\u00e1ch pro \u010cSTV, nebude na n\u011b \u017e\u00e1dat dotace a nebude medializovat jejich sportovn\u00ed v\u00fdsledky, ani je uv\u00e1d\u011bt mezi sv\u00fdmi nejlep\u0161\u00edmi sportovci. <\/p>\n<p> 4. <strong>Schv\u00e1len\u00ed nov\u00fdch sekc\u00ed <\/strong> \u2013 plav\u00e1n\u00ed, atletika,ly\u017eov\u00e1n\u00ed; zm\u011bna v sekci cyklistiky \u2013 VV schv\u00e1lil nov\u00e9 sportovn\u00ed sekce resp. jejich vedouc\u00ed a vedouc\u00ed tren\u00e9ry : Plav\u00e1n\u00ed, atletika, ly\u017eov\u00e1n\u00ed a z\u00e1rove\u0148 schv\u00e1lil zm\u011bnu v sekci cyklistiky. <\/p>\n<p> 5. <strong>Zpr\u00e1va z VH ze dne 17.12.2007 <\/strong> \u2013 VV rozhodl, \u017ee zpr\u00e1va z VH ze dne 17.12.2007 bude uve\u0159ejn\u011bna na webov\u00fdch str\u00e1nk\u00e1ch \u010cATHS <\/p>\n<p> 6. <strong>R\u016fzn\u00e9: <\/strong><\/p>\n<p> &#8211; <strong>zve\u0159ejn\u011bn\u00ed z\u00e1pisu VV na webu <\/strong> \u2013 VV rozhodl, \u017ee bude na sv\u00fdch webov\u00fdch str\u00e1nk\u00e1ch zve\u0159ej\u0148ovat zpr\u00e1vy ze zased\u00e1n\u00ed VV z d\u016fvodu co nejv\u011bt\u0161\u00ed informovanosti sv\u00fdch \u010dlen\u016f<br \/> &#8211; informace V.Zapletala o mo\u017enosti n\u00e1kupu sortimentu OK BAG se slevou \u2013 ka\u017ed\u00fd \u010dlen \u010cATHS m\u00e1 mo\u017enost si zakoupit prost\u0159ednictv\u00edm e-shopu firmy OK BAG jak\u00fdkoliv v\u00fdrobek ze sortimentu s v\u00fdraznou slevou, pro vstup do e-shopu bude po\u017eadov\u00e1no heslo, kter\u00e9 sd\u011bl\u00ed ka\u017ed\u00e9mu z\u00e1jemci (\u010dlenovi \u010cATHS) sekretari\u00e1t \u010cATHS <br \/> &#8211; <strong>informace o zalo\u017een\u00ed sb\u00edrkov\u00e9ho \u00fa\u010dtu <\/strong> \u2013 byl zalo\u017een sb\u00edrkov\u00fd \u00fa\u010det u \u010cSOB a povolena Ve\u0159ejn\u00e1 sb\u00edrka Magistr\u00e1tem Hl.M\u011bsta Prahy. Sb\u00edrkov\u00fd \u00fa\u010det bude zve\u0159ej\u0148ov\u00e1n na webu \u010cATHS i na sp\u0159\u00e1telen\u00fdch webech, z\u00e1rove\u0148 na ve\u0161ker\u00fdch akc\u00edch pod z\u00e1\u0161titou \u010cATHS a dal\u0161\u00edmi zp\u016fsoby. <br \/> &#8211; <strong>informace o DMS <\/strong> \u2013 sekretari\u00e1t \u010cATHS vede jedn\u00e1n\u00ed o schv\u00e1len\u00ed D\u00e1rcovsk\u00e9 SMS na podporu sportovn\u00ed \u010dinnosti t\u011blesn\u011b handicapovan\u00fdch sportovc\u016f <\/p>\n","protected":false},"excerpt":{"rendered":"<a href=\"https:\/\/www.caths.cz\/wordpress\/zprava-o-zasedani-vykonneho-vyboru-caths\/\"><img loading=\"lazy\" decoding=\"async\" width=\"100\" height=\"100\" src=\"https:\/\/www.caths.cz\/wordpress\/wp-content\/plugins\/thumbnail-for-excerpts\/tfe_no_thumb.png\" class=\"alignleft wp-post-image tfe\" alt=\"\" title=\"\" \/><\/a><p>Dne 25.1.2008 zasedal V\u00fdkonn\u00fd v\u00fdbor \u010cATHS ve slo\u017een\u00ed Libor \u0160najdr, Jaroslav K\u0159e\u010dek, David \u0160najdr, Viktor Zapletal, Zden\u011bk \u0160ebek, Zden\u011bk Hrn\u010d\u00ed\u0159, Miroslav Kluc, Jaroslav Pauer, Jitka \u0160l\u00e9grov\u00e1 za KRK Program sch\u016fze [&hellip;]<\/p>\n","protected":false},"author":1,"featured_media":0,"comment_status":"closed","ping_status":"closed","sticky":false,"template":"","format":"standard","meta":{"ngg_post_thumbnail":0,"footnotes":""},"categories":[6],"tags":[],"class_list":["post-538","post","type-post","status-publish","format-standard","hentry","category-caths-info"],"_links":{"self":[{"href":"https:\/\/www.caths.cz\/wordpress\/wp-json\/wp\/v2\/posts\/538","targetHints":{"allow":["GET"]}}],"collection":[{"href":"https:\/\/www.caths.cz\/wordpress\/wp-json\/wp\/v2\/posts"}],"about":[{"href":"https:\/\/www.caths.cz\/wordpress\/wp-json\/wp\/v2\/types\/post"}],"author":[{"embeddable":true,"href":"https:\/\/www.caths.cz\/wordpress\/wp-json\/wp\/v2\/users\/1"}],"replies":[{"embeddable":true,"href":"https:\/\/www.caths.cz\/wordpress\/wp-json\/wp\/v2\/comments?post=538"}],"version-history":[{"count":0,"href":"https:\/\/www.caths.cz\/wordpress\/wp-json\/wp\/v2\/posts\/538\/revisions"}],"wp:attachment":[{"href":"https:\/\/www.caths.cz\/wordpress\/wp-json\/wp\/v2\/media?parent=538"}],"wp:term":[{"taxonomy":"category","embeddable":true,"href":"https:\/\/www.caths.cz\/wordpress\/wp-json\/wp\/v2\/categories?post=538"},{"taxonomy":"post_tag","embeddable":true,"href":"https:\/\/www.caths.cz\/wordpress\/wp-json\/wp\/v2\/tags?post=538"}],"curies":[{"name":"wp","href":"https:\/\/api.w.org\/{rel}","templated":true}]}}