{"id":536,"date":"2008-01-19T12:22:16","date_gmt":"2008-01-19T11:22:16","guid":{"rendered":"http:\/\/www.caths.cz\/wordpress\/?p=536"},"modified":"2008-01-19T12:22:16","modified_gmt":"2008-01-19T11:22:16","slug":"ceska-cyklistika-je-na-fantastickem-4-miste-v-bodovani-narodu","status":"publish","type":"post","link":"https:\/\/www.caths.cz\/wordpress\/ceska-cyklistika-je-na-fantastickem-4-miste-v-bodovani-narodu\/","title":{"rendered":"\u010cesk\u00e1 cyklistika je na fantastick\u00e9m 4. m\u00edst\u011b v bodov\u00e1n\u00ed n\u00e1rod\u016f!"},"content":{"rendered":"<p align=\"justify\"> Velik\u00fd d\u00edk a \u00facta pat\u0159\u00ed cel\u00e9mu reprezenta\u010dn\u00edmu t\u00fdmu, slo\u017een\u00e9mu ze z\u00e1vodn\u00edk\u016f TP a SH, kter\u00fd se o tento historick\u00fd v\u00fdsledek zaslou\u017eil ve slo\u017een\u00ed: Ji\u0159\u00ed Je\u017eek, Ji\u0159\u00ed Bou\u0161ka, Tom\u00e1\u0161 Kvasni\u010dka, Marcel Pipek, Pepa Vinkler, Lubo\u0161 Jirka, Radek Civi\u0161, Radim Pavl\u00edk, Ji\u0159\u00ed Kalousek. <\/p>\n<p> <a href=\"storage\/cyklistika\/Rankings Final men.pdf\"><b>AKTU\u00c1LN\u00cd \u017dEB\u0158\u00cd\u010cEK UCI KE STA\u017dEN\u00cd ZDE<\/b><\/a> <\/p>\n<p> <img decoding=\"async\" src=\"\/wordpress\/image\/k_clankum\/bor_sprint.jpg\" align=\"center\" alt=\"VIKTOR ZAPLETAL SE RADUJE SE SV\u00ddMI SV\u011a\u0158ENCI PO ZISKU BRONZOV\u00ddCH MEDAIL\u00cd V TEAM SPRINTU NA MS 2007\"><\/p>\n","protected":false},"excerpt":{"rendered":"<a href=\"https:\/\/www.caths.cz\/wordpress\/ceska-cyklistika-je-na-fantastickem-4-miste-v-bodovani-narodu\/\"><img loading=\"lazy\" decoding=\"async\" width=\"100\" height=\"100\" src=\"https:\/\/www.caths.cz\/wordpress\/wp-content\/plugins\/thumbnail-for-excerpts\/tfe_no_thumb.png\" class=\"alignleft wp-post-image tfe\" alt=\"\" title=\"\" \/><\/a><p>Velik\u00fd d\u00edk a \u00facta pat\u0159\u00ed cel\u00e9mu reprezenta\u010dn\u00edmu t\u00fdmu, slo\u017een\u00e9mu ze z\u00e1vodn\u00edk\u016f TP a SH, kter\u00fd se o tento historick\u00fd v\u00fdsledek zaslou\u017eil ve slo\u017een\u00ed: Ji\u0159\u00ed Je\u017eek, Ji\u0159\u00ed Bou\u0161ka, Tom\u00e1\u0161 Kvasni\u010dka, Marcel [&hellip;]<\/p>\n","protected":false},"author":1,"featured_media":0,"comment_status":"closed","ping_status":"closed","sticky":false,"template":"","format":"standard","meta":{"ngg_post_thumbnail":0,"footnotes":""},"categories":[2],"tags":[],"class_list":["post-536","post","type-post","status-publish","format-standard","hentry","category-cyklistika"],"_links":{"self":[{"href":"https:\/\/www.caths.cz\/wordpress\/wp-json\/wp\/v2\/posts\/536","targetHints":{"allow":["GET"]}}],"collection":[{"href":"https:\/\/www.caths.cz\/wordpress\/wp-json\/wp\/v2\/posts"}],"about":[{"href":"https:\/\/www.caths.cz\/wordpress\/wp-json\/wp\/v2\/types\/post"}],"author":[{"embeddable":true,"href":"https:\/\/www.caths.cz\/wordpress\/wp-json\/wp\/v2\/users\/1"}],"replies":[{"embeddable":true,"href":"https:\/\/www.caths.cz\/wordpress\/wp-json\/wp\/v2\/comments?post=536"}],"version-history":[{"count":0,"href":"https:\/\/www.caths.cz\/wordpress\/wp-json\/wp\/v2\/posts\/536\/revisions"}],"wp:attachment":[{"href":"https:\/\/www.caths.cz\/wordpress\/wp-json\/wp\/v2\/media?parent=536"}],"wp:term":[{"taxonomy":"category","embeddable":true,"href":"https:\/\/www.caths.cz\/wordpress\/wp-json\/wp\/v2\/categories?post=536"},{"taxonomy":"post_tag","embeddable":true,"href":"https:\/\/www.caths.cz\/wordpress\/wp-json\/wp\/v2\/tags?post=536"}],"curies":[{"name":"wp","href":"https:\/\/api.w.org\/{rel}","templated":true}]}}