{"id":535,"date":"2008-01-18T23:15:30","date_gmt":"2008-01-18T22:15:30","guid":{"rendered":"http:\/\/www.caths.cz\/wordpress\/?p=535"},"modified":"2008-01-18T23:15:30","modified_gmt":"2008-01-18T22:15:30","slug":"zprava-stanislava-losky-ze-zavodu-ep-rollrinn-v-rakousku","status":"publish","type":"post","link":"https:\/\/www.caths.cz\/wordpress\/zprava-stanislava-losky-ze-zavodu-ep-rollrinn-v-rakousku\/","title":{"rendered":"Zpr\u00e1va Stanislava Losky ze z\u00e1vod\u016f EP-RollRinn v Rakousku"},"content":{"rendered":"<p align=\"justify\">Dva na\u0161i reprezentanti se z\u00fa\u010dastnili z\u00e1vod\u016f EP (Evropsk\u00e9ho poh\u00e1ru) t\u011blesn\u011b posti\u017een\u00fdch ve sjezdov\u00e9m ly\u017eov\u00e1n\u00ed, konan\u00fdch ve dnech 3.a\u017e 5.1.2008 v Rakousku.<\/p>\n<p align=\"justify\"> Za \u010cATHS se t\u011bchto z\u00e1vod\u016f z\u00fa\u010dastnili dva na\u0161i nejlep\u0161\u00ed z\u00e1vodn\u00edci \u2013 Stanislav Loska a Radim Kozlovsk\u00fd. Bohu\u017eel Radim Kozlovsk\u00fd v pr\u016fb\u011bhu z\u00e1vod\u016f onemocn\u011bl a ve druh\u00e9m z\u00e1vod\u011b ji\u017e nestartoval. <\/p>\n<p> Um\u00edst\u011bn\u00ed: <\/p>\n<p> STANISLAV LOSKA (kategorii stoj\u00edc\u00edch ly\u017ea\u0159\u016f): <br \/> &#8211; Slalom I. 4.m\u00edsto (z 29 startuj\u00edc\u00edch) <br \/> &#8211; Slalom II. 3.m\u00edsto (z 29 startuj\u00edc\u00edch)<\/p>\n<p> RADIM KOZLOVSK\u00dd (kategorie sed\u00edc\u00edch ly\u017ea\u0159\u016f):<br \/> &#8211; Slalom I. 13.m\u00edsto (z 32 startuj\u00edc\u00edch) <\/p>\n<p> Konkurence byla pom\u011brn\u011b velk\u00e1, z\u00fa\u010dastnila se v\u011bt\u0161ina nejlep\u0161\u00edch evropsk\u00fdch z\u00e1vodn\u00edk\u016f \u2013 viz v\u00fdsledkov\u00e1 listina. <\/p>\n<p> Zpracoval: Stanislav Loska <\/p>\n","protected":false},"excerpt":{"rendered":"<a href=\"https:\/\/www.caths.cz\/wordpress\/zprava-stanislava-losky-ze-zavodu-ep-rollrinn-v-rakousku\/\"><img loading=\"lazy\" decoding=\"async\" width=\"100\" height=\"100\" src=\"https:\/\/www.caths.cz\/wordpress\/wp-content\/plugins\/thumbnail-for-excerpts\/tfe_no_thumb.png\" class=\"alignleft wp-post-image tfe\" alt=\"\" title=\"\" \/><\/a><p>Dva na\u0161i reprezentanti se z\u00fa\u010dastnili z\u00e1vod\u016f EP (Evropsk\u00e9ho poh\u00e1ru) t\u011blesn\u011b posti\u017een\u00fdch ve sjezdov\u00e9m ly\u017eov\u00e1n\u00ed, konan\u00fdch ve dnech 3.a\u017e 5.1.2008 v Rakousku. Za \u010cATHS se t\u011bchto z\u00e1vod\u016f z\u00fa\u010dastnili dva na\u0161i nejlep\u0161\u00ed [&hellip;]<\/p>\n","protected":false},"author":1,"featured_media":0,"comment_status":"closed","ping_status":"closed","sticky":false,"template":"","format":"standard","meta":{"ngg_post_thumbnail":0,"footnotes":""},"categories":[6],"tags":[],"class_list":["post-535","post","type-post","status-publish","format-standard","hentry","category-caths-info"],"_links":{"self":[{"href":"https:\/\/www.caths.cz\/wordpress\/wp-json\/wp\/v2\/posts\/535","targetHints":{"allow":["GET"]}}],"collection":[{"href":"https:\/\/www.caths.cz\/wordpress\/wp-json\/wp\/v2\/posts"}],"about":[{"href":"https:\/\/www.caths.cz\/wordpress\/wp-json\/wp\/v2\/types\/post"}],"author":[{"embeddable":true,"href":"https:\/\/www.caths.cz\/wordpress\/wp-json\/wp\/v2\/users\/1"}],"replies":[{"embeddable":true,"href":"https:\/\/www.caths.cz\/wordpress\/wp-json\/wp\/v2\/comments?post=535"}],"version-history":[{"count":0,"href":"https:\/\/www.caths.cz\/wordpress\/wp-json\/wp\/v2\/posts\/535\/revisions"}],"wp:attachment":[{"href":"https:\/\/www.caths.cz\/wordpress\/wp-json\/wp\/v2\/media?parent=535"}],"wp:term":[{"taxonomy":"category","embeddable":true,"href":"https:\/\/www.caths.cz\/wordpress\/wp-json\/wp\/v2\/categories?post=535"},{"taxonomy":"post_tag","embeddable":true,"href":"https:\/\/www.caths.cz\/wordpress\/wp-json\/wp\/v2\/tags?post=535"}],"curies":[{"name":"wp","href":"https:\/\/api.w.org\/{rel}","templated":true}]}}