{"id":534,"date":"2008-01-15T11:57:14","date_gmt":"2008-01-15T10:57:14","guid":{"rendered":"http:\/\/www.caths.cz\/wordpress\/?p=534"},"modified":"2008-01-15T11:57:14","modified_gmt":"2008-01-15T10:57:14","slug":"cesti-curleri-na-turnaji-v-nemecku-neuspeli","status":"publish","type":"post","link":"https:\/\/www.caths.cz\/wordpress\/cesti-curleri-na-turnaji-v-nemecku-neuspeli\/","title":{"rendered":"\u010ce\u0161t\u00ed curle\u0159i na turnaji v N\u011bmecku neusp\u011bli"},"content":{"rendered":"<p align=\"justify\">\n\u010cesk\u00e1 curlingov\u00e1 reprezentace se ve dnech 11. a\u017e 13.1.2008 z\u00fa\u010dastnila 2. ro\u010dn\u00edku mezin\u00e1rodn\u00edho turnaje IDENTA Cup v n\u011bmeck\u00e9m Schweningenu. Krom\u011b na\u0161eho a dom\u00e1c\u00edho t\u00fdmu se turnaje z\u00fa\u010dastnili reprezentanti \u0160v\u00fdcarska, Ruska, It\u00e1lie, \u0160v\u00e9dska a Skotska.\n<\/p>\n<p align=\"justify\"> \u010cesk\u00fd t\u00fdm ve slo\u017een\u00ed: Radek Pokorn\u00fd, Radek Mus\u00edlek, Petr Gottlieb, Michaela Charv\u00e1tov\u00e1 a Olga Vikturnov\u00e1 ov\u0161em \u00fasp\u011b\u0161n\u00fd nebyl a po jedin\u00e9m v\u00edt\u011bzstv\u00ed nad t\u00fdmem dom\u00e1c\u00edho N\u011bmecka obsadil posledn\u00ed \u2013 8. m\u00edsto. <\/p>\n<p> <strong>CEKOV\u00c9 PO\u0158AD\u00cd: <\/strong><\/p>\n<p> 1. Rusko <br \/> 2. Skotsko <br \/> 3. \u0160v\u00e9dsko <br \/> 4. \u0160v\u00fdcarsko <br \/> 5. \u0160v\u00fdcarsko 2 <br \/> 6. It\u00e1lie <br \/> 7. N\u011bmecko <br \/> 8. \u010cesk\u00e1 Republika <\/p>\n<p> <strong>Z\u00c1PASY \u010cESK\u00c9HO T\u00ddMU: <\/strong><\/p>\n<p> <u>p\u00e1tek: <\/u><\/p>\n<p> \u010cesk\u00e1 Republika X N\u011bmecko \u2026 6:3<br \/>\u010cesk\u00e1 Republika X \u0160v\u00fdcarsko \u2026 3:7<\/p>\n<p> <u>sobota: <\/u><\/p>\n<p> \u010cesk\u00e1 Republika X It\u00e1lie \u2026 4:7<br \/>\u010cesk\u00e1 Republika X Skotsko \u2026 4:6<\/p>\n<p> <u>ned\u011ble \u2013 utk\u00e1n\u00ed o 7. m\u00edsto: <\/u> <\/p>\n<p> \u010cesk\u00e1 Republika X N\u011bmecko \u2026 4:5 <\/p>\n<p> <a href=\"http:\/\/picasaweb.google.ch\/markus.peter.foto\/2IdentaWheelchairCup2008?authkey=DhYMhUPjcmA\">FOTOGRAFIE Z TURNAJE<\/a><\/p>\n","protected":false},"excerpt":{"rendered":"<a href=\"https:\/\/www.caths.cz\/wordpress\/cesti-curleri-na-turnaji-v-nemecku-neuspeli\/\"><img loading=\"lazy\" decoding=\"async\" width=\"100\" height=\"100\" src=\"https:\/\/www.caths.cz\/wordpress\/wp-content\/plugins\/thumbnail-for-excerpts\/tfe_no_thumb.png\" class=\"alignleft wp-post-image tfe\" alt=\"\" title=\"\" \/><\/a><p>\u010cesk\u00e1 curlingov\u00e1 reprezentace se ve dnech 11. a\u017e 13.1.2008 z\u00fa\u010dastnila 2. ro\u010dn\u00edku mezin\u00e1rodn\u00edho turnaje IDENTA Cup v n\u011bmeck\u00e9m Schweningenu. Krom\u011b na\u0161eho a dom\u00e1c\u00edho t\u00fdmu se turnaje z\u00fa\u010dastnili reprezentanti \u0160v\u00fdcarska, Ruska, [&hellip;]<\/p>\n","protected":false},"author":1,"featured_media":0,"comment_status":"closed","ping_status":"closed","sticky":false,"template":"","format":"standard","meta":{"ngg_post_thumbnail":0,"footnotes":""},"categories":[7],"tags":[],"class_list":["post-534","post","type-post","status-publish","format-standard","hentry","category-curling"],"_links":{"self":[{"href":"https:\/\/www.caths.cz\/wordpress\/wp-json\/wp\/v2\/posts\/534","targetHints":{"allow":["GET"]}}],"collection":[{"href":"https:\/\/www.caths.cz\/wordpress\/wp-json\/wp\/v2\/posts"}],"about":[{"href":"https:\/\/www.caths.cz\/wordpress\/wp-json\/wp\/v2\/types\/post"}],"author":[{"embeddable":true,"href":"https:\/\/www.caths.cz\/wordpress\/wp-json\/wp\/v2\/users\/1"}],"replies":[{"embeddable":true,"href":"https:\/\/www.caths.cz\/wordpress\/wp-json\/wp\/v2\/comments?post=534"}],"version-history":[{"count":0,"href":"https:\/\/www.caths.cz\/wordpress\/wp-json\/wp\/v2\/posts\/534\/revisions"}],"wp:attachment":[{"href":"https:\/\/www.caths.cz\/wordpress\/wp-json\/wp\/v2\/media?parent=534"}],"wp:term":[{"taxonomy":"category","embeddable":true,"href":"https:\/\/www.caths.cz\/wordpress\/wp-json\/wp\/v2\/categories?post=534"},{"taxonomy":"post_tag","embeddable":true,"href":"https:\/\/www.caths.cz\/wordpress\/wp-json\/wp\/v2\/tags?post=534"}],"curies":[{"name":"wp","href":"https:\/\/api.w.org\/{rel}","templated":true}]}}