{"id":532,"date":"2008-01-14T13:54:23","date_gmt":"2008-01-14T12:54:23","guid":{"rendered":"http:\/\/www.caths.cz\/wordpress\/?p=532"},"modified":"2008-01-14T13:54:23","modified_gmt":"2008-01-14T12:54:23","slug":"priprava-lyzaru-bezcu-pohledem-zavodnika-karla-dvoraka","status":"publish","type":"post","link":"https:\/\/www.caths.cz\/wordpress\/priprava-lyzaru-bezcu-pohledem-zavodnika-karla-dvoraka\/","title":{"rendered":"P\u0159\u00edprava ly\u017ea\u0159\u016f b\u011b\u017ec\u016f pohledem z\u00e1vodn\u00edka &#8211; Karla Dvo\u0159\u00e1ka"},"content":{"rendered":"<p align=\"justify\">A\u010dkoli n\u00e1m nyn\u00ed za\u010dala zima ukazovat svoji m\u00e9n\u011b p\u0159\u00edv\u011btivou tv\u00e1\u0159, prvn\u00ed z\u00e1vody sv\u011btov\u00e9ho poh\u00e1ru IPC se bl\u00ed\u017e\u00ed. Ji\u017e v p\u00e1tek 18.1.2008 se jede prvn\u00ed z\u00e1vod v n\u011bmeck\u00e9m Isny a to 10 km volnou technikou. <\/p>\n<p align=\"justify\"> Je ned\u011bln\u00ed ve\u010der a sou\u010d\u00e1st\u00ed regenerace sil po p\u0159\u00edpravn\u00fdch z\u00e1vodech tento v\u00edkend, je psan\u00ed t\u011bchto \u0159\u00e1dk\u016f, kde bych cht\u011bl zrekapitulovat celou leto\u0161n\u00ed p\u0159\u00edpravu a zhodnotit sezonu a\u017e t\u011bsn\u011b pod jej\u00ed vrchol\u2026<br \/> <img decoding=\"async\" src=\"\/wordpress\/image\/k_clankum\/bezci_soustredeni.jpg\" align=\"left\" vspace=\"3\" hspace=\"3\"> Mal\u00e9 dcery si zat\u00edm hraj\u00ed s odlo\u017eenou nohou (prot\u00e9zou) a zcela je\u0161t\u011b ani netu\u0161\u00ed, kolik \u00fasil\u00ed vyn\u00e1lezc\u016f, konstrukt\u00e9r\u016f, v\u00fdpo\u010dt\u00e1\u0159\u016f a stavitel\u016f je schov\u00e1no v tomto mal\u00e9m kousku vysp\u011bl\u00e9 techniky. Nyn\u00ed ji\u017e je jen na m\u011b, abych toto \u00fasil\u00ed potvrdil sportovn\u00edmi v\u00fdkony\u2026<br \/> Leto\u0161n\u00ed zimn\u00ed sezona za\u010dala nezvykle brzy. Kdy\u017e jsem informoval o posledn\u00edm soust\u0159ed\u011bn\u00ed na \u201esuchu\u201c, netu\u0161il jsem, \u017ee n\u00e1sleduj\u00edc\u00ed t\u00fdden, kdy bylo napl\u00e1novan\u00e9 podobn\u00e9 soust\u0159ed\u011bn\u00ed, se ji\u017e v\u0161e bude odehr\u00e1vat na prvn\u00edm sn\u011bhu a tedy na ly\u017e\u00edch.<br \/> 30 cm sn\u011bhu v p\u016fli listopadu je opravdu pro n\u00e1s b\u011b\u017ece, \u010dasto na rozd\u00edl od ostatn\u00ed ve\u0159ejnosti, velice p\u0159\u00edjemn\u00e9. A tak se ji\u017e daly zav\u010das naj\u00ed\u017ed\u011bt prvn\u00ed ostr\u00e9 kilometry s p\u0159\u00e1n\u00edm, aby to byl definitivn\u00ed za\u010d\u00e1tek zimy.<br \/> Ale asi bychom toho cht\u011bli moc. P\u0159\u00edroda n\u00e1m uk\u00e1zala, \u017ee si sama ur\u010d\u00ed, komu a kdy uk\u00e1\u017ee n\u011bkterou ze sv\u00fdch r\u016fzn\u00fdch tv\u00e1\u0159\u00ed. A tak p\u0159i\u0161la obleva a sn\u00edh na Vyso\u010din\u011b zmizel. Na to v\u0161ak pru\u017en\u011b zareagoval tren\u00e9r Jan Havl\u00ed\u010dek a napl\u00e1noval na dny 7.,8. a 9. prosince vysokohorsk\u00e9 soust\u0159ed\u011bn\u00ed na vrcholc\u00edch Krkono\u0161, kde byl zima st\u00e1le v pln\u00e9m proudu. Opravdu? Den p\u0159ed odjezdem p\u0159i\u0161la zpr\u00e1va, \u017ee na h\u0159ebenech hor hust\u011b pr\u0161\u00ed. Cituji slova tren\u00e9ra:\u201c Kdy\u017e u\u017e i majitel horsk\u00e9 boudy \u0159\u00edk\u00e1, \u017ee to nestoj\u00ed za nic, tak na tom asi n\u011bco bude\u201c. A tak jsme vyrazili o den pozd\u011bji. Po\u010das\u00ed se umoud\u0159ilo a odm\u011bnou bylo ly\u017eov\u00e1n\u00ed ve velmi dobr\u00fdch podm\u00ednk\u00e1ch v bl\u00edzkosti vrcholu a \u010cern\u00e9 hory. Vyu\u017eili jsme p\u0159\u00edjemn\u00e9ho z\u00e1zem\u00ed chaty Vendlovka na \u00fapat\u00ed \u010cern\u00e9 hory ( <a href=\"http:\/\/www.vendlovka-zrcadlovka.cz\/\">Vendlovka<\/a> ). Ochotn\u00fd person\u00e1l n\u00e1m vytvo\u0159il vynikaj\u00edc\u00ed podm\u00ednky pro regeneraci sil mezi \u010dty\u0159mi tr\u00e9ninkov\u00fdmi jednotkami. <br \/> N\u00e1sleduj\u00edc\u00ed v\u00edkend ji\u017e cel\u00fd t\u00fdm absolvoval p\u0159\u00edpravu na Horn\u00edch M\u00edse\u010dk\u00e1ch, kde byly opravdu typick\u00e9 horsk\u00e9 zimn\u00ed podm\u00ednky. P\u011bt tr\u00e9ninkov\u00fdch jednotek na m\u00edstn\u00edch standardn\u00edch trat\u00edch dokonale prov\u011b\u0159ilo dosavadn\u00ed p\u0159\u00edpravu cel\u00e9ho t\u00fdmu. <br \/>Soust\u0159ed\u011bn\u00ed se krom\u011b kompletn\u00edho t\u00fdmu ly\u017ea\u0159\u016f b\u011b\u017ec\u016f z\u00fa\u010dastnila i \u010desk\u00e1 reprezentantka v triatlonu G\u00e1bina Loskotov\u00e1 se sv\u00fdm tren\u00e9rem Jirkou Chaloupkou, a tak byl \u010das mezi tr\u00e9ninky vypln\u011bn diskutov\u00e1n\u00edm a v\u00fdm\u011bnou zku\u0161enost\u00ed s komplexn\u00ed p\u0159\u00edpravou vytrvalostn\u00edch sportovc\u016f.<br \/> Sezona se nept\u00e1, jak\u00e9 je pr\u00e1v\u011b obdob\u00ed, a tak V\u00e1noce a p\u0159elom roku byl, jak jinak, ne\u017e ve znamen\u00ed intenzivn\u00edch tr\u00e9nink\u016f, p\u0159ev\u00e1\u017en\u011b na Fry\u0161avsk\u00e9m ledovci na Vyso\u010din\u011b. <br \/> Po ukon\u010den\u00ed z\u00e1vod\u016f Tour de Ski v Nov\u00e9m M\u011bst\u011b na Morav\u011b zde byly k dispozici upraven\u00e9 z\u00e1vodn\u00ed trat\u011b, kde krom\u011b dal\u0161\u00edch soust\u0159ed\u011bn\u00ed a jednotliv\u00fdch tr\u00e9nink\u016f prob\u011bhly tak\u00e9 p\u0159\u00edpravn\u00e9 z\u00e1vody integrovan\u00e9 s nehandicapovan\u00fdmi sportovci, po\u0159\u00e1dan\u00e9 v r\u00e1mci \u010ceskomoravsk\u00e9ho poh\u00e1ru. \u00da\u010dast handicapovan\u00e9ho sportovce a dosa\u017een\u00ed \u010das\u016f, pln\u011b srovnateln\u00fdch s nehandicapovan\u00fdmi z\u00e1vodn\u00edky, bylo jist\u011b zpest\u0159en\u00edm z\u00e1vod\u016f. Z\u00e1rove\u0148 to bylo zavr\u0161en\u00ed p\u0159\u00edpravy p\u0159ed odjezdem na prvn\u00ed z\u00e1vod SP IPC. <\/p>\n","protected":false},"excerpt":{"rendered":"<a href=\"https:\/\/www.caths.cz\/wordpress\/priprava-lyzaru-bezcu-pohledem-zavodnika-karla-dvoraka\/\"><img loading=\"lazy\" decoding=\"async\" width=\"100\" height=\"100\" src=\"https:\/\/www.caths.cz\/wordpress\/wp-content\/plugins\/thumbnail-for-excerpts\/tfe_no_thumb.png\" class=\"alignleft wp-post-image tfe\" alt=\"\" title=\"\" \/><\/a><p>A\u010dkoli n\u00e1m nyn\u00ed za\u010dala zima ukazovat svoji m\u00e9n\u011b p\u0159\u00edv\u011btivou tv\u00e1\u0159, prvn\u00ed z\u00e1vody sv\u011btov\u00e9ho poh\u00e1ru IPC se bl\u00ed\u017e\u00ed. Ji\u017e v p\u00e1tek 18.1.2008 se jede prvn\u00ed z\u00e1vod v n\u011bmeck\u00e9m Isny a to [&hellip;]<\/p>\n","protected":false},"author":1,"featured_media":0,"comment_status":"closed","ping_status":"closed","sticky":false,"template":"","format":"standard","meta":{"ngg_post_thumbnail":0,"footnotes":""},"categories":[6],"tags":[],"class_list":["post-532","post","type-post","status-publish","format-standard","hentry","category-caths-info"],"_links":{"self":[{"href":"https:\/\/www.caths.cz\/wordpress\/wp-json\/wp\/v2\/posts\/532","targetHints":{"allow":["GET"]}}],"collection":[{"href":"https:\/\/www.caths.cz\/wordpress\/wp-json\/wp\/v2\/posts"}],"about":[{"href":"https:\/\/www.caths.cz\/wordpress\/wp-json\/wp\/v2\/types\/post"}],"author":[{"embeddable":true,"href":"https:\/\/www.caths.cz\/wordpress\/wp-json\/wp\/v2\/users\/1"}],"replies":[{"embeddable":true,"href":"https:\/\/www.caths.cz\/wordpress\/wp-json\/wp\/v2\/comments?post=532"}],"version-history":[{"count":0,"href":"https:\/\/www.caths.cz\/wordpress\/wp-json\/wp\/v2\/posts\/532\/revisions"}],"wp:attachment":[{"href":"https:\/\/www.caths.cz\/wordpress\/wp-json\/wp\/v2\/media?parent=532"}],"wp:term":[{"taxonomy":"category","embeddable":true,"href":"https:\/\/www.caths.cz\/wordpress\/wp-json\/wp\/v2\/categories?post=532"},{"taxonomy":"post_tag","embeddable":true,"href":"https:\/\/www.caths.cz\/wordpress\/wp-json\/wp\/v2\/tags?post=532"}],"curies":[{"name":"wp","href":"https:\/\/api.w.org\/{rel}","templated":true}]}}