{"id":529,"date":"2007-12-31T00:18:15","date_gmt":"2007-12-30T23:18:15","guid":{"rendered":"http:\/\/www.caths.cz\/wordpress\/?p=529"},"modified":"2007-12-31T00:18:15","modified_gmt":"2007-12-30T23:18:15","slug":"silvestrovske-vydani","status":"publish","type":"post","link":"https:\/\/www.caths.cz\/wordpress\/silvestrovske-vydani\/","title":{"rendered":"Silvestrovsk\u00e9 vyd\u00e1n\u00ed"},"content":{"rendered":"<p align=\"justify\">Ne v\u0161ecky report\u00e1\u017ee je mo\u017en\u00e9 zde zve\u0159ejnit. Pro dne\u0161n\u00ed, silvestrovsk\u00e9 vyd\u00e1n\u00ed, jsme ov\u0161em s\u00e1hli do na\u0161eho archivu a p\u0159in\u00e1\u0161\u00edme v\u00e1m dv\u011b tajn\u00e9 report\u00e1\u017ee na\u0161eho investigativn\u00edho t\u00fdmu a nav\u00edc je\u0161t\u011b n\u011bkolik dal\u0161\u00edch fotografi\u00ed.<\/p>\n<p><font color=\"#0066CC\"> <strong>REPORT\u00c1\u017d PRVN\u00cd: &#8222;JSOU CYKLIST\u00c9 NAFOUKAN\u00cd?&#8220;<\/strong><br \/> <a href=\"image\/k_clankum\/silvestr_caths007_1.jpg\"> <img decoding=\"async\" src=\"\/image\/k_clankum\/silvestr_caths007_1_thumb.jpg\" ><\/a><\/p>\n<p> <strong>REPORT\u00c1\u017d DRUH\u00c1: &#8222;CO SE PROJEDN\u00c1VALO NA VALN\u00c9 HROMAD\u011a?&#8220;<\/strong> <a href=\"image\/k_clankum\/silvestr_caths007_2.jpg\"> <img decoding=\"async\" src=\"\/image\/k_clankum\/silvestr_caths007_2_thumb.jpg\" ><\/a><\/p>\n<p> <strong>N\u011aKOLIK ZAJ\u00cdMAV\u00ddCH FOTOGRAFI\u00cd<\/strong><br \/> <a href=\"image\/k_clankum\/silvestr_caths007_3.jpg\"> <img decoding=\"async\" src=\"\/image\/k_clankum\/silvestr_caths007_3_thumb.jpg\" ><\/a><br \/> <\/font> <\/p>\n<p> Pokud V\u00e1s ani tohle nep\u0159esved\u010dilo, \u017ee je lep\u0161\u00ed j\u00edt se bavit ven, mohu u\u017e V\u00e1m snad jen pop\u0159\u00e1t hezky str\u00e1ven\u00e9ho Silvestra s <a href=\"http:\/\/www.caths.cz\/index.php?page=pexeso\"> &#8222;PARA-PEXESEM&#8220;<\/a> :-)) V\u00e1\u0161 Admin<\/p>\n","protected":false},"excerpt":{"rendered":"<a href=\"https:\/\/www.caths.cz\/wordpress\/silvestrovske-vydani\/\"><img loading=\"lazy\" decoding=\"async\" width=\"100\" height=\"100\" src=\"https:\/\/www.caths.cz\/wordpress\/wp-content\/plugins\/thumbnail-for-excerpts\/tfe_no_thumb.png\" class=\"alignleft wp-post-image tfe\" alt=\"\" title=\"\" \/><\/a><p>Ne v\u0161ecky report\u00e1\u017ee je mo\u017en\u00e9 zde zve\u0159ejnit. Pro dne\u0161n\u00ed, silvestrovsk\u00e9 vyd\u00e1n\u00ed, jsme ov\u0161em s\u00e1hli do na\u0161eho archivu a p\u0159in\u00e1\u0161\u00edme v\u00e1m dv\u011b tajn\u00e9 report\u00e1\u017ee na\u0161eho investigativn\u00edho t\u00fdmu a nav\u00edc je\u0161t\u011b n\u011bkolik [&hellip;]<\/p>\n","protected":false},"author":1,"featured_media":0,"comment_status":"closed","ping_status":"closed","sticky":false,"template":"","format":"standard","meta":{"ngg_post_thumbnail":0,"footnotes":""},"categories":[6],"tags":[],"class_list":["post-529","post","type-post","status-publish","format-standard","hentry","category-caths-info"],"_links":{"self":[{"href":"https:\/\/www.caths.cz\/wordpress\/wp-json\/wp\/v2\/posts\/529","targetHints":{"allow":["GET"]}}],"collection":[{"href":"https:\/\/www.caths.cz\/wordpress\/wp-json\/wp\/v2\/posts"}],"about":[{"href":"https:\/\/www.caths.cz\/wordpress\/wp-json\/wp\/v2\/types\/post"}],"author":[{"embeddable":true,"href":"https:\/\/www.caths.cz\/wordpress\/wp-json\/wp\/v2\/users\/1"}],"replies":[{"embeddable":true,"href":"https:\/\/www.caths.cz\/wordpress\/wp-json\/wp\/v2\/comments?post=529"}],"version-history":[{"count":0,"href":"https:\/\/www.caths.cz\/wordpress\/wp-json\/wp\/v2\/posts\/529\/revisions"}],"wp:attachment":[{"href":"https:\/\/www.caths.cz\/wordpress\/wp-json\/wp\/v2\/media?parent=529"}],"wp:term":[{"taxonomy":"category","embeddable":true,"href":"https:\/\/www.caths.cz\/wordpress\/wp-json\/wp\/v2\/categories?post=529"},{"taxonomy":"post_tag","embeddable":true,"href":"https:\/\/www.caths.cz\/wordpress\/wp-json\/wp\/v2\/tags?post=529"}],"curies":[{"name":"wp","href":"https:\/\/api.w.org\/{rel}","templated":true}]}}