{"id":528,"date":"2007-12-29T18:00:14","date_gmt":"2007-12-29T17:00:14","guid":{"rendered":"http:\/\/www.caths.cz\/wordpress\/?p=528"},"modified":"2007-12-29T18:00:14","modified_gmt":"2007-12-29T17:00:14","slug":"cyklistika-a-handbike-hodnoceni-sezony-2006-2007","status":"publish","type":"post","link":"https:\/\/www.caths.cz\/wordpress\/cyklistika-a-handbike-hodnoceni-sezony-2006-2007\/","title":{"rendered":"Cyklistika a handbike &#8211; hodnocen\u00ed sez\u00f3ny 2006 \u2013 2007"},"content":{"rendered":"<p align=\"justify\">P\u0159ehled \u010dinnosti Sekce cyklistiky a handbike \u010cATHS. Dokument byl vypracov\u00e1n jako podklad pro jedn\u00e1n\u00ed VH \u010cATHS.<\/p>\n<p align=\"justify\"> <strong>Kladn\u011b hodnot\u00edm tyto body: <\/strong><\/p>\n<ul>\n<li>1. slou\u010den\u00ed sekc\u00ed cyklistiky a handbike<\/li>\n<li>2. v\u00fdrazn\u00fd n\u00e1r\u016fst \u010dlensk\u00e9 z\u00e1kladny v reprezenta\u010dn\u00edch t\u00fdmech A, B a ml\u00e1de\u017enick\u00fdch kategori\u00edch<\/li>\n<li>3. 3 tituly mistra sv\u011bta, 8 dal\u0161\u00edch medail\u00ed z MS, 3 celkov\u00e1 v\u00edt\u011bzstv\u00ed v EP, v\u00edt\u011bzstv\u00ed v SP a v\u00edt\u011bzstv\u00ed v Americk\u00e9m poh\u00e1ru<\/li>\n<li>4. reprezenta\u010dn\u00ed t\u00fdm pro paralympi\u00e1du v Pekingu m\u00e1 nyn\u00ed 5 z\u00e1vodn\u00edk\u016f se spln\u011bn\u00fdmi krit\u00e9rii nominovatelnosti na PH<\/li>\n<li>5. profesion\u00e1ln\u011b funguj\u00edc\u00ed realiza\u010dn\u00ed t\u00fdm<\/li>\n<li>6. p\u00e9\u010de o talentovanou ml\u00e1de\u017e ve spolupr\u00e1ci s Tr\u00e9ninkov\u00fdm centrem ml\u00e1de\u017ee p\u0159i \u010cSC<\/li>\n<li>7. finan\u010dn\u00ed stabilizace t\u00fdmu a materi\u00e1ln\u00ed zaji\u0161t\u011bn\u00ed<\/li>\n<li>8. v\u00fdborn\u011b propracovan\u00fd a funguj\u00edc\u00ed \u010cesk\u00fd poh\u00e1r handbike s velmi vysokou n\u00e1v\u0161t\u011bvnost\u00ed z\u00e1vodn\u00edk\u016f nejenom z \u010cR<\/li>\n<li>9. spole\u010dn\u00e1 soust\u0159ed\u011bn\u00ed reprezenta\u010dn\u00edho t\u00fdmu A, B i junior\u016f, z\u00e1t\u011b\u017eov\u00e9 testy i dlouhodob\u00fd, pravideln\u011b sledovan\u00fd, tr\u00e9ninkov\u00fd pl\u00e1n pro reprezentanty<\/li>\n<\/ul>\n<p> <strong>Pl\u00e1n pro rok 2008: <\/strong><\/p>\n<p>1. obh\u00e1jit na\u0161i sou\u010dasnou pozici na PH a z\u00e1vodech EP,SP a Americk\u00e9ho poh\u00e1ru <br \/>2. je\u0161t\u011b v\u00edce pos\u00edlit \u010dlenskou z\u00e1kladnu <\/p>\n<p> V Praze dne 6.12. 2007 <br \/> Mgr. Viktor Zapletal<br \/> reprezenta\u010dn\u00ed tren\u00e9r \u010cR <\/p>\n","protected":false},"excerpt":{"rendered":"<a href=\"https:\/\/www.caths.cz\/wordpress\/cyklistika-a-handbike-hodnoceni-sezony-2006-2007\/\"><img loading=\"lazy\" decoding=\"async\" width=\"100\" height=\"100\" src=\"https:\/\/www.caths.cz\/wordpress\/wp-content\/plugins\/thumbnail-for-excerpts\/tfe_no_thumb.png\" class=\"alignleft wp-post-image tfe\" alt=\"\" title=\"\" \/><\/a><p>P\u0159ehled \u010dinnosti Sekce cyklistiky a handbike \u010cATHS. Dokument byl vypracov\u00e1n jako podklad pro jedn\u00e1n\u00ed VH \u010cATHS. Kladn\u011b hodnot\u00edm tyto body: 1. slou\u010den\u00ed sekc\u00ed cyklistiky a handbike 2. v\u00fdrazn\u00fd n\u00e1r\u016fst \u010dlensk\u00e9 [&hellip;]<\/p>\n","protected":false},"author":1,"featured_media":0,"comment_status":"closed","ping_status":"closed","sticky":false,"template":"","format":"standard","meta":{"ngg_post_thumbnail":0,"footnotes":""},"categories":[2],"tags":[],"class_list":["post-528","post","type-post","status-publish","format-standard","hentry","category-cyklistika"],"_links":{"self":[{"href":"https:\/\/www.caths.cz\/wordpress\/wp-json\/wp\/v2\/posts\/528","targetHints":{"allow":["GET"]}}],"collection":[{"href":"https:\/\/www.caths.cz\/wordpress\/wp-json\/wp\/v2\/posts"}],"about":[{"href":"https:\/\/www.caths.cz\/wordpress\/wp-json\/wp\/v2\/types\/post"}],"author":[{"embeddable":true,"href":"https:\/\/www.caths.cz\/wordpress\/wp-json\/wp\/v2\/users\/1"}],"replies":[{"embeddable":true,"href":"https:\/\/www.caths.cz\/wordpress\/wp-json\/wp\/v2\/comments?post=528"}],"version-history":[{"count":0,"href":"https:\/\/www.caths.cz\/wordpress\/wp-json\/wp\/v2\/posts\/528\/revisions"}],"wp:attachment":[{"href":"https:\/\/www.caths.cz\/wordpress\/wp-json\/wp\/v2\/media?parent=528"}],"wp:term":[{"taxonomy":"category","embeddable":true,"href":"https:\/\/www.caths.cz\/wordpress\/wp-json\/wp\/v2\/categories?post=528"},{"taxonomy":"post_tag","embeddable":true,"href":"https:\/\/www.caths.cz\/wordpress\/wp-json\/wp\/v2\/tags?post=528"}],"curies":[{"name":"wp","href":"https:\/\/api.w.org\/{rel}","templated":true}]}}