{"id":527,"date":"2007-12-27T19:12:59","date_gmt":"2007-12-27T18:12:59","guid":{"rendered":"http:\/\/www.caths.cz\/wordpress\/?p=527"},"modified":"2007-12-27T19:12:59","modified_gmt":"2007-12-27T18:12:59","slug":"co-je-projekt-noha","status":"publish","type":"post","link":"https:\/\/www.caths.cz\/wordpress\/co-je-projekt-noha\/","title":{"rendered":"Co je projekt &quot;NOHA&quot;?"},"content":{"rendered":"<p align=\"justify\">Seznamte se s nov\u00fdm projektem na podporu na\u0161ich z\u00e1vodn\u00edk\u016f v b\u011b\u017eeck\u00e9m ly\u017eov\u00e1n\u00ed.<\/p>\n<p align=\"justify\"><img decoding=\"async\" src=\"\/wordpress\/image\/k_clankum\/noha_vancouver.jpg\" align=\"right\" vspace=\"3\" hspace=\"3\" alt=\"SAMOLEPKA NOHA\"> V\u011bt\u0161ina z n\u00e1s si na sportov\u00e1n\u00ed po\u0159izuje kolo, ly\u017ee, boty, oble\u010den\u00ed. Ale jsou mezi n\u00e1mi i kamar\u00e1di, kte\u0159\u00ed si pro sv\u016fj sport mus\u00ed po\u0159\u00eddit i v\u00edce. T\u0159eba nohu.<\/p>\n<p> Od druh\u00e9 poloviny roku 2006 se v na\u0161em odd\u00edle za\u010dali p\u0159ipravovat dva ly\u017ea\u0159i b\u011b\u017eci se zdravotn\u00edm handicapem \u2013 podkolenn\u00ed amputac\u00ed. Jsou to <strong>Karel Dvo\u0159\u00e1k a Jan Bicek<\/strong>. Karel ji\u017e z\u00edskal v roce 2007 historicky prvn\u00ed body na Sv\u011btov\u00e9m poh\u00e1ru IPC v Oberstdorfu. C\u00edlem obou je kvalifikace na paralympijsk\u00e9 hry Vancouver 2010. Kdo n\u011bco v\u00ed o technice b\u011b\u017eeck\u00e9ho ly\u017eov\u00e1n\u00ed, tak si ud\u011bl\u00e1 p\u0159edstavu o velikosti a obt\u00ed\u017enosti t\u00e9to v\u00fdzvy. Klasick\u00fd b\u011bh pat\u0159\u00ed k velmi technick\u00fdm sport\u016fm z pohledu citlivosti a ovl\u00e1d\u00e1n\u00ed noh.<br \/> Zjistili jsme, \u017ee b\u011b\u017en\u00e9 protetick\u00e9 n\u00e1hrady nejsou vhodn\u00e9 pro sportovn\u00ed pou\u017eit\u00ed. Tak\u00e9 po\u0159izovac\u00ed n\u00e1klady nepat\u0159\u00ed k n\u00edzk\u00fdm, i kdy\u017e jde o zdravotn\u00ed pom\u016fcku. Cena komponent se pohybuje v \u0159\u00e1dech desetitis\u00edc\u016f \/ 100 000 kompletn\u00ed n\u00e1hrada \/.<\/p>\n<p> Rozhodli jsme se spole\u010dn\u011b s na\u0161imi sponzory <strong>Axiom Tech s.r.o a SVS Fem s.r.o. <\/strong>vyvinout pru\u017en\u00e1 chodidla pro \u00fa\u010dely b\u011bhu a druh\u00e9 pro b\u011b\u017eeck\u00e9 ly\u017eov\u00e1n\u00ed. P\u0159\u00edsp\u011bvky obou sponzor\u016f na v\u00fdvoj jsou sponzorsk\u00e9, ale mus\u00edme financovat v\u00fdrobu. A na to slou\u017e\u00ed akce \u201eNoha\u201c.<\/p>\n<p> Douf\u00e1me, \u017ee sportovci ocen\u00ed p\u0159\u00edstup na\u0161ich dvou z\u00e1vodn\u00edk\u016f a akceptujete sv\u016fj p\u0159\u00edsp\u011bvek na na\u0161ich akc\u00edch. <br \/> Jako revan\u0161 si s n\u00e1mi zasportujete a dostanete samolepku, kter\u00e1 \u0159\u00edk\u00e1, \u017ee jste pochopili.<\/p>\n","protected":false},"excerpt":{"rendered":"<a href=\"https:\/\/www.caths.cz\/wordpress\/co-je-projekt-noha\/\"><img loading=\"lazy\" decoding=\"async\" width=\"100\" height=\"100\" src=\"https:\/\/www.caths.cz\/wordpress\/wp-content\/plugins\/thumbnail-for-excerpts\/tfe_no_thumb.png\" class=\"alignleft wp-post-image tfe\" alt=\"\" title=\"\" \/><\/a><p>Seznamte se s nov\u00fdm projektem na podporu na\u0161ich z\u00e1vodn\u00edk\u016f v b\u011b\u017eeck\u00e9m ly\u017eov\u00e1n\u00ed. V\u011bt\u0161ina z n\u00e1s si na sportov\u00e1n\u00ed po\u0159izuje kolo, ly\u017ee, boty, oble\u010den\u00ed. Ale jsou mezi n\u00e1mi i kamar\u00e1di, kte\u0159\u00ed [&hellip;]<\/p>\n","protected":false},"author":1,"featured_media":0,"comment_status":"closed","ping_status":"closed","sticky":false,"template":"","format":"standard","meta":{"ngg_post_thumbnail":0,"footnotes":""},"categories":[6],"tags":[],"class_list":["post-527","post","type-post","status-publish","format-standard","hentry","category-caths-info"],"_links":{"self":[{"href":"https:\/\/www.caths.cz\/wordpress\/wp-json\/wp\/v2\/posts\/527","targetHints":{"allow":["GET"]}}],"collection":[{"href":"https:\/\/www.caths.cz\/wordpress\/wp-json\/wp\/v2\/posts"}],"about":[{"href":"https:\/\/www.caths.cz\/wordpress\/wp-json\/wp\/v2\/types\/post"}],"author":[{"embeddable":true,"href":"https:\/\/www.caths.cz\/wordpress\/wp-json\/wp\/v2\/users\/1"}],"replies":[{"embeddable":true,"href":"https:\/\/www.caths.cz\/wordpress\/wp-json\/wp\/v2\/comments?post=527"}],"version-history":[{"count":0,"href":"https:\/\/www.caths.cz\/wordpress\/wp-json\/wp\/v2\/posts\/527\/revisions"}],"wp:attachment":[{"href":"https:\/\/www.caths.cz\/wordpress\/wp-json\/wp\/v2\/media?parent=527"}],"wp:term":[{"taxonomy":"category","embeddable":true,"href":"https:\/\/www.caths.cz\/wordpress\/wp-json\/wp\/v2\/categories?post=527"},{"taxonomy":"post_tag","embeddable":true,"href":"https:\/\/www.caths.cz\/wordpress\/wp-json\/wp\/v2\/tags?post=527"}],"curies":[{"name":"wp","href":"https:\/\/api.w.org\/{rel}","templated":true}]}}