{"id":523,"date":"2007-12-22T16:25:26","date_gmt":"2007-12-22T15:25:26","guid":{"rendered":"http:\/\/www.caths.cz\/wordpress\/?p=523"},"modified":"2007-12-22T16:25:26","modified_gmt":"2007-12-22T15:25:26","slug":"caths-preje-vsem-svym-clenum-partnerum-a-fandum-sportu-handicapovanych-prijemne-proziti-vanocnich-svatku-a-hodne-stesti-a-uspechu-v-roce-2008","status":"publish","type":"post","link":"https:\/\/www.caths.cz\/wordpress\/caths-preje-vsem-svym-clenum-partnerum-a-fandum-sportu-handicapovanych-prijemne-proziti-vanocnich-svatku-a-hodne-stesti-a-uspechu-v-roce-2008\/","title":{"rendered":"\u010cATHS p\u0159eje v\u0161em sv\u00fdm \u010dlen\u016fm, partner\u016fm a fand\u016fm sportu handicapovan\u00fdch p\u0159\u00edjemn\u00e9 pro\u017eit\u00ed v\u00e1no\u010dn\u00edch sv\u00e1tk\u016f a hodn\u011b \u0161t\u011bst\u00ed a \u00fasp\u011bch\u016f v roce 2008"},"content":{"rendered":"<p>Libor \u0160najdr, Zden\u011bk \u0160ebek, Marcel Pipek a Ji\u0159\u00ed Je\u017eek pro V\u00e1s zaslali sv\u00e1 p\u0159\u00e1n\u00ed:<\/p>\n<p align=\"justify\"> <strong>Libor \u0160najdr:<\/strong><br \/> &#8222;Ji\u017e za n\u011bkolik dn\u00ed se kone\u010dn\u011b zastav\u00edte a po tom celoro\u010dn\u00edm shonu si ud\u011bl\u00e1te chvilku pro sebe a pro sv\u00e9 bl\u00edzk\u00e9. Tak a\u0165 je to chv\u00edle p\u0159\u00edjemn\u00e1 a kr\u00e1sn\u00e1. A\u0165 na\u010derp\u00e1te co nejv\u00edce sil do dal\u0161\u00edch dn\u016f p\u0159\u00ed\u0161t\u00edho roku.&#8220; <\/p>\n<p> <strong>Zden\u011bk \u0160ebek:<\/strong><br \/> &#8222;\u010clen\u016fm \u010cATHS p\u0159eji hlavn\u011b pohodov\u00e9 V\u00e1noce. Jinak j\u00e1 osobn\u011b vn\u00edm\u00e1m V\u00e1noce a podobn\u00e9 sv\u00e1tky jako takov\u00e9 masov\u00e9 akce. Pro m\u011b je mnohem d\u016fle\u017eit\u011bj\u0161\u00ed m\u00edt &#8222;V\u00e1noce&#8220; po cel\u00fd rok. Ne v\u017edy se to zcela poda\u0159\u00ed&#8230;&#8220; <\/p>\n<p> <strong>Marcel Pipek:<\/strong><br \/> &#8222;V\u0161em p\u0159eji pohodov\u00e9 sv\u00e1tky a hlavn\u011b bohat\u00e9ho \u201eJe\u017eu\u201c\u2026.&#8220; <\/p>\n<p> <strong>Ji\u0159\u00ed Je\u017eek:<\/strong> &#8222;Kr\u00e1sn\u00e9 a klidn\u00e9 pro\u017eit\u00ed v\u00e1no\u010dn\u00edch sv\u00e1tk\u016f v\u0161em \u010dlen\u016fm Asociace z dalek\u00e9 Austr\u00e1lie p\u0159ej\u00ed Jirka a So\u0148a Je\u017ekovi!&#8220; <\/p>\n<p> <img decoding=\"async\" src=\"\/wordpress\/image\/k_clankum\/pf_caths.jpg\"><\/p>\n","protected":false},"excerpt":{"rendered":"<a href=\"https:\/\/www.caths.cz\/wordpress\/caths-preje-vsem-svym-clenum-partnerum-a-fandum-sportu-handicapovanych-prijemne-proziti-vanocnich-svatku-a-hodne-stesti-a-uspechu-v-roce-2008\/\"><img loading=\"lazy\" decoding=\"async\" width=\"100\" height=\"100\" src=\"https:\/\/www.caths.cz\/wordpress\/wp-content\/plugins\/thumbnail-for-excerpts\/tfe_no_thumb.png\" class=\"alignleft wp-post-image tfe\" alt=\"\" title=\"\" \/><\/a><p>Libor \u0160najdr, Zden\u011bk \u0160ebek, Marcel Pipek a Ji\u0159\u00ed Je\u017eek pro V\u00e1s zaslali sv\u00e1 p\u0159\u00e1n\u00ed: Libor \u0160najdr: &#8222;Ji\u017e za n\u011bkolik dn\u00ed se kone\u010dn\u011b zastav\u00edte a po tom celoro\u010dn\u00edm shonu si ud\u011bl\u00e1te [&hellip;]<\/p>\n","protected":false},"author":1,"featured_media":0,"comment_status":"closed","ping_status":"closed","sticky":false,"template":"","format":"standard","meta":{"ngg_post_thumbnail":0,"footnotes":""},"categories":[6],"tags":[],"class_list":["post-523","post","type-post","status-publish","format-standard","hentry","category-caths-info"],"_links":{"self":[{"href":"https:\/\/www.caths.cz\/wordpress\/wp-json\/wp\/v2\/posts\/523","targetHints":{"allow":["GET"]}}],"collection":[{"href":"https:\/\/www.caths.cz\/wordpress\/wp-json\/wp\/v2\/posts"}],"about":[{"href":"https:\/\/www.caths.cz\/wordpress\/wp-json\/wp\/v2\/types\/post"}],"author":[{"embeddable":true,"href":"https:\/\/www.caths.cz\/wordpress\/wp-json\/wp\/v2\/users\/1"}],"replies":[{"embeddable":true,"href":"https:\/\/www.caths.cz\/wordpress\/wp-json\/wp\/v2\/comments?post=523"}],"version-history":[{"count":0,"href":"https:\/\/www.caths.cz\/wordpress\/wp-json\/wp\/v2\/posts\/523\/revisions"}],"wp:attachment":[{"href":"https:\/\/www.caths.cz\/wordpress\/wp-json\/wp\/v2\/media?parent=523"}],"wp:term":[{"taxonomy":"category","embeddable":true,"href":"https:\/\/www.caths.cz\/wordpress\/wp-json\/wp\/v2\/categories?post=523"},{"taxonomy":"post_tag","embeddable":true,"href":"https:\/\/www.caths.cz\/wordpress\/wp-json\/wp\/v2\/tags?post=523"}],"curies":[{"name":"wp","href":"https:\/\/api.w.org\/{rel}","templated":true}]}}