{"id":521,"date":"2007-12-20T14:52:06","date_gmt":"2007-12-20T13:52:06","guid":{"rendered":"http:\/\/www.caths.cz\/wordpress\/?p=521"},"modified":"2007-12-20T14:52:06","modified_gmt":"2007-12-20T13:52:06","slug":"odpovedi-na-nejcastejsi-otazky-ohledne-clenstvi-v-caths-a-cstps","status":"publish","type":"post","link":"https:\/\/www.caths.cz\/wordpress\/odpovedi-na-nejcastejsi-otazky-ohledne-clenstvi-v-caths-a-cstps\/","title":{"rendered":"Odpov\u011bdi na nej\u010dast\u011bj\u0161\u00ed ot\u00e1zky ohledn\u011b \u010dlenstv\u00ed v \u010cATHS a \u010cSTPS"},"content":{"rendered":"<p align=\"justify\">Zde naleznete odpov\u011bdi na n\u011bkolik nej\u010dast\u011bj\u0161\u00edch ot\u00e1zek, kter\u00e9 si kladete p\u0159i rozhodov\u00e1n\u00ed, zda a pro\u010d vstoupit do \u010cATHS!!!<\/p>\n<p align=\"justify\"> <font color=\"#FF0000\"><strong>Pro\u010d mus\u00edm k p\u0159ihl\u00e1\u0161ce p\u0159ilo\u017eit Prohl\u00e1\u0161en\u00ed o vystoupen\u00ed z \u010cSTPS?<\/strong><\/font><br \/> Proto\u017ee jde o dokon\u010den\u00ed aktu p\u0159estupu. Ve sportovn\u00edm prost\u0159ed\u00ed je to krok naprosto standardn\u00ed. Jestli\u017ee nap\u0159\u00edklad p\u0159estoup\u00ed hr\u00e1\u010d h\u00e1zen\u00e9 z Karvin\u00e9 do Plzn\u011b, nem\u016f\u017ee ji\u017e b\u00fdt \u010dlenem Karvin\u00e9. Pokud by j\u00edm m\u011bl b\u00fdt i nad\u00e1le, ne\u0161lo by o p\u0159estup, n\u00fdbr\u017e o hostov\u00e1n\u00ed. V Jednotn\u00fdch pravidlech, odsouhlasen\u00fdch s IPC, je uveden \u201ep\u0159estup\u201c, nikoli \u201ehostov\u00e1n\u00ed\u201c<\/p>\n<p> <font color=\"#FF0000\"><strong>Bude na paralympi\u00e1d\u011b v \u010c\u00edn\u011b umo\u017en\u011bna \u00fa\u010dast tzv. samopl\u00e1tc\u016f, tedy sportovc\u016f, kte\u0159\u00ed si financov\u00e1n\u00ed p\u0159\u00edpravy a \u00fa\u010dasti zajist\u00ed sami, nap\u0159. ze sponzorsk\u00fdch prost\u0159edk\u016f?<\/strong><\/font><br \/> Pokud n\u011bkter\u00fd ze sportovc\u016f spln\u00ed nomina\u010dn\u00ed krit\u00e9ria \u010cPV (ta jsou ve srovn\u00e1n\u00ed s limity po\u0159adatel\u016f n\u00e1ro\u010dn\u011bj\u0161\u00ed), d\u00e1le pokud bude m\u00edt kompletn\u011b i v\u010das vy\u0159e\u0161eno \u010dlenstv\u00ed v \u010cATHS a nebude m\u00edt jin\u00e9 probl\u00e9my (doping, z\u00e1va\u017en\u00e9 poru\u0161en\u00ed \u017eivotospr\u00e1vy apod.) pak je d\u016fvodn\u00fd p\u0159edpoklad, \u017ee bude nominov\u00e1n a tedy n\u00e1klady na p\u0159\u00edpravu a \u00fa\u010dast mu budou hrazeny. Samopl\u00e1tectv\u00ed ve vztahu k \u00fa\u010dastnick\u00fdm n\u00e1klad\u016fm tedy nep\u0159ich\u00e1z\u00ed v \u00favahu. M\u016f\u017ee j\u00edt pouze o spolufinancov\u00e1n\u00ed p\u0159\u00edpravy. To ov\u0161em u toho sportovce, kter\u00fd nebude m\u00edt kompletn\u011b vy\u0159e\u0161enu ot\u00e1zku \u010dlenstv\u00ed v \u010cATHS nem\u00e1 \u017e\u00e1dn\u00fd smysl.<\/p>\n<p> <font color=\"#FF0000\"><strong>Jsem \u010dlenem \u010cSTPS a spl\u0148uji limity. Jak\u00fdm zp\u016fsobem a do jak\u00e9ho term\u00ednu mohu \u010cPV po\u017e\u00e1dat o nominaci na paralympi\u00e1du?<\/strong><\/font><br \/> Nominace sportovc\u016f na paralympi\u00e1du p\u0159ipravuj\u00ed pro \u010cPV jednotliv\u00e9 \u010dlensk\u00e9 svazy. Pro zahrnut\u00ed do nominace je tedy nezbytn\u00e9 \u010dlenstv\u00ed ve svazu sdru\u017een\u00e9m v \u010cPV. Jak vypl\u00fdv\u00e1 z Jednotn\u00fdch pravidel \u010cPV k zaji\u0161t\u011bn\u00ed sportovn\u00ed reprezentace, od 1. ledna 2008 nebude ze strany \u010cPV poskytov\u00e1n servis \u010di podpora sportovc\u016fm, kte\u0159\u00ed nebudou sou\u010d\u00e1st\u00ed organiza\u010dn\u00ed struktury n\u00e1rodn\u00edho paralympijsk\u00e9ho v\u00fdboru.<\/p>\n<p> <font color=\"#FF0000\"><strong>Pou\u017e\u00edv\u00e1m sportovn\u00ed materi\u00e1l, kter\u00fd jsem vyfasovala v \u010cSTPS. Mus\u00edm ho vr\u00e1tit?<\/strong><\/font><br \/> Ne, proto\u017ee byl v drtiv\u00e9 v\u011bt\u0161in\u011b po\u0159\u00edzen ze st\u00e1tn\u00edch prost\u0159edk\u016f na podporu sportu handicapovan\u00fdch, pop\u0159\u00edpad\u011b z jin\u00fdch zdroj\u016f, \u00fa\u010delov\u011b stejn\u011b v\u00e1zan\u00fdch. Pokud by ho veden\u00ed \u010cSTPS p\u0159esto vym\u00e1halo, m\u016f\u017ee tak u\u010dinit pouze soudn\u00ed cestou. Jestli\u017ee by soud rozhodl o jeho navr\u00e1cen\u00ed, \u010cATHS garantuje, \u017ee uhrad\u00ed ve\u0161ker\u00e9 n\u00e1klady s t\u00edm spojen\u00e9.<\/p>\n<p> <font color=\"#FF0000\"><strong>Budou \u010dlen\u016fm \u010cSTPS umo\u017en\u011bny p\u0159estupy do \u010cATHS i v roce 2008?<\/strong><\/font><br \/> Pro p\u0159estupy byl na z\u00e1klad\u011b Jednotn\u00fdch pravidel vyhrazen term\u00edn v prosinci 2007. Lze p\u0159edpokl\u00e1dat, \u017ee veden\u00ed \u010cATHS, respektive \u010cPV, by ka\u017edou takovou \u017e\u00e1dost \u0159e\u0161ilo individu\u00e1ln\u011b. V ka\u017ed\u00e9m p\u0159\u00edpad\u011b to v\u0161ak znamen\u00e1, \u017ee na sportovce, kte\u0159\u00ed do \u010cATHS vstoup\u00ed a\u017e v p\u0159\u00ed\u0161t\u00edm roce, nebudou ve svazu k dispozici finan\u010dn\u00ed prost\u0159edky ze st\u00e1tn\u00edch zdroj\u016f. <\/p>\n<p> <font color=\"#FF0000\"><strong>Pokud p\u0159estoup\u00edm, budu se moci z\u00fa\u010dast\u0148ovat akc\u00ed IWAS?<\/strong><\/font><br \/> Ano. Potvrdilo to veden\u00ed IWAS na jedn\u00e1n\u00ed v Soulu v listopadu 2007.<\/p>\n<p> <font color=\"#FF0000\"><strong>Mezi plavci vyv\u00edj\u00ed Jan Nevrkla tlak na sportovce, aby chodili na m\u0161e do kostela. Bude tomu tak i v \u010cATHS?<\/strong><\/font><br \/> Ne. \u010cATHS v\u016f\u010di sv\u00fdm \u010dlen\u016fm nem\u011bla, nem\u00e1 a ani m\u00edt nebude \u017e\u00e1dn\u00e9 n\u00e1bo\u017eensk\u00e9 \u010di politick\u00e9 po\u017eadavky. <\/p>\n","protected":false},"excerpt":{"rendered":"<a href=\"https:\/\/www.caths.cz\/wordpress\/odpovedi-na-nejcastejsi-otazky-ohledne-clenstvi-v-caths-a-cstps\/\"><img loading=\"lazy\" decoding=\"async\" width=\"100\" height=\"100\" src=\"https:\/\/www.caths.cz\/wordpress\/wp-content\/plugins\/thumbnail-for-excerpts\/tfe_no_thumb.png\" class=\"alignleft wp-post-image tfe\" alt=\"\" title=\"\" \/><\/a><p>Zde naleznete odpov\u011bdi na n\u011bkolik nej\u010dast\u011bj\u0161\u00edch ot\u00e1zek, kter\u00e9 si kladete p\u0159i rozhodov\u00e1n\u00ed, zda a pro\u010d vstoupit do \u010cATHS!!! Pro\u010d mus\u00edm k p\u0159ihl\u00e1\u0161ce p\u0159ilo\u017eit Prohl\u00e1\u0161en\u00ed o vystoupen\u00ed z \u010cSTPS? Proto\u017ee jde [&hellip;]<\/p>\n","protected":false},"author":1,"featured_media":0,"comment_status":"closed","ping_status":"closed","sticky":false,"template":"","format":"standard","meta":{"ngg_post_thumbnail":0,"footnotes":""},"categories":[1],"tags":[],"class_list":["post-521","post","type-post","status-publish","format-standard","hentry","category-nezarazene"],"_links":{"self":[{"href":"https:\/\/www.caths.cz\/wordpress\/wp-json\/wp\/v2\/posts\/521","targetHints":{"allow":["GET"]}}],"collection":[{"href":"https:\/\/www.caths.cz\/wordpress\/wp-json\/wp\/v2\/posts"}],"about":[{"href":"https:\/\/www.caths.cz\/wordpress\/wp-json\/wp\/v2\/types\/post"}],"author":[{"embeddable":true,"href":"https:\/\/www.caths.cz\/wordpress\/wp-json\/wp\/v2\/users\/1"}],"replies":[{"embeddable":true,"href":"https:\/\/www.caths.cz\/wordpress\/wp-json\/wp\/v2\/comments?post=521"}],"version-history":[{"count":0,"href":"https:\/\/www.caths.cz\/wordpress\/wp-json\/wp\/v2\/posts\/521\/revisions"}],"wp:attachment":[{"href":"https:\/\/www.caths.cz\/wordpress\/wp-json\/wp\/v2\/media?parent=521"}],"wp:term":[{"taxonomy":"category","embeddable":true,"href":"https:\/\/www.caths.cz\/wordpress\/wp-json\/wp\/v2\/categories?post=521"},{"taxonomy":"post_tag","embeddable":true,"href":"https:\/\/www.caths.cz\/wordpress\/wp-json\/wp\/v2\/tags?post=521"}],"curies":[{"name":"wp","href":"https:\/\/api.w.org\/{rel}","templated":true}]}}