{"id":520,"date":"2007-12-19T14:58:26","date_gmt":"2007-12-19T13:58:26","guid":{"rendered":"http:\/\/www.caths.cz\/wordpress\/?p=520"},"modified":"2007-12-19T14:58:26","modified_gmt":"2007-12-19T13:58:26","slug":"prodlouzeni-terminu-pro-prestup-nesdruzeni-sportovci-maji-vice-casu-na-rozmyslenou","status":"publish","type":"post","link":"https:\/\/www.caths.cz\/wordpress\/prodlouzeni-terminu-pro-prestup-nesdruzeni-sportovci-maji-vice-casu-na-rozmyslenou\/","title":{"rendered":"Prodlou\u017een\u00ed term\u00ednu pro p\u0159estup &#8211; nesdru\u017een\u00ed sportovci maj\u00ed v\u00edce \u010dasu na rozmy\u0161lenou"},"content":{"rendered":"<p align=\"justify\">\u010cesk\u00fd paralympijsk\u00fd v\u00fdbor (\u010cPV) se rozhodl prodlou\u017eit term\u00edn pro p\u0159estup nesdru\u017een\u00fdch t\u011blesn\u011b posti\u017een\u00fdch sportovc\u016f z \u010cSTPS do \u010dlensk\u00e9 \u010cATHS do \u010dtvrtka 27. prosince 2007.<\/p>\n<p align=\"justify\">P\u016fvodn\u00ed term\u00edn byl v souladu s Jednotn\u00fdmi pravidly \u010cPV k zaji\u0161t\u011bn\u00ed sportovn\u00ed reprezentace stanoven do 15.12.2007.<br \/> \u201eCh\u00e1peme, \u017ee pro n\u011bkter\u00e9 sportovce to nen\u00ed jednoduch\u00e9 rozhodov\u00e1n\u00ed, a p\u0159esto\u017ee m\u011bli rok na rozmy\u0161lenou, chceme jim t\u00edm poskytnout maximum \u010dasu pro rozhodov\u00e1n\u00ed,\u201c uvedl p\u0159edseda \u010cPV Vojt\u011bch Volejn\u00edk. <br \/> Na z\u00e1klad\u011b Jednotn\u00fdch pravidel bude od 1.ledna 2008 poskytov\u00e1na podpora a servis jen t\u011bm sportovc\u016fm, kte\u0159\u00ed jsou \u010dleny svaz\u016f, sdru\u017een\u00fdch v \u010cPV.<\/p>\n","protected":false},"excerpt":{"rendered":"<a href=\"https:\/\/www.caths.cz\/wordpress\/prodlouzeni-terminu-pro-prestup-nesdruzeni-sportovci-maji-vice-casu-na-rozmyslenou\/\"><img loading=\"lazy\" decoding=\"async\" width=\"100\" height=\"100\" src=\"https:\/\/www.caths.cz\/wordpress\/wp-content\/plugins\/thumbnail-for-excerpts\/tfe_no_thumb.png\" class=\"alignleft wp-post-image tfe\" alt=\"\" title=\"\" \/><\/a><p>\u010cesk\u00fd paralympijsk\u00fd v\u00fdbor (\u010cPV) se rozhodl prodlou\u017eit term\u00edn pro p\u0159estup nesdru\u017een\u00fdch t\u011blesn\u011b posti\u017een\u00fdch sportovc\u016f z \u010cSTPS do \u010dlensk\u00e9 \u010cATHS do \u010dtvrtka 27. prosince 2007. P\u016fvodn\u00ed term\u00edn byl v souladu s [&hellip;]<\/p>\n","protected":false},"author":1,"featured_media":0,"comment_status":"closed","ping_status":"closed","sticky":false,"template":"","format":"standard","meta":{"ngg_post_thumbnail":0,"footnotes":""},"categories":[1],"tags":[],"class_list":["post-520","post","type-post","status-publish","format-standard","hentry","category-nezarazene"],"_links":{"self":[{"href":"https:\/\/www.caths.cz\/wordpress\/wp-json\/wp\/v2\/posts\/520","targetHints":{"allow":["GET"]}}],"collection":[{"href":"https:\/\/www.caths.cz\/wordpress\/wp-json\/wp\/v2\/posts"}],"about":[{"href":"https:\/\/www.caths.cz\/wordpress\/wp-json\/wp\/v2\/types\/post"}],"author":[{"embeddable":true,"href":"https:\/\/www.caths.cz\/wordpress\/wp-json\/wp\/v2\/users\/1"}],"replies":[{"embeddable":true,"href":"https:\/\/www.caths.cz\/wordpress\/wp-json\/wp\/v2\/comments?post=520"}],"version-history":[{"count":0,"href":"https:\/\/www.caths.cz\/wordpress\/wp-json\/wp\/v2\/posts\/520\/revisions"}],"wp:attachment":[{"href":"https:\/\/www.caths.cz\/wordpress\/wp-json\/wp\/v2\/media?parent=520"}],"wp:term":[{"taxonomy":"category","embeddable":true,"href":"https:\/\/www.caths.cz\/wordpress\/wp-json\/wp\/v2\/categories?post=520"},{"taxonomy":"post_tag","embeddable":true,"href":"https:\/\/www.caths.cz\/wordpress\/wp-json\/wp\/v2\/tags?post=520"}],"curies":[{"name":"wp","href":"https:\/\/api.w.org\/{rel}","templated":true}]}}