{"id":519,"date":"2007-12-19T14:53:48","date_gmt":"2007-12-19T13:53:48","guid":{"rendered":"http:\/\/www.caths.cz\/wordpress\/?p=519"},"modified":"2007-12-19T14:53:48","modified_gmt":"2007-12-19T13:53:48","slug":"ivan-karabec-a-spol-vstric-paralympiade-2008-zprava-sekce-stolnich-tenistu","status":"publish","type":"post","link":"https:\/\/www.caths.cz\/wordpress\/ivan-karabec-a-spol-vstric-paralympiade-2008-zprava-sekce-stolnich-tenistu\/","title":{"rendered":"Ivan Karabec a spol. vst\u0159\u00edc paralympi\u00e1d\u011b 2008 &#8211; zpr\u00e1va sekce stoln\u00edch tenist\u016f"},"content":{"rendered":"<p align=\"justify\" >Reprezentanti \u010cR t\u011blesn\u011b posti\u017een\u00fdch stoln\u00edch tenist\u016f, organizovan\u00ed v \u010cATHS, maj\u00ed za sebou \u0159adu mezin\u00e1rodn\u00edch start\u016f roku 2007 v\u010detn\u011b ME, kter\u00e9 se konalo 10.-21.\u0159\u00edjna v kr\u00e1sn\u00e9m horsk\u00e9m prost\u0159ed\u00ed Kranjsk\u00e9 Gory (Slovinsko). V\u0161echny dosa\u017een\u00e9 v\u00fdsledky se prom\u011b\u0148uj\u00ed na body do sv\u011btov\u00e9ho \u017eeb\u0159\u00ed\u010dku, jeho\u017e stav k 1.lednu 2008 bude rozhoduj\u00edc\u00ed pro pr\u00e1vo startu na 13.paralympijsk\u00fdch hr\u00e1ch v \u010d\u00ednsk\u00e9m Beijingu.<\/p>\n<p align=\"justify\" > Na ME z\u00e1\u0159il Ivan Karabec, p\u0159esto\u017ee si p\u00e1r t\u00fddn\u016f p\u0159ed evropsk\u00fdm \u0161ampion\u00e1tem podvrtnul kotn\u00edk a jeho pohyb v hrac\u00edm prostoru byl hodn\u011b zt\u00ed\u017een\u00fd. Karabec se stal ve Slovinsku podruh\u00e9 v kari\u00e9\u0159e mistrem Evropy ve dvouh\u0159e mu\u017e\u016f kat.10, kdy\u017e ve fin\u00e1le zdolal stejn\u011b jak p\u0159ede dv\u011bmi lety v Zagrebu Francouze de La Bourdonnaye, tentokr\u00e1t p\u0159esv\u011bd\u010div\u011b 3:0. K tomu p\u0159ipojil st\u0159\u00edbrnou medaili ze dvouhry open, v n\u00ed\u017e podlehl a\u017e ve fin\u00e1le vysok\u00e9 hern\u00ed jistot\u011b \u0160pan\u011bla Ruize, a medailovou kolekci zkompletoval bronzem ze sout\u011b\u017ee dru\u017estev mu\u017e\u016f kat.10.<br \/> V n\u00ed neprohr\u00e1l ani jednu dvouhru a m\u011bl tak lv\u00ed pod\u00edl na \u00fasp\u011bchu, kter\u00fd by ale nebyl dosa\u017een bez p\u0159isp\u011bn\u00ed jeho partnera Jaroslava Cieslara, hr\u00e1\u010de kat.9. Po pr\u00e1vu byl Karabec vyhl\u00e1\u0161en nejlep\u0161\u00edm hr\u00e1\u010dem ME z kategori\u00ed stoj\u00edc\u00edch mu\u017e\u016f a dostal i dal\u0161\u00edho ocen\u011bn\u00ed v podob\u011b titulu nejlep\u0161\u00edho hr\u00e1\u010de roku 2007, co\u017e byl v\u00fdsledek ankety mezi sportovci.<br \/> Dal\u0161\u00ed reprezentanti \u010cR se v Kranjsk\u00e9 Go\u0159e v siln\u00e9 konkurenci prosadili jen \u010d\u00e1ste\u010dn\u011b. Ve dvouh\u0159e open mu\u017e\u016f vyhr\u00e1li Jaroslav Cieslar dvakr\u00e1t, Zbyn\u011bk Lambert, Daniel Horut a Tom\u00e1\u0161 Vrbka jednou, d\u00e1l je vy\u0159azovac\u00ed \u201epavouk\u201c nepustil. Ve dvouh\u0159e open \u017een se Michala de La Bourdonnaye dostala mezi nejlep\u0161\u00edch osm hr\u00e1\u010dek, Jaroslava Jane\u010dkov\u00e1 prohr\u00e1la hned v \u00favodu t\u011b\u017ek\u00fd z\u00e1pas s Barbu\u0161ovou (Slovensko). Ve dvouh\u0159e mu\u017e\u016f byly podle paralympijsk\u00e9 \u0161ablony spojeny kategorie 9 a 10, co\u017e bylo pro \u201edes\u00edtk\u00e1\u0159e\u201c v\u00fdrazn\u00fdm hendikepem. Jaroslav Cieslar p\u0159esto vyhr\u00e1l svou kvalifika\u010dn\u00ed skupinu, kdy\u017e dok\u00e1zal porazit i Rusa Lukjanova, v play off p\u0159e\u0161el je\u0161t\u011b p\u0159es Turka Avciho a a\u017e v boji o \u010dtvrtfin\u00e1le podlehl v dobr\u00e9m z\u00e1pasu 1:3 Raku\u0161anu Fraczykovi. Tom\u00e1\u0161 Vrbka skon\u010dil na \u0161t\u00edt\u011b ji\u017e ve skupin\u011b, kdy\u017e pokazil z\u00e1v\u011br rozhoduj\u00edc\u00edho z\u00e1pasu s Pol\u00e1kem Bieniaszem (vedl 8:4 v p\u00e1t\u00e9m setu a prohr\u00e1l 8:11). V kategorii M7 postoupili do play off ze druh\u00fdch m\u00edst Zbyn\u011bk Lambert i Daniel Horut. V osmifin\u00e1le skon\u010dila cesta Horuta na p\u00e1lce \u0160pan\u011bla Moralese, ve \u010dtvrtfin\u00e1le byl vy\u0159azen Lambert Pol\u00e1kem Juraszem. Ve dvouh\u0159e \u017een kat.8 si vybojovala postup ze druh\u00e9ho m\u00edsta ve skupin\u011b Jaroslava Jane\u010dkov\u00e1, kdy\u017e oto\u010dila beznad\u011bjn\u011b se vyv\u00edjej\u00edc\u00ed z\u00e1pas s Polkou Turowskou na kone\u010dn\u00fdch 3:2 (-8,-2,10,8,5). Nezklamala ani ve \u010dtvrtfin\u00e1le s Francouzkou Mairie, hr\u00e1\u010dkou s v\u00fdrazn\u011b men\u0161\u00edm posti\u017een\u00edm. Michala de La Bourdonnaye skon\u010dila v kat.10 t\u0159et\u00ed v jedn\u00e9 ze dvou semifin\u00e1lov\u00fdch skupin, kdy\u017e nezvl\u00e1dla kl\u00ed\u010dov\u00fd z\u00e1pas Francouzkou Le Morvan, svou \u010dastou tr\u00e9ninkovou partnerkou.<br \/> V sout\u011b\u017e\u00edch dru\u017estev krom\u011b ji\u017e zm\u00edn\u011bn\u00e9 bronzov\u00e9 medaile dvojice Karabec-Cieslar v kat.10 m\u011bli ambice usp\u011bt i Lambert s Horutem v kat.7. Po o\u010dek\u00e1van\u00e9 proh\u0159e s favorizovan\u00fdm N\u011bmeckem (0:3) vybojovali t\u011b\u017ek\u00e9 utk\u00e1n\u00ed o postup ze skupiny s Angli\u00ed. Prohr\u00e1li \u00favodn\u00ed dv\u011b dvouhry, pak ale zabojovali, po \u010dty\u0159h\u0159e a z\u00e1pasu Lamberta s Karabardakem srovnali na 2:2. Posledn\u00ed z\u00e1pas pln\u00fd nervov\u00e9ho nap\u011bt\u00ed prohr\u00e1l Horut s Wetherhillem 2:3 (-7,2,-5,6,-9). Velmi bl\u00edzko st\u0159\u00edbrn\u00e9 medaili byly de La Bourdonnaye s Jane\u010dkovou v kat.\u017een 10. Porazily siln\u00e9 Rusky (3:2) a pak i Francouzky (3:2) a v\u0161e vypadalo hodn\u011b nad\u011bjn\u011b. Prohra s Tureckem (1:3), kterou za\u0159\u00eddila technicky vybaven\u00e1 jedni\u010dka soupe\u0159e Kavas ale situaci siln\u011b zkomplikovala. V posledn\u00edm kole Turkyn\u011b vyhr\u00e1ly i nad Franci\u00ed , a tak p\u0159i rovnosti bod\u016f t\u0159\u00ed dru\u017estev byly Rusky nejlep\u0161\u00ed na sk\u00f3re a braly st\u0159\u00edbrn\u00e9 medaile, Turkyn\u011b z\u00edskaly bronz a pro \u010cR zbyly \u201ebramborov\u00e9\u201c medaile za \u010dtvrt\u00e9 m\u00edsto.<br \/> Z\u00e1v\u011br roku 2007 je ve znamen\u00ed honby za body. Hr\u00e1\u010di s ambicemi postupu na PH 2008 obj\u00ed\u017ed\u011bj\u00ed turnaje po cel\u00e9m sv\u011bt\u011b, aby si vylep\u0161ili svou celoro\u010dn\u00ed bilanci (po\u010d\u00edt\u00e1 se \u0161est nejlep\u0161\u00edch v\u00fdsledk\u016f). Z \u010desk\u00fdch reprezentant\u016f m\u00e1 jist\u00fd start na PH Ivan Karabec, s nejv\u011bt\u0161\u00ed pravd\u011bpodobnost\u00ed ho doprovod\u00ed Jaroslav Cieslar a Zbyn\u011bk Lambert, st\u00e1le ve h\u0159e jsou je\u0161t\u011b Michala de La Bourdonnaye, Daniel Horut a J h\u00fdbneraroslava Jane\u010dkov\u00e1. Krom\u011b p\u0159\u00edm\u00fdch nominac\u00ed na z\u00e1klad\u011b omezen\u00fdch m\u00edst ze sv\u011btov\u00e9ho \u017eeb\u0159\u00ed\u010dku budou dal\u0161\u00edmi mo\u017enostmi \u00fa\u010dasti na nejv\u011bt\u0161\u00edm sv\u00e1tku sportovc\u016f cel\u00e9ho sv\u011bta ud\u011blen\u00e9 \u201edivok\u00e9 karty\u201c. V prv\u00e9 \u0159ad\u011b se bude sledovat dopln\u011bn\u00ed skladby dru\u017estev a teprve pak dojde na posouzen\u00ed \u017e\u00e1dost\u00ed pro jednotlivce.<\/p>\n<p> Jaroslav H\u00fdbner<br \/> reprezenta\u010dn\u00ed tren\u00e9r<\/p>\n","protected":false},"excerpt":{"rendered":"<a href=\"https:\/\/www.caths.cz\/wordpress\/ivan-karabec-a-spol-vstric-paralympiade-2008-zprava-sekce-stolnich-tenistu\/\"><img loading=\"lazy\" decoding=\"async\" width=\"100\" height=\"100\" src=\"https:\/\/www.caths.cz\/wordpress\/wp-content\/plugins\/thumbnail-for-excerpts\/tfe_no_thumb.png\" class=\"alignleft wp-post-image tfe\" alt=\"\" title=\"\" \/><\/a><p>Reprezentanti \u010cR t\u011blesn\u011b posti\u017een\u00fdch stoln\u00edch tenist\u016f, organizovan\u00ed v \u010cATHS, maj\u00ed za sebou \u0159adu mezin\u00e1rodn\u00edch start\u016f roku 2007 v\u010detn\u011b ME, kter\u00e9 se konalo 10.-21.\u0159\u00edjna v kr\u00e1sn\u00e9m horsk\u00e9m prost\u0159ed\u00ed Kranjsk\u00e9 Gory (Slovinsko). [&hellip;]<\/p>\n","protected":false},"author":1,"featured_media":0,"comment_status":"closed","ping_status":"closed","sticky":false,"template":"","format":"standard","meta":{"ngg_post_thumbnail":0,"footnotes":""},"categories":[19],"tags":[],"class_list":["post-519","post","type-post","status-publish","format-standard","hentry","category-stolni-tenis"],"_links":{"self":[{"href":"https:\/\/www.caths.cz\/wordpress\/wp-json\/wp\/v2\/posts\/519","targetHints":{"allow":["GET"]}}],"collection":[{"href":"https:\/\/www.caths.cz\/wordpress\/wp-json\/wp\/v2\/posts"}],"about":[{"href":"https:\/\/www.caths.cz\/wordpress\/wp-json\/wp\/v2\/types\/post"}],"author":[{"embeddable":true,"href":"https:\/\/www.caths.cz\/wordpress\/wp-json\/wp\/v2\/users\/1"}],"replies":[{"embeddable":true,"href":"https:\/\/www.caths.cz\/wordpress\/wp-json\/wp\/v2\/comments?post=519"}],"version-history":[{"count":0,"href":"https:\/\/www.caths.cz\/wordpress\/wp-json\/wp\/v2\/posts\/519\/revisions"}],"wp:attachment":[{"href":"https:\/\/www.caths.cz\/wordpress\/wp-json\/wp\/v2\/media?parent=519"}],"wp:term":[{"taxonomy":"category","embeddable":true,"href":"https:\/\/www.caths.cz\/wordpress\/wp-json\/wp\/v2\/categories?post=519"},{"taxonomy":"post_tag","embeddable":true,"href":"https:\/\/www.caths.cz\/wordpress\/wp-json\/wp\/v2\/tags?post=519"}],"curies":[{"name":"wp","href":"https:\/\/api.w.org\/{rel}","templated":true}]}}