{"id":514,"date":"2007-12-11T11:00:00","date_gmt":"2007-12-11T10:00:00","guid":{"rendered":"http:\/\/www.caths.cz\/wordpress\/?p=514"},"modified":"2007-12-11T11:00:00","modified_gmt":"2007-12-11T10:00:00","slug":"sekce-cyklistiky-zverejnila-kalendar-zavodu-pro-rok-2008","status":"publish","type":"post","link":"https:\/\/www.caths.cz\/wordpress\/sekce-cyklistiky-zverejnila-kalendar-zavodu-pro-rok-2008\/","title":{"rendered":"Sekce cyklistiky zve\u0159ejnila kalend\u00e1\u0159 z\u00e1vod\u016f pro rok 2008"},"content":{"rendered":"<p align=\"justify\">Sekce cyklistiky zve\u0159ejnila kalend\u00e1\u0159 z\u00e1vod\u016f pro rok 2008. A \u017ee toho na\u0161i reprezentanti budou m\u00edt a\u017e nad hlavu, m\u016f\u017eete posoudit sami&#8230; Mod\u0159e vyzna\u010den\u00e9 kolonky jsou povinn\u00e9 pro \u00fa\u017e\u0161\u00ed reprezenta\u010dn\u00ed t\u00fdm. Tak\u017ee n\u00e1m nezb\u00fdv\u00e1, ne\u017e dr\u017eet kluk\u016fm palce, aby i nadch\u00e1zej\u00edc\u00ed sez\u00f3na byla stejn\u011b \u00fasp\u011b\u0161n\u00e1, jako ta leto\u0161n\u00ed.<\/p>\n<p><a href=\"storage\/cyklistika\/Kalendar 2008_cyklistika.pdf\"><b>KALEND\u00c1\u0158 KE STA\u017dEN\u00cd VE FORM\u00c1TU PDF<\/b><\/a> <\/p>\n<p> <img decoding=\"async\" src=\"\/image\/k_clankum\/repre.jpg\" width=\"495\"height=\"330\"><br \/> FOTO: Reprezentace \u010cR 2007 &#8211; zleva: mechanik Ji\u0159\u00ed Chyba, Radim Pavl\u00edk, Tom\u00e1\u0161 Kvasni\u010dka, mana\u017eerka So\u0148a Je\u017ekov\u00e1, Ji\u0159\u00ed Je\u017eek, Ji\u0159\u00ed Kalousek a tren\u00e9r Viktor Zapletal <br \/> <img decoding=\"async\" src=\"\/image\/k_clankum\/repre_handbike.jpg\" width=\"497\"height=\"255\"><br \/> FOTO: Handbikov\u00ed reprezentanti &#8211; zleva: Pavel D\u011bck\u00fd, Radovan Civi\u0161 a Marcel Pipek<\/p>\n","protected":false},"excerpt":{"rendered":"<a href=\"https:\/\/www.caths.cz\/wordpress\/sekce-cyklistiky-zverejnila-kalendar-zavodu-pro-rok-2008\/\"><img loading=\"lazy\" decoding=\"async\" width=\"100\" height=\"100\" src=\"https:\/\/www.caths.cz\/wordpress\/wp-content\/plugins\/thumbnail-for-excerpts\/tfe_no_thumb.png\" class=\"alignleft wp-post-image tfe\" alt=\"\" title=\"\" \/><\/a><p>Sekce cyklistiky zve\u0159ejnila kalend\u00e1\u0159 z\u00e1vod\u016f pro rok 2008. A \u017ee toho na\u0161i reprezentanti budou m\u00edt a\u017e nad hlavu, m\u016f\u017eete posoudit sami&#8230; Mod\u0159e vyzna\u010den\u00e9 kolonky jsou povinn\u00e9 pro \u00fa\u017e\u0161\u00ed reprezenta\u010dn\u00ed t\u00fdm. [&hellip;]<\/p>\n","protected":false},"author":1,"featured_media":0,"comment_status":"closed","ping_status":"closed","sticky":false,"template":"","format":"standard","meta":{"ngg_post_thumbnail":0,"footnotes":""},"categories":[2],"tags":[],"class_list":["post-514","post","type-post","status-publish","format-standard","hentry","category-cyklistika"],"_links":{"self":[{"href":"https:\/\/www.caths.cz\/wordpress\/wp-json\/wp\/v2\/posts\/514","targetHints":{"allow":["GET"]}}],"collection":[{"href":"https:\/\/www.caths.cz\/wordpress\/wp-json\/wp\/v2\/posts"}],"about":[{"href":"https:\/\/www.caths.cz\/wordpress\/wp-json\/wp\/v2\/types\/post"}],"author":[{"embeddable":true,"href":"https:\/\/www.caths.cz\/wordpress\/wp-json\/wp\/v2\/users\/1"}],"replies":[{"embeddable":true,"href":"https:\/\/www.caths.cz\/wordpress\/wp-json\/wp\/v2\/comments?post=514"}],"version-history":[{"count":0,"href":"https:\/\/www.caths.cz\/wordpress\/wp-json\/wp\/v2\/posts\/514\/revisions"}],"wp:attachment":[{"href":"https:\/\/www.caths.cz\/wordpress\/wp-json\/wp\/v2\/media?parent=514"}],"wp:term":[{"taxonomy":"category","embeddable":true,"href":"https:\/\/www.caths.cz\/wordpress\/wp-json\/wp\/v2\/categories?post=514"},{"taxonomy":"post_tag","embeddable":true,"href":"https:\/\/www.caths.cz\/wordpress\/wp-json\/wp\/v2\/tags?post=514"}],"curies":[{"name":"wp","href":"https:\/\/api.w.org\/{rel}","templated":true}]}}