{"id":512,"date":"2007-12-08T10:36:42","date_gmt":"2007-12-08T09:36:42","guid":{"rendered":"http:\/\/www.caths.cz\/wordpress\/?p=512"},"modified":"2007-12-08T10:36:42","modified_gmt":"2007-12-08T09:36:42","slug":"jiri-jezek-vyhlasen-nejlepsim-handicapovanym-cyklistou-letosni-sezony","status":"publish","type":"post","link":"https:\/\/www.caths.cz\/wordpress\/jiri-jezek-vyhlasen-nejlepsim-handicapovanym-cyklistou-letosni-sezony\/","title":{"rendered":"Ji\u0159\u00ed Je\u017eek vyhl\u00e1\u0161en nejlep\u0161\u00edm handicapovan\u00fdm cyklistou leto\u0161n\u00ed sez\u00f3ny"},"content":{"rendered":"<p align=\"justify\">V pra\u017esk\u00e9m Kongresov\u00e9m centru byly v\u010dera vyhl\u00e1\u0161eny v\u00fdsledky ji\u017e 43. ro\u010dn\u00edku ankety Kr\u00e1l cyklistiky. Celkov\u00fdm v\u00edt\u011bzem ankety se stal dr\u00e1hov\u00fd mistr sv\u011bta Alois Ka\u0148kovsk\u00fd, mezi handicapovan\u00fdmi cyklisty zv\u00edt\u011bzil podle o\u010dek\u00e1v\u00e1n\u00ed Ji\u0159\u00ed Je\u017eek.\n<\/p>\n<p align=\"center\"> <a href=\"\/image\/k_clankum\/kral_cyklistiky_07\/kral_cyklistiky_plakat.jpg\" width=\"495\" height=\"699\"> <img decoding=\"async\" src=\"\/image\/k_clankum\/kral_cyklistiky_07\/kral_cyklistiky_plakat_thumb.jpg\" alt=\"PLAK\u00c1T AKCE\"><\/a>&#038;nbsp&#038;nbsp <a href=\"\/image\/k_clankum\/kral_cyklistiky_07\/kral_cyklistiky_2007 13.jpg\" width=\"495\" height=\"742\"> <img decoding=\"async\" src=\"\/image\/k_clankum\/kral_cyklistiky_07\/kral_cyklistiky_2007 13_thumb.jpg\" alt=\"REPREZENTA\u010cN\u00cd TREN\u00c9R ZAPLETAL\"><\/a>&#038;nbsp&#038;nbsp <a href=\"\/image\/k_clankum\/kral_cyklistiky_07\/kral_cyklistiky_2007 06.jpg\" width=\"495\" height=\"742\"> <img decoding=\"async\" src=\"\/image\/k_clankum\/kral_cyklistiky_07\/kral_cyklistiky_2007 06_thumb.jpg\"><\/a>&#038;nbsp&#038;nbsp <\/p>\n<p> <a href=\"\/image\/k_clankum\/kral_cyklistiky_07\/kral_cyklistiky_2007 02.jpg\" width=\"495\" height=\"743\"> <img decoding=\"async\" src=\"\/image\/k_clankum\/kral_cyklistiky_07\/kral_cyklistiky_2007 02_thumb.jpg\" alt=\"JI\u0158\u00cd JE\u017dEK P\u0158EB\u00cdR\u00c1 OCEN\u011aN\u00cd Z RUKOU VIKTORA ZAPLETALA\"><\/a>&#038;nbsp&#038;nbsp <a href=\"\/image\/k_clankum\/kral_cyklistiky_07\/kral_cyklistiky_2007 03.jpg\" width=\"495\" height=\"742\"> <img decoding=\"async\" src=\"\/image\/k_clankum\/kral_cyklistiky_07\/kral_cyklistiky_2007 03_thumb.jpg\" alt=\"TOM\u00c1\u0160 KVASNI\u010cKA\"><\/a>&#038;nbsp&#038;nbsp <a href=\"\/image\/k_clankum\/kral_cyklistiky_07\/kral_cyklistiky_2007 05.jpg\" width=\"495\" height=\"742\"> <img decoding=\"async\" src=\"\/image\/k_clankum\/kral_cyklistiky_07\/kral_cyklistiky_2007 05_thumb.jpg\" alt=\"SO\u0147A JE\u017dKOV\u00c1\"><\/a>&#038;nbsp&#038;nbsp <\/p>\n<p> <a href=\"\/image\/k_clankum\/kral_cyklistiky_07\/kral_cyklistiky_2007 00.jpg\" width=\"495\" height=\"330\"> <img decoding=\"async\" src=\"\/image\/k_clankum\/kral_cyklistiky_07\/kral_cyklistiky_2007 00_thumb.jpg\" alt=\"SO\u0160KY PRO V\u00cdT\u011aZE\"><\/a>&#038;nbsp&#038;nbsp <a href=\"\/image\/k_clankum\/kral_cyklistiky_07\/kral_cyklistiky_2007 01.jpg\" width=\"495\" height=\"330\"> <img decoding=\"async\" src=\"\/image\/k_clankum\/kral_cyklistiky_07\/kral_cyklistiky_2007 01_thumb.jpg\" alt=\"JI\u0158\u00cd JE\u017dEK S CENOU\"><\/a>&#038;nbsp&#038;nbsp <a href=\"\/image\/k_clankum\/kral_cyklistiky_07\/kral_cyklistiky_2007 08.jpg\" width=\"495\" height=\"330\"> <img decoding=\"async\" src=\"\/image\/k_clankum\/kral_cyklistiky_07\/kral_cyklistiky_2007 08_thumb.jpg\" alt=\"SO\u0147A A JI\u0158\u00cd JE\u017dKOVI\"><\/a>&#038;nbsp&#038;nbsp <\/p>\n<p> <a href=\"\/image\/k_clankum\/kral_cyklistiky_07\/kral_cyklistiky_2007 09.jpg\" width=\"495\" height=\"742\"> <img decoding=\"async\" src=\"\/image\/k_clankum\/kral_cyklistiky_07\/kral_cyklistiky_2007 09_thumb.jpg\" alt=\"PAVEL AND\u011aL A VIKTOR ZAPLETAL\"><\/a>&#038;nbsp&#038;nbsp <a href=\"\/image\/k_clankum\/kral_cyklistiky_07\/kral_cyklistiky_2007 07.jpg\" width=\"495\" height=\"742\"> <img decoding=\"async\" src=\"\/image\/k_clankum\/kral_cyklistiky_07\/kral_cyklistiky_2007 07_thumb.jpg\" alt=\"JI\u0158\u00cd JE\u017dEK S MODER\u00c1TOREM VE\u010cERA, PAVLEM AND\u011aLEM\"><\/a>&#038;nbsp&#038;nbsp <a href=\"\/image\/k_clankum\/kral_cyklistiky_07\/kral_cyklistiky_2007 16.jpg\" width=\"495\" height=\"742\"> <img decoding=\"async\" src=\"\/image\/k_clankum\/kral_cyklistiky_07\/kral_cyklistiky_2007 16_thumb.jpg\" alt=\"V\u00cdT\u011aZKY KATEGORIE S\u00c1LOV\u00c1 CYKLISTIKA: ANDREA PET\u0158\u00cd\u010cKOV\u00c1 A IVA VALE\u0160OV\u00c1\"><\/a>&#038;nbsp&#038;nbsp <\/p>\n<p> <a href=\"\/image\/k_clankum\/kral_cyklistiky_07\/kral_cyklistiky_2007 10.jpg\" width=\"495\" height=\"331\"> <img decoding=\"async\" src=\"\/image\/k_clankum\/kral_cyklistiky_07\/kral_cyklistiky_2007 10_thumb.jpg\" alt=\" PAVEL AND\u011aL A VIKTOR ZAPLETAL \"><\/a>&#038;nbsp&#038;nbsp <a href=\"\/image\/k_clankum\/kral_cyklistiky_07\/kral_cyklistiky_2007 11.jpg\" width=\"495\" height=\"330\"> <img decoding=\"async\" src=\"\/image\/k_clankum\/kral_cyklistiky_07\/kral_cyklistiky_2007 11_thumb.jpg\" alt=\"JI\u0158\u00cd BOU\u0160KA S P\u0158\u00cdTELKYN\u00cd JANOU, SO\u0147A A JI\u0158\u00cd JE\u017dKOVI\"><\/a>&#038;nbsp&#038;nbsp <a href=\"\/image\/k_clankum\/kral_cyklistiky_07\/kral_cyklistiky_2007 12.jpg\" width=\"495\" height=\"330\"> <img decoding=\"async\" src=\"\/image\/k_clankum\/kral_cyklistiky_07\/kral_cyklistiky_2007 12_thumb.jpg\" alt=\"DOB\u0158E SE BAV\u00cdC\u00cd DVOJICE ZAPLETAL - JE\u017dEK\"><\/a>&#038;nbsp&#038;nbsp <\/p>\n<p> <a href=\"\/image\/k_clankum\/kral_cyklistiky_07\/kral_cyklistiky_2007 18.jpg\" width=\"495\" height=\"742\"> <img decoding=\"async\" src=\"\/image\/k_clankum\/kral_cyklistiky_07\/kral_cyklistiky_2007 18_thumb.jpg\" alt=\" NA P\u00d3DIU SE I Z\u00c1VODILO \u2013 START Z\u00c1VODU BMX \"><\/a>&#038;nbsp&#038;nbsp <a href=\"\/image\/k_clankum\/kral_cyklistiky_07\/kral_cyklistiky_2007 19.jpg\" width=\"495\" height=\"742\"> <img decoding=\"async\" src=\"\/image\/k_clankum\/kral_cyklistiky_07\/kral_cyklistiky_2007 19_thumb.jpg\"><\/a>&#038;nbsp&#038;nbsp <a href=\"\/image\/k_clankum\/kral_cyklistiky_07\/kral_cyklistiky_2007 20.jpg\" width=\"495\" height=\"742\"> <img decoding=\"async\" src=\"\/image\/k_clankum\/kral_cyklistiky_07\/kral_cyklistiky_2007 20_thumb.jpg\" alt=\"JI\u0158\u00cd JE\u017dEK S NOVIN\u00c1\u0158I\"><\/a>&#038;nbsp&#038;nbsp <\/p>\n<p> <a href=\"\/image\/k_clankum\/kral_cyklistiky_07\/kral_cyklistiky_2007 21.jpg\" width=\"495\" height=\"742\"> <img decoding=\"async\" src=\"\/image\/k_clankum\/kral_cyklistiky_07\/kral_cyklistiky_2007 21_thumb.jpg\" alt=\"MAN\u017dEL\u00c9 JE\u017dKOVI\"><\/a>&#038;nbsp&#038;nbsp <a href=\"\/image\/k_clankum\/kral_cyklistiky_07\/kral_cyklistiky_2007 22.jpg\" width=\"495\" height=\"742\"> <img decoding=\"async\" src=\"\/image\/k_clankum\/kral_cyklistiky_07\/kral_cyklistiky_2007 22_thumb.jpg\" alt=\"PODLE PLAK\u00c1TU M\u011aL DOPROV\u00c1ZET VYHL\u00c1\u0160EN\u00cd BOHAT\u00dd DOPROVODN\u00dd PROGRAM, VYSTOUPEN\u00cd ZP\u011aV\u00c1K\u016e, UM\u011aLC\u016e A CELEBRIT &#61514;\"><\/a>&#038;nbsp&#038;nbsp <a href=\"\/image\/k_clankum\/kral_cyklistiky_07\/kral_cyklistiky_2007 23.jpg\" width=\"495\" height=\"743\"> <img decoding=\"async\" src=\"\/image\/k_clankum\/kral_cyklistiky_07\/kral_cyklistiky_2007 23_thumb.jpg\" alt=\"VIKTOR ZAPLETAL\"><\/a>&#038;nbsp&#038;nbsp <\/p>\n","protected":false},"excerpt":{"rendered":"<a href=\"https:\/\/www.caths.cz\/wordpress\/jiri-jezek-vyhlasen-nejlepsim-handicapovanym-cyklistou-letosni-sezony\/\"><img loading=\"lazy\" decoding=\"async\" width=\"100\" height=\"100\" src=\"https:\/\/www.caths.cz\/wordpress\/wp-content\/plugins\/thumbnail-for-excerpts\/tfe_no_thumb.png\" class=\"alignleft wp-post-image tfe\" alt=\"\" title=\"\" \/><\/a><p>V pra\u017esk\u00e9m Kongresov\u00e9m centru byly v\u010dera vyhl\u00e1\u0161eny v\u00fdsledky ji\u017e 43. ro\u010dn\u00edku ankety Kr\u00e1l cyklistiky. Celkov\u00fdm v\u00edt\u011bzem ankety se stal dr\u00e1hov\u00fd mistr sv\u011bta Alois Ka\u0148kovsk\u00fd, mezi handicapovan\u00fdmi cyklisty zv\u00edt\u011bzil podle o\u010dek\u00e1v\u00e1n\u00ed [&hellip;]<\/p>\n","protected":false},"author":1,"featured_media":0,"comment_status":"closed","ping_status":"closed","sticky":false,"template":"","format":"standard","meta":{"ngg_post_thumbnail":0,"footnotes":""},"categories":[2],"tags":[],"class_list":["post-512","post","type-post","status-publish","format-standard","hentry","category-cyklistika"],"_links":{"self":[{"href":"https:\/\/www.caths.cz\/wordpress\/wp-json\/wp\/v2\/posts\/512","targetHints":{"allow":["GET"]}}],"collection":[{"href":"https:\/\/www.caths.cz\/wordpress\/wp-json\/wp\/v2\/posts"}],"about":[{"href":"https:\/\/www.caths.cz\/wordpress\/wp-json\/wp\/v2\/types\/post"}],"author":[{"embeddable":true,"href":"https:\/\/www.caths.cz\/wordpress\/wp-json\/wp\/v2\/users\/1"}],"replies":[{"embeddable":true,"href":"https:\/\/www.caths.cz\/wordpress\/wp-json\/wp\/v2\/comments?post=512"}],"version-history":[{"count":0,"href":"https:\/\/www.caths.cz\/wordpress\/wp-json\/wp\/v2\/posts\/512\/revisions"}],"wp:attachment":[{"href":"https:\/\/www.caths.cz\/wordpress\/wp-json\/wp\/v2\/media?parent=512"}],"wp:term":[{"taxonomy":"category","embeddable":true,"href":"https:\/\/www.caths.cz\/wordpress\/wp-json\/wp\/v2\/categories?post=512"},{"taxonomy":"post_tag","embeddable":true,"href":"https:\/\/www.caths.cz\/wordpress\/wp-json\/wp\/v2\/tags?post=512"}],"curies":[{"name":"wp","href":"https:\/\/api.w.org\/{rel}","templated":true}]}}