{"id":508,"date":"2007-11-24T17:45:18","date_gmt":"2007-11-24T16:45:18","guid":{"rendered":"http:\/\/www.caths.cz\/wordpress\/?p=508"},"modified":"2007-11-24T17:45:18","modified_gmt":"2007-11-24T16:45:18","slug":"netradicni-reportaz-z-cyklisticke-sezony-2007","status":"publish","type":"post","link":"https:\/\/www.caths.cz\/wordpress\/netradicni-reportaz-z-cyklisticke-sezony-2007\/","title":{"rendered":"Netradi\u010dn\u00ed report\u00e1\u017e z cyklistick\u00e9 sez\u00f3ny 2007"},"content":{"rendered":"<p align=\"justify\">Trochu netradi\u010dn\u00ed pohled na leto\u0161n\u00ed sez\u00f3nu cyklistick\u00e9 reprezentace. Tyhle fotky asi norm\u00e1ln\u011b v report\u00e1\u017e\u00edch neuvid\u00edte&#8230;<\/p>\n<p align=\"justify\">Soust\u0159ed\u011bn\u00ed na Kypru: Dole u mo\u0159e sv\u00edt\u00ed slunce a je kolem 25 stup\u0148\u016f, po dvou hodin\u00e1ch jste na kole ve 2000m nad mo\u0159em a tam je sn\u00edh, 5 stup\u0148\u016f a bobuj\u00edc\u00ed turist\u00e9!<br \/> Mimochodem, tam za t\u00edm plotem s ostnat\u00fdm dr\u00e1tem je prostor, kde je um\u00edst\u011bn radar NATO&#8230;plat\u00ed zde samoz\u0159ejm\u011b p\u0159\u00edsn\u00fd z\u00e1kaz focen\u00ed&#8230;.omlouv\u00e1me se. <br \/> <img decoding=\"async\" src=\"\/wordpress\/image\/k_clankum\/cyklorok\/c7.jpg\" width=\"480\"height=\"360\" ><\/p>\n<p> Pokud jste cyklista, dost \u010dasto si p\u0159ipad\u00e1te jako st\u011bhov\u00e1k&#8230; Takto \u010dek\u00e1 \u010d\u00e1st na\u0161eho n\u00e1kladu na odbaven\u00ed v leti\u0161tn\u00ed hale. <br \/> <img decoding=\"async\" src=\"\/wordpress\/image\/k_clankum\/cyklorok\/c9.jpg\" width=\"480\"height=\"360\" ><\/p>\n<p> Speci\u00e1ln\u00ed v\u00fd\u017eiva handbiker\u016f? P\u0159ece gul\u00e1\u0161ek! <br \/> <img decoding=\"async\" src=\"\/wordpress\/image\/k_clankum\/cyklorok\/c6.jpg\" width=\"480\"height=\"360\" ><\/p>\n<p> Letm\u00fd pohled na balk\u00f3n na\u0161ich reprezentant\u016f b\u011bhem soust\u0159ed\u011bn\u00ed na Kypru. <br \/> <img decoding=\"async\" src=\"\/wordpress\/image\/k_clankum\/cyklorok\/c8.jpg\" width=\"480\"height=\"640\" ><\/p>\n<p>Parta Hic <br \/> <img decoding=\"async\" src=\"\/wordpress\/image\/k_clankum\/cyklorok\/c23.jpg\" width=\"480\"height=\"360\" ><\/p>\n<p> Takhle to vypad\u00e1, kdy\u017e do Dominik\u00e1nsk\u00e9 republiky p\u0159ijede mistr sv\u011bta v cyklistice &#8211; Ji\u0159\u00ed Je\u017eek p\u0159i Vuelta Dominicana 2007 <br \/> <img decoding=\"async\" src=\"\/wordpress\/image\/k_clankum\/cyklorok\/c28.jpg\" width=\"480\"height=\"419\" ><\/p>\n<p> Neber \u00faplatky&#8230; <br \/> <img decoding=\"async\" src=\"\/wordpress\/image\/k_clankum\/cyklorok\/c19.jpg\" width=\"480\"height=\"360\" ><\/p>\n<p> Vynikaj\u00edc\u00ed informa\u010dn\u00ed syst\u00e9m pro sportovce &#8211; Montreal, Defi Sportif <br \/> <img decoding=\"async\" src=\"\/wordpress\/image\/k_clankum\/cyklorok\/c14.jpg\" width=\"480\"height=\"640\" ><\/p>\n<p> Tenhle borec je Kana\u010fan, bydl\u00ed v no\u0159e n\u00e1 okruhu F1 v Montrealu, je velk\u00fdm fanou\u0161kem sportu a ochotn\u011b se nechal fotit. \u0158\u00edkali jsme mu &#8222;Bobr&#8220;. <br \/> <img decoding=\"async\" src=\"\/wordpress\/image\/k_clankum\/cyklorok\/c13.jpg\" width=\"480\"height=\"360\" ><\/p>\n<p> V\u011b\u0159te nebo ne, tenhle 16 let\u00fd Ameri\u010dan nem\u00e1 ruce ani nohy. P\u0159esto jezd\u00ed perfektn\u011b na norm\u00e1ln\u00edm kole, jeho vzorem je n\u00e1\u0161 Jirka Je\u017eek a cht\u011bl by se st\u00e1t mistrem sv\u011bta, jako on. Moc mu fand\u00edme! <br \/> <img decoding=\"async\" src=\"\/wordpress\/image\/k_clankum\/cyklorok\/c15.jpg\" width=\"480\"height=\"360\" ><\/p>\n<p> Copak to vezete, p\u00e1nov\u00e9?! <br \/> <img decoding=\"async\" src=\"\/wordpress\/image\/k_clankum\/cyklorok\/c25.jpg\" width=\"480\"height=\"360\" ><\/p>\n<p> <img decoding=\"async\" src=\"\/wordpress\/image\/k_clankum\/cyklorok\/c26.jpg\" width=\"480\"height=\"360\" ><\/p>\n<p> B\u011bhem p\u011bti m\u011bs\u00edc\u016f jsme s reprezentac\u00ed najeli t\u00e9m\u011b\u0159 20 000km. Nen\u00ed tedy divu, \u017ee se na n\u011bmeck\u00fdch d\u00e1lnic\u00edch sna\u017e\u00edme z na\u0161eho Transport\u00e9ra Emila vy\u017ed\u00edmat co se d\u00e1.. <br \/> <img decoding=\"async\" src=\"\/wordpress\/image\/k_clankum\/cyklorok\/c12.jpg\" width=\"480\"height=\"360\" ><\/p>\n<p> Dlouholet\u00fd reprezentant a nyn\u00ed i tren\u00e9r ml\u00e1de\u017ee Petr Kocman cestou z EP v Corr\u00e9ze <br \/> <img decoding=\"async\" src=\"\/wordpress\/image\/k_clankum\/cyklorok\/c10.jpg\" width=\"480\"height=\"360\" ><\/p>\n<p> \u010cesk\u00e9 depo p\u0159i z\u00e1vodech Evropsk\u00e9ho poh\u00e1ru <br \/> <img decoding=\"async\" src=\"\/wordpress\/image\/k_clankum\/cyklorok\/c33.jpg\" width=\"480\"height=\"360\" ><\/p>\n<p>U handbiker\u016f je prost\u011b pohoda<br \/> <img decoding=\"async\" src=\"\/wordpress\/image\/k_clankum\/cyklorok\/c32.jpg\" width=\"480\"height=\"360\" ><\/p>\n<p> Kvasni\u010dka otec, Kvasni\u010dka syn <br \/> <img decoding=\"async\" src=\"\/wordpress\/image\/k_clankum\/cyklorok\/c30.jpg\" width=\"480\"height=\"360\" ><\/p>\n<p> Norm\u00e1ln\u00ed ve\u010de\u0159e b\u011bhem MS v Bordeaux &#8211; na stole \u017e\u00e1dn\u00e9 j\u00eddlo, jen \u0161ampa\u0148sk\u00e9. (admin Vjera, mechanik Ji\u0159\u00ed Chyba, Ji\u0159\u00ed Kalousek, Radim Pavl\u00edk a vedouc\u00ed v\u00fdpravy Petr Kroupa) <br \/> <img decoding=\"async\" src=\"\/wordpress\/image\/k_clankum\/cyklorok\/c1.jpg\" width=\"480\"height=\"321\" ><\/p>\n<p> Slav\u00edme titul mistra sv\u011bta! <br \/> <img decoding=\"async\" src=\"\/wordpress\/image\/k_clankum\/cyklorok\/c21.jpg\" width=\"480\"height=\"719\" ><\/p>\n<p> Na chro chro <br \/> <img decoding=\"async\" src=\"\/wordpress\/image\/k_clankum\/cyklorok\/c18.jpg\" width=\"480\"height=\"360\" ><\/p>\n<p> Prosl\u00fdch\u00e1 se, \u017ee nejnov\u011bj\u0161\u00ed discipl\u00ednou, kterou se IPC chyst\u00e1 za\u0159adit do programu letn\u00ed paralympi\u00e1dy, bude paranohejbal. Ji\u017e piln\u011b tr\u00e9nujeme&#8230; <br \/> <img decoding=\"async\" src=\"\/wordpress\/image\/k_clankum\/cyklorok\/c20.jpg\" width=\"480\"height=\"321\" ><\/p>\n<p> Mus\u00edme je v\u0161echny zlikvidovat, jo?! <br \/> <img decoding=\"async\" src=\"\/wordpress\/image\/k_clankum\/cyklorok\/c16.jpg\" width=\"480\"height=\"360\" ><\/p>\n<p> Po v\u00edt\u011bzstv\u00ed nad \u0160pan\u011blskem m\u00e1me bronz z team sprintu! <br \/> <img decoding=\"async\" src=\"\/wordpress\/image\/k_clankum\/cyklorok\/c3.jpg\" width=\"480\"height=\"320\" ><\/p>\n<p>To jsem se ale p\u011bkn\u011b vyspinkal<br \/> <img decoding=\"async\" src=\"\/wordpress\/image\/k_clankum\/cyklorok\/c31.jpg\" width=\"480\"height=\"360\" ><\/p>\n<p> \u010cesk\u00e9 z\u00e1ti\u0161\u00ed na velodromu v Bordeaux <img decoding=\"async\" src=\"\/wordpress\/image\/k_clankum\/cyklorok\/c2.jpg\" width=\"480\"height=\"320\" ><\/p>\n<p> Tren\u00e9r Zapletal p\u0159in\u00e1\u0161\u00ed do p\u0159\u00edpravy sv\u00fdch sv\u011b\u0159enc\u016f st\u00e1le nov\u00e9 progresivn\u00ed prvky, jako t\u0159eba&#8230;. j\u00f3gu \ud83d\ude42 Takhle to vypad\u00e1, kdy\u017e na dr\u00e1ze nefunguje startovac\u00ed za\u0159\u00edzen\u00ed. Na fotce \u010dekaj\u00edc\u00ed Radim Pavl\u00edk a t\u00e9m\u011b\u0159 cel\u00fd realiza\u010dn\u00ed t\u00fdm reprezentace. <br \/> <img decoding=\"async\" src=\"\/wordpress\/image\/k_clankum\/cyklorok\/c4.jpg\" width=\"480\"height=\"320\" ><\/p>\n<p> Mana\u017eerka reprezentace So\u0148a Je\u017ekov\u00e1 se \u0159\u00edt\u00ed po velodromu na T\u0159ebe\u0161\u00edn\u011b 70 km\/hod, Ji\u0159\u00ed Je\u017eek za n\u00ed v pln\u00e9m tahu a tren\u00e9r to m\u011b\u0159\u00ed. Takov\u00fd norm\u00e1ln\u00ed tr\u00e9ning p\u0159ed MS. <br \/> <img decoding=\"async\" src=\"\/wordpress\/image\/k_clankum\/cyklorok\/c29.jpg\" width=\"480\"height=\"320\" ><\/p>\n<p> Marcel Pipek p\u0159i z\u00e1t\u011b\u017eov\u00fdch testech <br \/> <img decoding=\"async\" src=\"\/wordpress\/image\/k_clankum\/cyklorok\/c34.jpg\" width=\"480\"height=\"320\" ><\/p>\n<p> P\u0159echod pro voz\u00ed\u010dk\u00e1\u0159e <br \/> <img decoding=\"async\" src=\"\/wordpress\/image\/k_clankum\/cyklorok\/c24.jpg\" width=\"480\"height=\"360\" ><\/p>\n<p> Handbike\u0159i s Danou Z\u00e1topkovou <br \/> <img decoding=\"async\" src=\"\/wordpress\/image\/k_clankum\/cyklorok\/c27.jpg\" width=\"480\"height=\"360\" ><\/p>\n<p> Hlavn\u011b to mus\u00edte dob\u0159e prom\u00edchat.. <br \/> <img decoding=\"async\" src=\"\/wordpress\/image\/k_clankum\/cyklorok\/c17.jpg\" width=\"480\"height=\"360\" ><\/p>\n<p> Tady snad koment\u00e1\u0159 nen\u00ed t\u0159eba <br \/> <img decoding=\"async\" src=\"\/wordpress\/image\/k_clankum\/cyklorok\/c22.jpg\" width=\"480\"height=\"360\" ><\/p>\n","protected":false},"excerpt":{"rendered":"<a href=\"https:\/\/www.caths.cz\/wordpress\/netradicni-reportaz-z-cyklisticke-sezony-2007\/\"><img loading=\"lazy\" decoding=\"async\" width=\"100\" height=\"100\" src=\"https:\/\/www.caths.cz\/wordpress\/wp-content\/plugins\/thumbnail-for-excerpts\/tfe_no_thumb.png\" class=\"alignleft wp-post-image tfe\" alt=\"\" title=\"\" \/><\/a><p>Trochu netradi\u010dn\u00ed pohled na leto\u0161n\u00ed sez\u00f3nu cyklistick\u00e9 reprezentace. Tyhle fotky asi norm\u00e1ln\u011b v report\u00e1\u017e\u00edch neuvid\u00edte&#8230; Soust\u0159ed\u011bn\u00ed na Kypru: Dole u mo\u0159e sv\u00edt\u00ed slunce a je kolem 25 stup\u0148\u016f, po dvou [&hellip;]<\/p>\n","protected":false},"author":1,"featured_media":0,"comment_status":"closed","ping_status":"closed","sticky":false,"template":"","format":"standard","meta":{"ngg_post_thumbnail":0,"footnotes":""},"categories":[2],"tags":[],"class_list":["post-508","post","type-post","status-publish","format-standard","hentry","category-cyklistika"],"_links":{"self":[{"href":"https:\/\/www.caths.cz\/wordpress\/wp-json\/wp\/v2\/posts\/508","targetHints":{"allow":["GET"]}}],"collection":[{"href":"https:\/\/www.caths.cz\/wordpress\/wp-json\/wp\/v2\/posts"}],"about":[{"href":"https:\/\/www.caths.cz\/wordpress\/wp-json\/wp\/v2\/types\/post"}],"author":[{"embeddable":true,"href":"https:\/\/www.caths.cz\/wordpress\/wp-json\/wp\/v2\/users\/1"}],"replies":[{"embeddable":true,"href":"https:\/\/www.caths.cz\/wordpress\/wp-json\/wp\/v2\/comments?post=508"}],"version-history":[{"count":0,"href":"https:\/\/www.caths.cz\/wordpress\/wp-json\/wp\/v2\/posts\/508\/revisions"}],"wp:attachment":[{"href":"https:\/\/www.caths.cz\/wordpress\/wp-json\/wp\/v2\/media?parent=508"}],"wp:term":[{"taxonomy":"category","embeddable":true,"href":"https:\/\/www.caths.cz\/wordpress\/wp-json\/wp\/v2\/categories?post=508"},{"taxonomy":"post_tag","embeddable":true,"href":"https:\/\/www.caths.cz\/wordpress\/wp-json\/wp\/v2\/tags?post=508"}],"curies":[{"name":"wp","href":"https:\/\/api.w.org\/{rel}","templated":true}]}}