{"id":503,"date":"2007-11-13T06:43:48","date_gmt":"2007-11-13T05:43:48","guid":{"rendered":"http:\/\/www.caths.cz\/wordpress\/?p=503"},"modified":"2007-11-13T06:43:48","modified_gmt":"2007-11-13T05:43:48","slug":"po-treninku-ma-jirka-jezek-na-nose-pet-stehu-a-zlomene-zebro","status":"publish","type":"post","link":"https:\/\/www.caths.cz\/wordpress\/po-treninku-ma-jirka-jezek-na-nose-pet-stehu-a-zlomene-zebro\/","title":{"rendered":"Po tr\u00e9ninku m\u00e1 Jirka Je\u017eek na nose p\u011bt steh\u016f a zlomen\u00e9 \u017eebro&#8230;"},"content":{"rendered":"<p align=\"justify\">Po hroziv\u011b vypadaj\u00edc\u00edm p\u00e1du, p\u0159i tr\u00e9ninku na motolsk\u00e9 dr\u00e1ze, kdy do \u010dtve\u0159ice tr\u00e9nuj\u00edc\u00edch reprezentant\u016f (Bou\u0161ka, Kocman, Pavl\u00edk a Je\u017eek) najel mal\u00fd \u017e\u00e1\u010dek, m\u00e1 trojn\u00e1sobn\u00fd mistr sv\u011bta a trojn\u00e1sobn\u00fd paralympijsk\u00fd v\u00edt\u011bz Jirka Je\u017eek zlomen\u00e9 \u017eebro, na nose p\u011bt steh\u016f a velk\u00e9 od\u0159eniny po cel\u00e9m t\u011ble.\n<\/p>\n<p align=\"justify\">Druh\u00fdm cyklistou, kter\u00e9ho se p\u00e1d nejv\u00edce \u201edotknul\u201c je dal\u0161\u00ed mistr sv\u011bta &#8211; Jirka Bou\u0161ka. Ten na\u0161t\u011bst\u00ed nem\u00e1 nic zlomen\u00e9ho, pouze m\u00e1 od\u0159eniny na cel\u00e9m t\u011ble. Jirka Je\u017eek komentoval celou ud\u00e1lost po sv\u00e9m: \u201eBlb\u00fd je, \u017ee se te\u010f s t\u00edm zlomen\u00fdm \u017eebrem nem\u016f\u017eu moc sm\u00e1t&#8230;\u201c Reprezenta\u010dn\u00ed l\u00e9ka\u0159i Dr. Kryl a Doc. Dr. \u0160tul\u00edk odhaduj\u00ed l\u00e9\u010den\u00ed zran\u011bn\u00ed v tomto rozsahu na 6 t\u00fddn\u016f. <\/p>\n<p> <img loading=\"lazy\" decoding=\"async\" src=\"\/wordpress\/image\/k_clankum\/jirka_spadnul1.jpg\" alt=\"Od\u0159en\u00e1 z\u00e1da\" width=\"480\" height=\"270\" \/><\/p>\n<p> <img loading=\"lazy\" decoding=\"async\" src=\"\/wordpress\/image\/k_clankum\/jirka_spadnul2.jpg\" alt=\"Odnesl to nos\" width=\"300\" height=\"401\" \/><\/p>\n","protected":false},"excerpt":{"rendered":"<a href=\"https:\/\/www.caths.cz\/wordpress\/po-treninku-ma-jirka-jezek-na-nose-pet-stehu-a-zlomene-zebro\/\"><img loading=\"lazy\" decoding=\"async\" width=\"100\" height=\"100\" src=\"https:\/\/www.caths.cz\/wordpress\/wp-content\/plugins\/thumbnail-for-excerpts\/tfe_no_thumb.png\" class=\"alignleft wp-post-image tfe\" alt=\"\" title=\"\" \/><\/a><p>Po hroziv\u011b vypadaj\u00edc\u00edm p\u00e1du, p\u0159i tr\u00e9ninku na motolsk\u00e9 dr\u00e1ze, kdy do \u010dtve\u0159ice tr\u00e9nuj\u00edc\u00edch reprezentant\u016f (Bou\u0161ka, Kocman, Pavl\u00edk a Je\u017eek) najel mal\u00fd \u017e\u00e1\u010dek, m\u00e1 trojn\u00e1sobn\u00fd mistr sv\u011bta a trojn\u00e1sobn\u00fd paralympijsk\u00fd v\u00edt\u011bz [&hellip;]<\/p>\n","protected":false},"author":1,"featured_media":0,"comment_status":"closed","ping_status":"closed","sticky":false,"template":"","format":"standard","meta":{"ngg_post_thumbnail":0,"footnotes":""},"categories":[2],"tags":[],"class_list":["post-503","post","type-post","status-publish","format-standard","hentry","category-cyklistika"],"_links":{"self":[{"href":"https:\/\/www.caths.cz\/wordpress\/wp-json\/wp\/v2\/posts\/503","targetHints":{"allow":["GET"]}}],"collection":[{"href":"https:\/\/www.caths.cz\/wordpress\/wp-json\/wp\/v2\/posts"}],"about":[{"href":"https:\/\/www.caths.cz\/wordpress\/wp-json\/wp\/v2\/types\/post"}],"author":[{"embeddable":true,"href":"https:\/\/www.caths.cz\/wordpress\/wp-json\/wp\/v2\/users\/1"}],"replies":[{"embeddable":true,"href":"https:\/\/www.caths.cz\/wordpress\/wp-json\/wp\/v2\/comments?post=503"}],"version-history":[{"count":0,"href":"https:\/\/www.caths.cz\/wordpress\/wp-json\/wp\/v2\/posts\/503\/revisions"}],"wp:attachment":[{"href":"https:\/\/www.caths.cz\/wordpress\/wp-json\/wp\/v2\/media?parent=503"}],"wp:term":[{"taxonomy":"category","embeddable":true,"href":"https:\/\/www.caths.cz\/wordpress\/wp-json\/wp\/v2\/categories?post=503"},{"taxonomy":"post_tag","embeddable":true,"href":"https:\/\/www.caths.cz\/wordpress\/wp-json\/wp\/v2\/tags?post=503"}],"curies":[{"name":"wp","href":"https:\/\/api.w.org\/{rel}","templated":true}]}}