{"id":500,"date":"2007-11-06T11:10:55","date_gmt":"2007-11-06T10:10:55","guid":{"rendered":"http:\/\/www.caths.cz\/wordpress\/?p=500"},"modified":"2007-11-06T11:10:55","modified_gmt":"2007-11-06T10:10:55","slug":"jiri-jezek-obdrzi-cenu-za-dlouholety-prinos-pro-cyklistiku-z-rukou-vicepremiera-a-ministra-zivotniho-prostredi-martina-bursika","status":"publish","type":"post","link":"https:\/\/www.caths.cz\/wordpress\/jiri-jezek-obdrzi-cenu-za-dlouholety-prinos-pro-cyklistiku-z-rukou-vicepremiera-a-ministra-zivotniho-prostredi-martina-bursika\/","title":{"rendered":"Ji\u0159\u00ed Je\u017eek obdr\u017e\u00ed cenu za dlouholet\u00fd p\u0159\u00ednos pro cyklistiku z rukou vicepremi\u00e9ra a ministra \u017eivotn\u00edho prost\u0159ed\u00ed Martina Burs\u00edka"},"content":{"rendered":"<p align=\"justify\">\u201eTradi\u010dn\u00ed podzimn\u00ed sportovn\u00ed v\u00fdstava Sport-Life a Bike Brno, kter\u00e1 se kon\u00e1 8.-11.11.2007 v are\u00e1lu brn\u011bnsk\u00e9ho v\u00fdstavi\u0161t\u011b, je ka\u017edoro\u010dn\u00edm p\u0159estaven\u00edm nejv\u00fdznam\u011bj\u0161\u00edch sportovn\u00edch v\u00fdrobc\u016f a prodejc\u016f a jejich \u201ehork\u00fdch novinek\u201c pro nadch\u00e1zej\u00edc\u00ed sez\u00f3nu, ale i mo\u017enost\u00ed bl\u00ed\u017ee se sezn\u00e1mit s nej\u00fasp\u011b\u0161n\u011bj\u0161\u00edmi sportovci p\u0159i r\u016fzn\u00fdch autogrami\u00e1d\u00e1ch a doprovodn\u00fdch akc\u00edch v\u00fdstavy. Tak\u00e9 n\u00e1\u0161 nej\u00fasp\u011b\u0161n\u011bj\u0161\u00ed hendikepovan\u00fd cyklista Ji\u0159\u00ed Je\u017eek pat\u0159\u00ed op\u011bt k osobnostem veletrhu. M\u016f\u017eete se s n\u00edm setkat nejen p\u0159i r\u016fzn\u00fdch rozhovorech na p\u00f3diu s moder\u00e1torem cyklistick\u00e9 show Robertem Bakal\u00e1\u0159em (pavilon G2) , ale i p\u0159i autogrami\u00e1d\u00e1ch na st\u00e1nku firmy DURATEC (pavilon G2) \u010di NUTREND (pavilon A2, st\u00e1nek 011, sobota v 11:00). Jirka se i se sv\u00fdm tren\u00e9rem Viktorem Zapletalem aktivn\u011b z\u00fa\u010dastn\u00ed i Rajec Spinning Ride (t\u0159\u00edhodinov\u00e9ho spinningov\u00e9ho maratonu v p\u00e1tek 14:00-17:00 Pavilon Brno), jeho\u017e v\u00fdt\u011b\u017eek p\u016fjde na podporu Konta Bari\u00e9ry. Ji\u017e ve \u010dtvrtek v\u0161ak Jirka obdr\u017e\u00ed v r\u00e1mci odborn\u00e9 \u201eBike konference\u201c ocen\u011bn\u00ed za dlouhodob\u00fd p\u0159\u00ednos pro cyklistiku z rukou vicepremi\u00e9ra a ministra \u017eivotn\u00edho prost\u0159ed\u00ed Martina Burs\u00edka. <\/p>\n<p>Sport-Life a Bike Brno je velkou sportovn\u00ed pod\u00edvanou, kter\u00e1 stoj\u00ed za n\u00e1v\u0161t\u011bvu. V\u00edce informac\u00ed na <a href = \"http:\/\/www.bvv.cz\/sport-life\" target=\"_blank\">http:\/\/www.bvv.cz\/sport-life<\/a> <\/p>\n<p><img decoding=\"async\" src=\"\/wordpress\/image\/k_clankum\/bvv2.jpg\"><\/p>\n<p><img decoding=\"async\" src=\"\/wordpress\/image\/k_clankum\/sportlife_velka_2006.jpg\"><\/p>\n","protected":false},"excerpt":{"rendered":"<a href=\"https:\/\/www.caths.cz\/wordpress\/jiri-jezek-obdrzi-cenu-za-dlouholety-prinos-pro-cyklistiku-z-rukou-vicepremiera-a-ministra-zivotniho-prostredi-martina-bursika\/\"><img loading=\"lazy\" decoding=\"async\" width=\"100\" height=\"100\" src=\"https:\/\/www.caths.cz\/wordpress\/wp-content\/plugins\/thumbnail-for-excerpts\/tfe_no_thumb.png\" class=\"alignleft wp-post-image tfe\" alt=\"\" title=\"\" \/><\/a><p>\u201eTradi\u010dn\u00ed podzimn\u00ed sportovn\u00ed v\u00fdstava Sport-Life a Bike Brno, kter\u00e1 se kon\u00e1 8.-11.11.2007 v are\u00e1lu brn\u011bnsk\u00e9ho v\u00fdstavi\u0161t\u011b, je ka\u017edoro\u010dn\u00edm p\u0159estaven\u00edm nejv\u00fdznam\u011bj\u0161\u00edch sportovn\u00edch v\u00fdrobc\u016f a prodejc\u016f a jejich \u201ehork\u00fdch novinek\u201c pro nadch\u00e1zej\u00edc\u00ed [&hellip;]<\/p>\n","protected":false},"author":1,"featured_media":0,"comment_status":"closed","ping_status":"closed","sticky":false,"template":"","format":"standard","meta":{"ngg_post_thumbnail":0,"footnotes":""},"categories":[1],"tags":[],"class_list":["post-500","post","type-post","status-publish","format-standard","hentry","category-nezarazene"],"_links":{"self":[{"href":"https:\/\/www.caths.cz\/wordpress\/wp-json\/wp\/v2\/posts\/500","targetHints":{"allow":["GET"]}}],"collection":[{"href":"https:\/\/www.caths.cz\/wordpress\/wp-json\/wp\/v2\/posts"}],"about":[{"href":"https:\/\/www.caths.cz\/wordpress\/wp-json\/wp\/v2\/types\/post"}],"author":[{"embeddable":true,"href":"https:\/\/www.caths.cz\/wordpress\/wp-json\/wp\/v2\/users\/1"}],"replies":[{"embeddable":true,"href":"https:\/\/www.caths.cz\/wordpress\/wp-json\/wp\/v2\/comments?post=500"}],"version-history":[{"count":0,"href":"https:\/\/www.caths.cz\/wordpress\/wp-json\/wp\/v2\/posts\/500\/revisions"}],"wp:attachment":[{"href":"https:\/\/www.caths.cz\/wordpress\/wp-json\/wp\/v2\/media?parent=500"}],"wp:term":[{"taxonomy":"category","embeddable":true,"href":"https:\/\/www.caths.cz\/wordpress\/wp-json\/wp\/v2\/categories?post=500"},{"taxonomy":"post_tag","embeddable":true,"href":"https:\/\/www.caths.cz\/wordpress\/wp-json\/wp\/v2\/tags?post=500"}],"curies":[{"name":"wp","href":"https:\/\/api.w.org\/{rel}","templated":true}]}}